{"id":4168,"date":"2025-06-03T11:46:06","date_gmt":"2025-06-03T09:46:06","guid":{"rendered":"https:\/\/www.fredonoccitanie.com\/eesh\/?p=4168"},"modified":"2025-06-19T13:58:58","modified_gmt":"2025-06-19T11:58:58","slug":"retex-journee-technique-sur-les-plantes-messicoles","status":"publish","type":"post","link":"https:\/\/www.fredonoccitanie.com\/eesh\/2025\/06\/03\/retex-journee-technique-sur-les-plantes-messicoles\/","title":{"rendered":"[RETEX] Journ\u00e9e technique sur les plantes messicoles*"},"content":{"rendered":"<p>Le 27 mai \u00e0 Lalbenque (46) et le 28 mai \u00e0 Vindrac Alayrac (81), Marie-Pierre Larr\u00e9, charg\u00e9e de mission EESH est intervenue en co-animation avec l<a href=\"https:\/\/www.adasea32.fr\/\" target=\"_blank\">\u2019ADASEA du Gers<\/a> et le Conservatoire Botanique des Pyr\u00e9n\u00e9es et de Midi-Pyr\u00e9n\u00e9es.<\/p>\n<p>Ces 2 demi-journ\u00e9es techniques \u00e9taient consacr\u00e9es au contrat concernant les Mesures AgroEnvironnementales et Climatiques (MAEC) Messicoles. L\u2019intervention de FREDON portait sur la gestion de l\u2019ambroisie dans un contexte de parcelles destin\u00e9es \u00e0 favoriser les plantes messicoles :<strong> comment mettre en place les pistes de lutte contre l\u2019ambroisie \u00e0 feuilles d\u2019armoise, tout en prot\u00e9geant le cycle des messicoles ?<\/strong><\/p>\n<p>&nbsp;<\/p>\n<p>*Plante messicole: <a href=\"https:\/\/www.tela-botanica.org\/thematiques\/les-plantes-messicoles\/\"target=\"_blank\"><strong>Messicole<\/strong><\/a> d\u00e9signe \u00e9tymologiquement les plantes \u00ab habitant les moissons \u00bb. Ces plantes ont donc la particularit\u00e9 de vivre de fa\u00e7on stricte ou pr\u00e9f\u00e9rentielle dans les cultures qu\u2019elles accompagnent depuis plusieurs si\u00e8cles <a href=\"https:\/\/www.tela-botanica.org\/thematiques\/les-plantes-messicoles\/\"target=\"_blank\">(Source Tela Botanica).<\/a><\/p>\n","protected":false},"excerpt":{"rendered":"<p>Le 27 mai \u00e0 Lalbenque (46) et le 28 mai \u00e0 Vindrac Alayrac (81), Marie-Pierre Larr\u00e9, charg\u00e9e de mission EESH est intervenue en co-animation avec l\u2019ADASEA du Gers et le Conservatoire Botanique des Pyr\u00e9n\u00e9es et de Midi-Pyr\u00e9n\u00e9es. Ces 2 demi-journ\u00e9es techniques \u00e9taient consacr\u00e9es au contrat concernant les Mesures AgroEnvironnementales et Climatiques (MAEC) Messicoles. L\u2019intervention de [&hellip;]<\/p>\n","protected":false},"author":5,"featured_media":4076,"comment_status":"closed","ping_status":"closed","sticky":false,"template":"","format":"standard","meta":{"footnotes":""},"categories":[7,2],"tags":[],"class_list":["post-4168","post","type-post","status-publish","format-standard","has-post-thumbnail","hentry","category-actualites-ambroisies","category-actualites-fredon"],"_links":{"self":[{"href":"https:\/\/www.fredonoccitanie.com\/eesh\/wp-json\/wp\/v2\/posts\/4168","targetHints":{"allow":["GET"]}}],"collection":[{"href":"https:\/\/www.fredonoccitanie.com\/eesh\/wp-json\/wp\/v2\/posts"}],"about":[{"href":"https:\/\/www.fredonoccitanie.com\/eesh\/wp-json\/wp\/v2\/types\/post"}],"author":[{"embeddable":true,"href":"https:\/\/www.fredonoccitanie.com\/eesh\/wp-json\/wp\/v2\/users\/5"}],"replies":[{"embeddable":true,"href":"https:\/\/www.fredonoccitanie.com\/eesh\/wp-json\/wp\/v2\/comments?post=4168"}],"version-history":[{"count":4,"href":"https:\/\/www.fredonoccitanie.com\/eesh\/wp-json\/wp\/v2\/posts\/4168\/revisions"}],"predecessor-version":[{"id":4178,"href":"https:\/\/www.fredonoccitanie.com\/eesh\/wp-json\/wp\/v2\/posts\/4168\/revisions\/4178"}],"wp:featuredmedia":[{"embeddable":true,"href":"https:\/\/www.fredonoccitanie.com\/eesh\/wp-json\/wp\/v2\/media\/4076"}],"wp:attachment":[{"href":"https:\/\/www.fredonoccitanie.com\/eesh\/wp-json\/wp\/v2\/media?parent=4168"}],"wp:term":[{"taxonomy":"category","embeddable":true,"href":"https:\/\/www.fredonoccitanie.com\/eesh\/wp-json\/wp\/v2\/categories?post=4168"},{"taxonomy":"post_tag","embeddable":true,"href":"https:\/\/www.fredonoccitanie.com\/eesh\/wp-json\/wp\/v2\/tags?post=4168"}],"curies":[{"name":"wp","href":"https:\/\/api.w.org\/{rel}","templated":true}]}}