{"id":4162,"date":"2025-06-05T11:22:30","date_gmt":"2025-06-05T09:22:30","guid":{"rendered":"https:\/\/www.fredonoccitanie.com\/eesh\/?p=4162"},"modified":"2025-06-19T11:22:55","modified_gmt":"2025-06-19T09:22:55","slug":"retex-formation-seconde-nature-du-lycee-des-territoires-le-montat-46","status":"publish","type":"post","link":"https:\/\/www.fredonoccitanie.com\/eesh\/2025\/06\/05\/retex-formation-seconde-nature-du-lycee-des-territoires-le-montat-46\/","title":{"rendered":"[RETEX] Formation Seconde Nature du Lyc\u00e9e des territoires , Le Montat 46"},"content":{"rendered":"<p>Le 26 mai 2025 , une demi-journ\u00e9e de formation en salle et sur terrain a eu lieu aupr\u00e8s des Seconde Nature du Lyc\u00e9e des Territoires \u00e0 Montat (46).<\/p>\n<p>Au programme :<\/p>\n<ul>\n<li>Une pr\u00e9sentation et des \u00e9changes en classe<\/li>\n<li>Suivi d&rsquo;une prospection dans les vignes de l\u2019exploitation agricole du Lyc\u00e9e.<\/li>\n<\/ul>\n<p>Les \u00e9l\u00e8ves ont d&rsquo;ailleurs trouv\u00e9 des plantules d\u2019ambroisies \u00e0 feuilles d\u2019armoise.<\/p>\n<p>Un chantier d\u2019arrachage est pr\u00e9vu pour bient\u00f4t au sein de l\u2019\u00e9tablissement gr\u00e2ce \u00e0 l\u2019initiative de Val\u00e9rie GOLAB leur professeur principale.<\/p>\n","protected":false},"excerpt":{"rendered":"<p>Le 26 mai 2025 , une demi-journ\u00e9e de formation en salle et sur terrain a eu lieu aupr\u00e8s des Seconde Nature du Lyc\u00e9e des Territoires \u00e0 Montat (46). Au programme : Une pr\u00e9sentation et des \u00e9changes en classe Suivi d&rsquo;une prospection dans les vignes de l\u2019exploitation agricole du Lyc\u00e9e. Les \u00e9l\u00e8ves ont d&rsquo;ailleurs trouv\u00e9 des [&hellip;]<\/p>\n","protected":false},"author":5,"featured_media":4163,"comment_status":"closed","ping_status":"closed","sticky":false,"template":"","format":"standard","meta":{"footnotes":""},"categories":[7,2],"tags":[],"class_list":["post-4162","post","type-post","status-publish","format-standard","has-post-thumbnail","hentry","category-actualites-ambroisies","category-actualites-fredon"],"_links":{"self":[{"href":"https:\/\/www.fredonoccitanie.com\/eesh\/wp-json\/wp\/v2\/posts\/4162","targetHints":{"allow":["GET"]}}],"collection":[{"href":"https:\/\/www.fredonoccitanie.com\/eesh\/wp-json\/wp\/v2\/posts"}],"about":[{"href":"https:\/\/www.fredonoccitanie.com\/eesh\/wp-json\/wp\/v2\/types\/post"}],"author":[{"embeddable":true,"href":"https:\/\/www.fredonoccitanie.com\/eesh\/wp-json\/wp\/v2\/users\/5"}],"replies":[{"embeddable":true,"href":"https:\/\/www.fredonoccitanie.com\/eesh\/wp-json\/wp\/v2\/comments?post=4162"}],"version-history":[{"count":3,"href":"https:\/\/www.fredonoccitanie.com\/eesh\/wp-json\/wp\/v2\/posts\/4162\/revisions"}],"predecessor-version":[{"id":4165,"href":"https:\/\/www.fredonoccitanie.com\/eesh\/wp-json\/wp\/v2\/posts\/4162\/revisions\/4165"}],"wp:featuredmedia":[{"embeddable":true,"href":"https:\/\/www.fredonoccitanie.com\/eesh\/wp-json\/wp\/v2\/media\/4163"}],"wp:attachment":[{"href":"https:\/\/www.fredonoccitanie.com\/eesh\/wp-json\/wp\/v2\/media?parent=4162"}],"wp:term":[{"taxonomy":"category","embeddable":true,"href":"https:\/\/www.fredonoccitanie.com\/eesh\/wp-json\/wp\/v2\/categories?post=4162"},{"taxonomy":"post_tag","embeddable":true,"href":"https:\/\/www.fredonoccitanie.com\/eesh\/wp-json\/wp\/v2\/tags?post=4162"}],"curies":[{"name":"wp","href":"https:\/\/api.w.org\/{rel}","templated":true}]}}