{"id":4131,"date":"2025-06-11T09:28:45","date_gmt":"2025-06-11T07:28:45","guid":{"rendered":"https:\/\/www.fredonoccitanie.com\/eesh\/?p=4131"},"modified":"2025-06-19T11:09:47","modified_gmt":"2025-06-19T09:09:47","slug":"evenement-journees-de-lutte-contre-les-ambroisies","status":"publish","type":"post","link":"https:\/\/www.fredonoccitanie.com\/eesh\/2025\/06\/11\/evenement-journees-de-lutte-contre-les-ambroisies\/","title":{"rendered":"[\u00c9v\u00e8nement] Journ\u00e9es de lutte contre les ambroisies"},"content":{"rendered":"<h3 style=\"text-align: center;\">JOURNEES DE LUTTE CONTRE LES AMBROISIES<\/h3>\n<p>&nbsp;<\/p>\n<p style=\"text-align: center;\"><strong>Fin juin est la p\u00e9riode la plus favorable pour enclencher la lutte en pleine p\u00e9riode v\u00e9g\u00e9tative, et avant la floraison d\u2019ao\u00fbt.<\/strong><\/p>\n<p><img loading=\"lazy\" decoding=\"async\" class=\"size-full wp-image-4132 aligncenter\" src=\"https:\/\/www.fredonoccitanie.com\/eesh\/wp-content\/uploads\/sites\/5\/2025\/06\/ambroisie.png\" alt=\"\" width=\"605\" height=\"259\" srcset=\"https:\/\/www.fredonoccitanie.com\/eesh\/wp-content\/uploads\/sites\/5\/2025\/06\/ambroisie.png 605w, https:\/\/www.fredonoccitanie.com\/eesh\/wp-content\/uploads\/sites\/5\/2025\/06\/ambroisie-300x128.png 300w\" sizes=\"auto, (max-width: 605px) 100vw, 605px\" \/><\/p>\n<p>&nbsp;<\/p>\n<p>C\u2019est pourquoi chaque \u00e9t\u00e9 du 15 au 30 juin ont lieu les <a href=\"https:\/\/ambroisie-risque.info\/journees-de-lutte-contre-les-ambroisies\/\">Journ\u00e9es de lutte contre les ambroisies<\/a>, initi\u00e9es en 2011 par l\u2019International Ragweed Society. Durant ces 15 jours, des animations sont organis\u00e9es partout en France pour informer le grand public et les professionnels sur les probl\u00e8mes g\u00e9n\u00e9r\u00e9s par les ambroisies et pour encourager la mise en place d\u2019actions de lutte.<\/p>\n<p><a href=\"https:\/\/ambroisie-risque.info\/journees-de-lutte-contre-les-ambroisies\/\"><img loading=\"lazy\" decoding=\"async\" class=\"alignnone wp-image-4108\" src=\"https:\/\/www.fredonoccitanie.com\/eesh\/wp-content\/uploads\/sites\/5\/2025\/06\/JDA-20255.jpg\" alt=\"\" width=\"1153\" height=\"288\" srcset=\"https:\/\/www.fredonoccitanie.com\/eesh\/wp-content\/uploads\/sites\/5\/2025\/06\/JDA-20255.jpg 1500w, https:\/\/www.fredonoccitanie.com\/eesh\/wp-content\/uploads\/sites\/5\/2025\/06\/JDA-20255-300x75.jpg 300w, https:\/\/www.fredonoccitanie.com\/eesh\/wp-content\/uploads\/sites\/5\/2025\/06\/JDA-20255-1030x258.jpg 1030w, https:\/\/www.fredonoccitanie.com\/eesh\/wp-content\/uploads\/sites\/5\/2025\/06\/JDA-20255-768x192.jpg 768w, https:\/\/www.fredonoccitanie.com\/eesh\/wp-content\/uploads\/sites\/5\/2025\/06\/JDA-20255-705x176.jpg 705w\" sizes=\"auto, (max-width: 1153px) 100vw, 1153px\" \/><\/a><\/p>\n<h4><strong>Toutefois la lutte ne concerne pas que cette p\u00e9riode\u00a0!<\/strong><\/h4>\n<p><strong>En bord de route, chemin ou bord de champ, ne vous pressez pas si vous luttez en fauchant\u00a0: il vaut mieux couper juste avant floraison, soit le plus tard possible en juillet, en raison des rec\u00e9pages. Il sera n\u00e9cessaire de faire des secondes &#8211; voire troisi\u00e8mes &#8211; fauches \u00e0 l\u2019apparition des boutons floraux sur les nouvelles pousses.<\/strong><\/p>\n<p>En bord de rivi\u00e8re : suite \u00e0 des chantiers d\u2019arrachage, il est fr\u00e9quent, apr\u00e8s \u00e9limination des premi\u00e8res ambroisies, que de nouvelles graines soulev\u00e9es par l\u2019arrachage germent. Il est toujours bon de pr\u00e9voir de repasser une deuxi\u00e8me fois 1 mois plus tard.<\/p>\n<p>&nbsp;<\/p>\n<h4>N\u2019oubliez pas de consulter nos ressources et celles de nos partenaires<\/h4>\n<ul>\n<li>Nos <a href=\"https:\/\/www.fredonoccitanie.com\/ambroisies\/bibliotheque-des-outils-des-ambroisies\/#ancreAGRI\" target=\"_blank\" rel=\"noopener\">ressources documentaires techniques<\/a> : flyer et brochure de gestion des Ambroisies dans le milieu agricole, Gestion des Ambroisies et machines agricoles.<\/li>\n<li>Des <a href=\"https:\/\/www.fredonoccitanie.com\/ambroisies\/mediatheque\/#ancreGestionA\" target=\"_blank\" rel=\"noopener\">vid\u00e9os de t\u00e9moignages et des conseils de gestions des Ambroisies en milieu agricole<\/a><\/li>\n<li>Nos <a href=\"https:\/\/www.fredonoccitanie.com\/ambroisies\/les-ambroisies-2\/\" target=\"_blank\" rel=\"noopener\">pages<\/a> d\u00e9di\u00e9es aux Ambroisies<\/li>\n<li>Notre <a href=\"https:\/\/www.fredonoccitanie.com\/ambroisies\/phototheque\/\" target=\"_blank\" rel=\"noopener\">phototh\u00e8que<\/a> pour savoir la reconna\u00eetre \u00e0 diff\u00e9rents stades<\/li>\n<li>Notre <a href=\"https:\/\/www.fredonoccitanie.com\/ambroisies\/mediatheque\/#ancre5\" target=\"_blank\" rel=\"noopener\">m\u00e9diath\u00e8que<\/a> avec de nombreuses vid\u00e9os explicatives et de t\u00e9moignages\/conseils<\/li>\n<li>Nos <a href=\"https:\/\/www.fredonoccitanie.com\/ambroisies\/mediatheque\/#ancredoc\" target=\"_blank\" rel=\"noopener\">guides et formation<\/a> t\u00e9l\u00e9chargeables pour tous<\/li>\n<li>Et enfin, nos <a href=\"https:\/\/www.fredonoccitanie.com\/ambroisies\/category\/actualites-ambroisies\/\" target=\"_blank\" rel=\"noopener\">articles<\/a>, notre <a href=\"https:\/\/www.fredonoccitanie.com\/ambroisies\/evenements\/\" target=\"_blank\" rel=\"noopener\">agenda<\/a> et notre <a href=\"https:\/\/www.fredonoccitanie.com\/ambroisies\/lettre-ambroisies\/\" target=\"_blank\" rel=\"noopener\">lettre mensuelle<\/a> \u00e0 consulter<\/li>\n<\/ul>\n","protected":false},"excerpt":{"rendered":"<p>JOURNEES DE LUTTE CONTRE LES AMBROISIES &nbsp; Fin juin est la p\u00e9riode la plus favorable pour enclencher la lutte en pleine p\u00e9riode v\u00e9g\u00e9tative, et avant la floraison d\u2019ao\u00fbt. &nbsp; C\u2019est pourquoi chaque \u00e9t\u00e9 du 15 au 30 juin ont lieu les Journ\u00e9es de lutte contre les ambroisies, initi\u00e9es en 2011 par l\u2019International Ragweed Society. Durant [&hellip;]<\/p>\n","protected":false},"author":5,"featured_media":4136,"comment_status":"closed","ping_status":"closed","sticky":false,"template":"","format":"standard","meta":{"footnotes":""},"categories":[7,2],"tags":[],"class_list":["post-4131","post","type-post","status-publish","format-standard","has-post-thumbnail","hentry","category-actualites-ambroisies","category-actualites-fredon"],"_links":{"self":[{"href":"https:\/\/www.fredonoccitanie.com\/eesh\/wp-json\/wp\/v2\/posts\/4131","targetHints":{"allow":["GET"]}}],"collection":[{"href":"https:\/\/www.fredonoccitanie.com\/eesh\/wp-json\/wp\/v2\/posts"}],"about":[{"href":"https:\/\/www.fredonoccitanie.com\/eesh\/wp-json\/wp\/v2\/types\/post"}],"author":[{"embeddable":true,"href":"https:\/\/www.fredonoccitanie.com\/eesh\/wp-json\/wp\/v2\/users\/5"}],"replies":[{"embeddable":true,"href":"https:\/\/www.fredonoccitanie.com\/eesh\/wp-json\/wp\/v2\/comments?post=4131"}],"version-history":[{"count":4,"href":"https:\/\/www.fredonoccitanie.com\/eesh\/wp-json\/wp\/v2\/posts\/4131\/revisions"}],"predecessor-version":[{"id":4156,"href":"https:\/\/www.fredonoccitanie.com\/eesh\/wp-json\/wp\/v2\/posts\/4131\/revisions\/4156"}],"wp:featuredmedia":[{"embeddable":true,"href":"https:\/\/www.fredonoccitanie.com\/eesh\/wp-json\/wp\/v2\/media\/4136"}],"wp:attachment":[{"href":"https:\/\/www.fredonoccitanie.com\/eesh\/wp-json\/wp\/v2\/media?parent=4131"}],"wp:term":[{"taxonomy":"category","embeddable":true,"href":"https:\/\/www.fredonoccitanie.com\/eesh\/wp-json\/wp\/v2\/categories?post=4131"},{"taxonomy":"post_tag","embeddable":true,"href":"https:\/\/www.fredonoccitanie.com\/eesh\/wp-json\/wp\/v2\/tags?post=4131"}],"curies":[{"name":"wp","href":"https:\/\/api.w.org\/{rel}","templated":true}]}}