{"id":3766,"date":"2024-11-05T15:07:47","date_gmt":"2024-11-05T14:07:47","guid":{"rendered":"https:\/\/www.fredonoccitanie.com\/ambroisies\/?p=3766"},"modified":"2024-11-12T12:50:26","modified_gmt":"2024-11-12T11:50:26","slug":"observation1ere-observation-dophraella-communa-en-occitanie","status":"publish","type":"post","link":"https:\/\/www.fredonoccitanie.com\/eesh\/2024\/11\/05\/observation1ere-observation-dophraella-communa-en-occitanie\/","title":{"rendered":"[Lutte]1\u00e8re observation d\u2019Ophraella communa en Occitanie !"},"content":{"rendered":"<p>En octobre 2023,\u00a0 <a href=\"https:\/\/ambroisie-risque.info\/ophraella-communa-est-arrivee-en-france\/\">l\u2019Observatoire des ambroisies<\/a> \u00e9crivait <a href=\"https:\/\/ambroisie-risque.info\/ophraella-communa-est-arrivee-en-france\/\">un article pour\u00a0 sur l\u2019arriv\u00e9e d\u2019Ophraella communa en France<\/a>, en r\u00e9gion Rh\u00f4ne-Alpes. Cette chrysom\u00e8le pr\u00e9datrice stricte de l\u2019ambroisie \u00e0 feuilles d\u2019armoise, arriv\u00e9e sur le continent europ\u00e9en depuis 2015, est sous haute surveillance de l\u2019ANSES et des instituts de recherche sur les solutions de lutte biologique (INRAE, FIBL, CSIRO\u2026).<\/p>\n<p>&nbsp;<\/p>\n<p>Une campagne d\u2019observation et de mesures a \u00e9t\u00e9 mise en place cette saison 2024 par l\u2019INRAE en r\u00e9gion lyonnaise, tandis que les rep\u00e9rages \u00e9taient encourag\u00e9s par le biais de la plateforme signalement-ambroisie. Les populations observ\u00e9es \u00e9taient localis\u00e9es jusqu\u2019\u00e0 d\u00e9but octobre dans le d\u00e9partement du Rh\u00f4ne essentiellement. Or en octobre, 3 observations d\u2019adultes beaucoup plus m\u00e9ridionales (sud Ard\u00e8che, nord Vaucluse) ont \u00e9t\u00e9 faites, laissant pr\u00e9sager un d\u00e9placement sur l\u2019axe Rhodanien en fin de saison \u00a0: <a href=\"https:\/\/ambroisie-risque.info\/ophraella-communa-est-arrivee-en-france\/\">voir la carte de r\u00e9partition<\/a>.<\/p>\n<p><strong>FREDON Occitanie et FREDON Dr\u00f4me-Ard\u00e8che<\/strong> ont alors effectu\u00e9 une tourn\u00e9e de recherche, en ciblant les zones du couloir Rhodanien (grands axes routier, fluvial, ferroviaire), depuis Fourques (30) jusqu\u2019au Teil (07)\/Mont\u00e9limar (26). Le protocole consiste en des observations visuelles (d\u00e9g\u00e2ts potentiels)+ <strong>battage au filet \u00e0 insectes<\/strong>. C\u2019est ainsi que 3 nouvelles localisations d\u2019adultes, avec des d\u00e9g\u00e2ts tr\u00e8s mod\u00e9r\u00e9s sur des ambroisies en fin de cycle ont \u00e9t\u00e9 d\u00e9tect\u00e9es les 21 et 22 octobre sur des zones \u00e9loign\u00e9es les unes des autres\u00a0: Roquemaure (30), Suze-la-Rousse (26) et Boll\u00e8ne (84).<\/p>\n<div id=\"attachment_3768\" style=\"width: 1001px\" class=\"wp-caption alignnone\"><img loading=\"lazy\" decoding=\"async\" aria-describedby=\"caption-attachment-3768\" class=\"size-full wp-image-3768\" src=\"https:\/\/www.fredonoccitanie.com\/ambroisies\/wp-content\/uploads\/sites\/5\/2024\/11\/20241015_fauchage_leg.jpg\" alt=\"\" width=\"991\" height=\"685\" srcset=\"https:\/\/www.fredonoccitanie.com\/eesh\/wp-content\/uploads\/sites\/5\/2024\/11\/20241015_fauchage_leg.jpg 991w, https:\/\/www.fredonoccitanie.com\/eesh\/wp-content\/uploads\/sites\/5\/2024\/11\/20241015_fauchage_leg-300x207.jpg 300w, https:\/\/www.fredonoccitanie.com\/eesh\/wp-content\/uploads\/sites\/5\/2024\/11\/20241015_fauchage_leg-768x531.jpg 768w, https:\/\/www.fredonoccitanie.com\/eesh\/wp-content\/uploads\/sites\/5\/2024\/11\/20241015_fauchage_leg-705x487.jpg 705w\" sizes=\"auto, (max-width: 991px) 100vw, 991px\" \/><p id=\"caption-attachment-3768\" class=\"wp-caption-text\">Fauchage par filet \u00e0 insectes<\/p><\/div>\n<p><strong>L\u2019observation de Roquemaure (30) constitue une 1<sup>\u00e8re<\/sup> en Occitanie<\/strong> ! D\u2019autres recherches dans le lit du Gardon (de Saint-Chaptes \u00e0 Comps) avaient eu lieu, mais sans observations. Cela constitue \u00e9galement un r\u00e9sultat tr\u00e8s int\u00e9ressant permettant une cartographie de pr\u00e9sence\/absence de l\u2019insecte et d\u2019apporter des donn\u00e9es de compr\u00e9hension comportementale d\u2019Ophraella pour l\u2019\u00e9quipe de Nicolas Desneux de l\u2019INRAE.<\/p>\n<div id=\"attachment_3776\" style=\"width: 1050px\" class=\"wp-caption alignnone\"><img loading=\"lazy\" decoding=\"async\" aria-describedby=\"caption-attachment-3776\" class=\"size-full wp-image-3776\" src=\"https:\/\/www.fredonoccitanie.com\/ambroisies\/wp-content\/uploads\/sites\/5\/2024\/11\/ophraella.jpg\" alt=\"\" width=\"1040\" height=\"425\" srcset=\"https:\/\/www.fredonoccitanie.com\/eesh\/wp-content\/uploads\/sites\/5\/2024\/11\/ophraella.jpg 1040w, https:\/\/www.fredonoccitanie.com\/eesh\/wp-content\/uploads\/sites\/5\/2024\/11\/ophraella-300x123.jpg 300w, https:\/\/www.fredonoccitanie.com\/eesh\/wp-content\/uploads\/sites\/5\/2024\/11\/ophraella-1030x421.jpg 1030w, https:\/\/www.fredonoccitanie.com\/eesh\/wp-content\/uploads\/sites\/5\/2024\/11\/ophraella-768x314.jpg 768w, https:\/\/www.fredonoccitanie.com\/eesh\/wp-content\/uploads\/sites\/5\/2024\/11\/ophraella-705x288.jpg 705w\" sizes=\"auto, (max-width: 1040px) 100vw, 1040px\" \/><p id=\"caption-attachment-3776\" class=\"wp-caption-text\">Ophraella communa<\/p><\/div>\n<p>Une campagne de battage a \u00e9galement \u00e9t\u00e9 effectu\u00e9e sur les zones tr\u00e8s infest\u00e9es du Lot, du Tarn-et-Garonne, du Tarn et de la Haute-Garonne. Cela a permis de confirmer l\u2019id\u00e9e qu\u2019Ophraella n\u2019est pas encore arriv\u00e9e dans l\u2019Ouest.<\/p>\n<p>Fort de ces nouveaux \u00e9l\u00e9ments, les recherches se poursuivront l\u2019an prochain\u00a0!<\/p>\n<div id=\"attachment_3777\" style=\"width: 659px\" class=\"wp-caption aligncenter\"><img loading=\"lazy\" decoding=\"async\" aria-describedby=\"caption-attachment-3777\" class=\" wp-image-3777\" src=\"https:\/\/www.fredonoccitanie.com\/ambroisies\/wp-content\/uploads\/sites\/5\/2024\/11\/20241022_ophraella_insitu-1.jpg\" alt=\"\" width=\"649\" height=\"471\" srcset=\"https:\/\/www.fredonoccitanie.com\/eesh\/wp-content\/uploads\/sites\/5\/2024\/11\/20241022_ophraella_insitu-1.jpg 1879w, https:\/\/www.fredonoccitanie.com\/eesh\/wp-content\/uploads\/sites\/5\/2024\/11\/20241022_ophraella_insitu-1-300x218.jpg 300w, https:\/\/www.fredonoccitanie.com\/eesh\/wp-content\/uploads\/sites\/5\/2024\/11\/20241022_ophraella_insitu-1-1030x748.jpg 1030w, https:\/\/www.fredonoccitanie.com\/eesh\/wp-content\/uploads\/sites\/5\/2024\/11\/20241022_ophraella_insitu-1-768x558.jpg 768w, https:\/\/www.fredonoccitanie.com\/eesh\/wp-content\/uploads\/sites\/5\/2024\/11\/20241022_ophraella_insitu-1-1536x1116.jpg 1536w, https:\/\/www.fredonoccitanie.com\/eesh\/wp-content\/uploads\/sites\/5\/2024\/11\/20241022_ophraella_insitu-1-1500x1090.jpg 1500w, https:\/\/www.fredonoccitanie.com\/eesh\/wp-content\/uploads\/sites\/5\/2024\/11\/20241022_ophraella_insitu-1-705x512.jpg 705w\" sizes=\"auto, (max-width: 649px) 100vw, 649px\" \/><p id=\"caption-attachment-3777\" class=\"wp-caption-text\">Ophraella sur ambroisie<\/p><\/div>\n","protected":false},"excerpt":{"rendered":"<p>En octobre 2023,\u00a0 l\u2019Observatoire des ambroisies \u00e9crivait un article pour\u00a0 sur l\u2019arriv\u00e9e d\u2019Ophraella communa en France, en r\u00e9gion Rh\u00f4ne-Alpes. Cette chrysom\u00e8le pr\u00e9datrice stricte de l\u2019ambroisie \u00e0 feuilles d\u2019armoise, arriv\u00e9e sur le continent europ\u00e9en depuis 2015, est sous haute surveillance de l\u2019ANSES et des instituts de recherche sur les solutions de lutte biologique (INRAE, FIBL, CSIRO\u2026). [&hellip;]<\/p>\n","protected":false},"author":5,"featured_media":3767,"comment_status":"closed","ping_status":"closed","sticky":false,"template":"","format":"standard","meta":{"footnotes":""},"categories":[7,2],"tags":[],"class_list":["post-3766","post","type-post","status-publish","format-standard","has-post-thumbnail","hentry","category-actualites-ambroisies","category-actualites-fredon"],"_links":{"self":[{"href":"https:\/\/www.fredonoccitanie.com\/eesh\/wp-json\/wp\/v2\/posts\/3766","targetHints":{"allow":["GET"]}}],"collection":[{"href":"https:\/\/www.fredonoccitanie.com\/eesh\/wp-json\/wp\/v2\/posts"}],"about":[{"href":"https:\/\/www.fredonoccitanie.com\/eesh\/wp-json\/wp\/v2\/types\/post"}],"author":[{"embeddable":true,"href":"https:\/\/www.fredonoccitanie.com\/eesh\/wp-json\/wp\/v2\/users\/5"}],"replies":[{"embeddable":true,"href":"https:\/\/www.fredonoccitanie.com\/eesh\/wp-json\/wp\/v2\/comments?post=3766"}],"version-history":[{"count":4,"href":"https:\/\/www.fredonoccitanie.com\/eesh\/wp-json\/wp\/v2\/posts\/3766\/revisions"}],"predecessor-version":[{"id":3849,"href":"https:\/\/www.fredonoccitanie.com\/eesh\/wp-json\/wp\/v2\/posts\/3766\/revisions\/3849"}],"wp:featuredmedia":[{"embeddable":true,"href":"https:\/\/www.fredonoccitanie.com\/eesh\/wp-json\/wp\/v2\/media\/3767"}],"wp:attachment":[{"href":"https:\/\/www.fredonoccitanie.com\/eesh\/wp-json\/wp\/v2\/media?parent=3766"}],"wp:term":[{"taxonomy":"category","embeddable":true,"href":"https:\/\/www.fredonoccitanie.com\/eesh\/wp-json\/wp\/v2\/categories?post=3766"},{"taxonomy":"post_tag","embeddable":true,"href":"https:\/\/www.fredonoccitanie.com\/eesh\/wp-json\/wp\/v2\/tags?post=3766"}],"curies":[{"name":"wp","href":"https:\/\/api.w.org\/{rel}","templated":true}]}}