{"id":3715,"date":"2024-09-09T13:41:28","date_gmt":"2024-09-09T11:41:28","guid":{"rendered":"https:\/\/www.fredonoccitanie.com\/ambroisies\/?p=3715"},"modified":"2024-09-10T16:18:43","modified_gmt":"2024-09-10T14:18:43","slug":"retex-une-animation-a-la-decouverte-des-pee-cevenoles-dont-lambroisie-a-cros-30","status":"publish","type":"post","link":"https:\/\/www.fredonoccitanie.com\/eesh\/2024\/09\/09\/retex-une-animation-a-la-decouverte-des-pee-cevenoles-dont-lambroisie-a-cros-30\/","title":{"rendered":"[RETEX] Une animation \u00e0 la d\u00e9couverte des PEE C\u00e9venoles\u2026 dont l\u2019ambroisie\u202f! \u00e0 Cros (30)"},"content":{"rendered":"<p>La <strong>commune de Cros<\/strong> accueillait fin ao\u00fbt des jeunes de Saint-Hippolyte-du-Fort dans le cadre d\u2019une semaine chantier-loisirs sur un dispositif de la CAF. Une occasion pour pr\u00e9senter les plantes exotiques envahissantes pr\u00e9sentes sur la commune (qui participe \u00e0 un Atlas de la Biodiversit\u00e9 Communale \u2013 ABC) lors d\u2019une matin\u00e9e avec le r\u00e9f\u00e9rent en<img loading=\"lazy\" decoding=\"async\" class=\"alignnone size-full wp-image-3716\" src=\"https:\/\/www.fredonoccitanie.com\/ambroisies\/wp-content\/uploads\/sites\/5\/2024\/09\/Cros_Plante-envahisantes.jpg\" alt=\"\" width=\"1300\" height=\"1200\" srcset=\"https:\/\/www.fredonoccitanie.com\/eesh\/wp-content\/uploads\/sites\/5\/2024\/09\/Cros_Plante-envahisantes.jpg 1300w, https:\/\/www.fredonoccitanie.com\/eesh\/wp-content\/uploads\/sites\/5\/2024\/09\/Cros_Plante-envahisantes-300x277.jpg 300w, https:\/\/www.fredonoccitanie.com\/eesh\/wp-content\/uploads\/sites\/5\/2024\/09\/Cros_Plante-envahisantes-1030x951.jpg 1030w, https:\/\/www.fredonoccitanie.com\/eesh\/wp-content\/uploads\/sites\/5\/2024\/09\/Cros_Plante-envahisantes-768x709.jpg 768w, https:\/\/www.fredonoccitanie.com\/eesh\/wp-content\/uploads\/sites\/5\/2024\/09\/Cros_Plante-envahisantes-705x651.jpg 705w\" sizes=\"auto, (max-width: 1300px) 100vw, 1300px\" \/>vironnement et ambroisie de la commune.<\/p>\n<p>Apr\u00e8s avoir vu des Buddl\u00e9ias, Phytolaccas, Erigerons, Robiniers, et dissert\u00e9 sur les introductions volontaires ou non de plantes, nous sommes arriv\u00e9s sur la petite station d\u2019ambroisies rep\u00e9r\u00e9e le mois pass\u00e9 (rappel\u202f: Cros est en zone de front de colonisation d\u2019ambroisie\u202f; en 2023, des ambroisies avaient \u00e9t\u00e9 trouv\u00e9es suite \u00e0 un chantier routier. Une r\u00e9union d\u2019information + arrachage avait suivi). S\u00fbrement issus de 2 pieds non rep\u00e9r\u00e9s en 2023 \u2013 sur un chemin forestier \u2013 et ayant grain\u00e9, cette cinquantaine de plants, sortis tr\u00e8s tardivement et au stade \u00e9pi floral mais non encore en pollen, ont \u00e9t\u00e9 prestement arrach\u00e9s apr\u00e8s information.<\/p>\n<p>Preuve s\u2019il en est que l\u2019on peut h\u00e9las d\u00e9sormais trouver de l\u2019ambroisie partout dans le Gard, y compris en for\u00eat du moment que des graines y sont diss\u00e9min\u00e9es involontairement.\u00a0 On voit l<strong>\u2019importance de conna\u00eetre la plante pour l\u2019\u00e9liminer au plus vite,<\/strong> avant qu\u2019elle ne soit plus g\u00e9rable par arrachage (si rien n\u2019est rep\u00e9r\u00e9\u202f: 1\u00e8re ann\u00e9e 2 plants, 2\u00e8me ann\u00e9e 100 plants, 3\u00e8me ann\u00e9e accroissement exponentiel\u202f!).<\/p>\n","protected":false},"excerpt":{"rendered":"<p>La commune de Cros accueillait fin ao\u00fbt des jeunes de Saint-Hippolyte-du-Fort dans le cadre d\u2019une semaine chantier-loisirs sur un dispositif de la CAF. Une occasion pour pr\u00e9senter les plantes exotiques envahissantes pr\u00e9sentes sur la commune (qui participe \u00e0 un Atlas de la Biodiversit\u00e9 Communale \u2013 ABC) lors d\u2019une matin\u00e9e avec le r\u00e9f\u00e9rent environnement et ambroisie [&hellip;]<\/p>\n","protected":false},"author":5,"featured_media":3718,"comment_status":"closed","ping_status":"closed","sticky":false,"template":"","format":"standard","meta":{"footnotes":""},"categories":[7,2],"tags":[],"class_list":["post-3715","post","type-post","status-publish","format-standard","has-post-thumbnail","hentry","category-actualites-ambroisies","category-actualites-fredon"],"_links":{"self":[{"href":"https:\/\/www.fredonoccitanie.com\/eesh\/wp-json\/wp\/v2\/posts\/3715","targetHints":{"allow":["GET"]}}],"collection":[{"href":"https:\/\/www.fredonoccitanie.com\/eesh\/wp-json\/wp\/v2\/posts"}],"about":[{"href":"https:\/\/www.fredonoccitanie.com\/eesh\/wp-json\/wp\/v2\/types\/post"}],"author":[{"embeddable":true,"href":"https:\/\/www.fredonoccitanie.com\/eesh\/wp-json\/wp\/v2\/users\/5"}],"replies":[{"embeddable":true,"href":"https:\/\/www.fredonoccitanie.com\/eesh\/wp-json\/wp\/v2\/comments?post=3715"}],"version-history":[{"count":2,"href":"https:\/\/www.fredonoccitanie.com\/eesh\/wp-json\/wp\/v2\/posts\/3715\/revisions"}],"predecessor-version":[{"id":3731,"href":"https:\/\/www.fredonoccitanie.com\/eesh\/wp-json\/wp\/v2\/posts\/3715\/revisions\/3731"}],"wp:featuredmedia":[{"embeddable":true,"href":"https:\/\/www.fredonoccitanie.com\/eesh\/wp-json\/wp\/v2\/media\/3718"}],"wp:attachment":[{"href":"https:\/\/www.fredonoccitanie.com\/eesh\/wp-json\/wp\/v2\/media?parent=3715"}],"wp:term":[{"taxonomy":"category","embeddable":true,"href":"https:\/\/www.fredonoccitanie.com\/eesh\/wp-json\/wp\/v2\/categories?post=3715"},{"taxonomy":"post_tag","embeddable":true,"href":"https:\/\/www.fredonoccitanie.com\/eesh\/wp-json\/wp\/v2\/tags?post=3715"}],"curies":[{"name":"wp","href":"https:\/\/api.w.org\/{rel}","templated":true}]}}