{"id":3578,"date":"2024-07-09T15:49:57","date_gmt":"2024-07-09T13:49:57","guid":{"rendered":"https:\/\/www.fredonoccitanie.com\/ambroisies\/?p=3578"},"modified":"2024-07-15T08:38:03","modified_gmt":"2024-07-15T06:38:03","slug":"agriculture-gestion-de-lambroisie-en-milieu-agricole-en-ete-un-seul-objectif-ne-pas-laisser-les-ambroisies-arriver-en-graine","status":"publish","type":"post","link":"https:\/\/www.fredonoccitanie.com\/eesh\/2024\/07\/09\/agriculture-gestion-de-lambroisie-en-milieu-agricole-en-ete-un-seul-objectif-ne-pas-laisser-les-ambroisies-arriver-en-graine\/","title":{"rendered":"[AGRICULTURE] Gestion de l\u2019ambroisie en milieu agricole en \u00e9t\u00e9 : un seul objectif, ne pas laisser les ambroisies arriver en graine !"},"content":{"rendered":"<p>Destruction des ambroisies n\u00e9es apr\u00e8s les moissons des c\u00e9r\u00e9ales, surveillance des cultures sem\u00e9es au printemps pour d\u00e9limiter les zones infest\u00e9es \u00e0 d\u00e9truire avant grenaison des ambroisies, entretien des entr\u00e9es de champ, des bandes enherb\u00e9es et des bordures, etc\u00a0: <strong>retrouvez les conseils de gestion dans l\u2019article suivant\u00a0<\/strong>: <a href=\"https:\/\/fredonoccitanie189-my.sharepoint.com\/:b:\/g\/personal\/e_algans_fredon-occitanie_fr\/Ef1IfRnyPQRMiYJtBWQ91ZEBy_PzDYTmSbL8jkeGlC4FRQ?e=vmD6Jh\">conseilagri_gc_ete2024.pdf<\/a> .<\/p>\n<p><img loading=\"lazy\" decoding=\"async\" class=\"size-full wp-image-3579 aligncenter\" src=\"https:\/\/www.fredonoccitanie.com\/ambroisies\/wp-content\/uploads\/sites\/5\/2024\/07\/Image13.png\" alt=\"\" width=\"844\" height=\"487\" srcset=\"https:\/\/www.fredonoccitanie.com\/eesh\/wp-content\/uploads\/sites\/5\/2024\/07\/Image13.png 844w, https:\/\/www.fredonoccitanie.com\/eesh\/wp-content\/uploads\/sites\/5\/2024\/07\/Image13-300x173.png 300w, https:\/\/www.fredonoccitanie.com\/eesh\/wp-content\/uploads\/sites\/5\/2024\/07\/Image13-768x443.png 768w, https:\/\/www.fredonoccitanie.com\/eesh\/wp-content\/uploads\/sites\/5\/2024\/07\/Image13-705x407.png 705w\" sizes=\"auto, (max-width: 844px) 100vw, 844px\" \/><\/p>\n<p>&nbsp;<\/p>\n<p style=\"text-align: center;\"><em>L\u00e9gende\u00a0: en cas de forte infestation, des rotations \u00e0 base de cultures d\u2019hiver permettront de d\u00e9truire en interculture \u00e9t\u00e9 les ambroisies qui peuvent effectuer leur cycle v\u00e9g\u00e9tatif rapidement.<\/em><\/p>\n<p>Retrouvez \u00e9galement <a href=\"https:\/\/playplay.com\/app\/embed-video\/c8ca0fcc-0d91-4626-b832-909d1a487274?autoplay=true\">la <strong>vid\u00e9o<\/strong> sur la lutte contre les ambroisies en milieu agricole<\/a> \u00e9labor\u00e9e par et \u00e9dit\u00e9e sur le site de la Chambre d&rsquo;agriculture de l&rsquo;Aude.<\/p>\n<p>&nbsp;<\/p>\n<p>&nbsp;<\/p>\n","protected":false},"excerpt":{"rendered":"<p>Destruction des ambroisies n\u00e9es apr\u00e8s les moissons des c\u00e9r\u00e9ales, surveillance des cultures sem\u00e9es au printemps pour d\u00e9limiter les zones infest\u00e9es \u00e0 d\u00e9truire avant grenaison des ambroisies, entretien des entr\u00e9es de champ, des bandes enherb\u00e9es et des bordures, etc\u00a0: retrouvez les conseils de gestion dans l\u2019article suivant\u00a0: conseilagri_gc_ete2024.pdf . &nbsp; L\u00e9gende\u00a0: en cas de forte infestation, [&hellip;]<\/p>\n","protected":false},"author":5,"featured_media":3580,"comment_status":"closed","ping_status":"closed","sticky":false,"template":"","format":"standard","meta":{"footnotes":""},"categories":[7,2],"tags":[],"class_list":["post-3578","post","type-post","status-publish","format-standard","has-post-thumbnail","hentry","category-actualites-ambroisies","category-actualites-fredon"],"_links":{"self":[{"href":"https:\/\/www.fredonoccitanie.com\/eesh\/wp-json\/wp\/v2\/posts\/3578","targetHints":{"allow":["GET"]}}],"collection":[{"href":"https:\/\/www.fredonoccitanie.com\/eesh\/wp-json\/wp\/v2\/posts"}],"about":[{"href":"https:\/\/www.fredonoccitanie.com\/eesh\/wp-json\/wp\/v2\/types\/post"}],"author":[{"embeddable":true,"href":"https:\/\/www.fredonoccitanie.com\/eesh\/wp-json\/wp\/v2\/users\/5"}],"replies":[{"embeddable":true,"href":"https:\/\/www.fredonoccitanie.com\/eesh\/wp-json\/wp\/v2\/comments?post=3578"}],"version-history":[{"count":3,"href":"https:\/\/www.fredonoccitanie.com\/eesh\/wp-json\/wp\/v2\/posts\/3578\/revisions"}],"predecessor-version":[{"id":3594,"href":"https:\/\/www.fredonoccitanie.com\/eesh\/wp-json\/wp\/v2\/posts\/3578\/revisions\/3594"}],"wp:featuredmedia":[{"embeddable":true,"href":"https:\/\/www.fredonoccitanie.com\/eesh\/wp-json\/wp\/v2\/media\/3580"}],"wp:attachment":[{"href":"https:\/\/www.fredonoccitanie.com\/eesh\/wp-json\/wp\/v2\/media?parent=3578"}],"wp:term":[{"taxonomy":"category","embeddable":true,"href":"https:\/\/www.fredonoccitanie.com\/eesh\/wp-json\/wp\/v2\/categories?post=3578"},{"taxonomy":"post_tag","embeddable":true,"href":"https:\/\/www.fredonoccitanie.com\/eesh\/wp-json\/wp\/v2\/tags?post=3578"}],"curies":[{"name":"wp","href":"https:\/\/api.w.org\/{rel}","templated":true}]}}