{"id":3573,"date":"2024-07-09T15:45:38","date_gmt":"2024-07-09T13:45:38","guid":{"rendered":"https:\/\/www.fredonoccitanie.com\/ambroisies\/?p=3573"},"modified":"2024-07-09T15:46:11","modified_gmt":"2024-07-09T13:46:11","slug":"agriculture-un-focus-national-sur-lambroisie-trifide","status":"publish","type":"post","link":"https:\/\/www.fredonoccitanie.com\/eesh\/2024\/07\/09\/agriculture-un-focus-national-sur-lambroisie-trifide\/","title":{"rendered":"[AGRICULTURE] Un focus national sur l\u2019ambroisie trifide"},"content":{"rendered":"<p>Un groupe de\u00a0 travail de l\u2019observatoire des ambroisies, des FREDON concern\u00e9es, de l\u2019ARS et des Instituts techniques agricoles s\u2019est constitu\u00e9.<\/p>\n<p>Une campagne d\u2019information est d\u00e9ploy\u00e9e depuis d\u00e9but juillet, avec un \u00a0<a href=\"https:\/\/especes-risque-sante.info\/wp-content\/uploads\/2024\/07\/2407_CP_A.trifide.pdf\">communiqu\u00e9 de presse<\/a> \u00e0 destination des agriculteurs, via la presse agricole locale, via des newsletters issues des chambres d\u2019agriculture, de syndicats agricoles ou des fili\u00e8res concern\u00e9es, bulletins communaux, etc.<\/p>\n<p>Retrouvez \u00e9galement les diff\u00e9rents outils et supports qui peuvent \u00eatre utiles pour la communication : <a href=\"https:\/\/ambroisie-risque.info\/appel-a-la-vigilance-sur-ambroisie-trifide-ouvrez-loeil\/\">https:\/\/ambroisie-risque.info\/appel-a-la-vigilance-sur-ambroisie-trifide-ouvrez-loeil\/<\/a><\/p>\n","protected":false},"excerpt":{"rendered":"<p>Un groupe de\u00a0 travail de l\u2019observatoire des ambroisies, des FREDON concern\u00e9es, de l\u2019ARS et des Instituts techniques agricoles s\u2019est constitu\u00e9. Une campagne d\u2019information est d\u00e9ploy\u00e9e depuis d\u00e9but juillet, avec un \u00a0communiqu\u00e9 de presse \u00e0 destination des agriculteurs, via la presse agricole locale, via des newsletters issues des chambres d\u2019agriculture, de syndicats agricoles ou des fili\u00e8res [&hellip;]<\/p>\n","protected":false},"author":5,"featured_media":3574,"comment_status":"closed","ping_status":"closed","sticky":false,"template":"","format":"standard","meta":{"footnotes":""},"categories":[7,2],"tags":[],"class_list":["post-3573","post","type-post","status-publish","format-standard","has-post-thumbnail","hentry","category-actualites-ambroisies","category-actualites-fredon"],"_links":{"self":[{"href":"https:\/\/www.fredonoccitanie.com\/eesh\/wp-json\/wp\/v2\/posts\/3573","targetHints":{"allow":["GET"]}}],"collection":[{"href":"https:\/\/www.fredonoccitanie.com\/eesh\/wp-json\/wp\/v2\/posts"}],"about":[{"href":"https:\/\/www.fredonoccitanie.com\/eesh\/wp-json\/wp\/v2\/types\/post"}],"author":[{"embeddable":true,"href":"https:\/\/www.fredonoccitanie.com\/eesh\/wp-json\/wp\/v2\/users\/5"}],"replies":[{"embeddable":true,"href":"https:\/\/www.fredonoccitanie.com\/eesh\/wp-json\/wp\/v2\/comments?post=3573"}],"version-history":[{"count":3,"href":"https:\/\/www.fredonoccitanie.com\/eesh\/wp-json\/wp\/v2\/posts\/3573\/revisions"}],"predecessor-version":[{"id":3576,"href":"https:\/\/www.fredonoccitanie.com\/eesh\/wp-json\/wp\/v2\/posts\/3573\/revisions\/3576"}],"wp:featuredmedia":[{"embeddable":true,"href":"https:\/\/www.fredonoccitanie.com\/eesh\/wp-json\/wp\/v2\/media\/3574"}],"wp:attachment":[{"href":"https:\/\/www.fredonoccitanie.com\/eesh\/wp-json\/wp\/v2\/media?parent=3573"}],"wp:term":[{"taxonomy":"category","embeddable":true,"href":"https:\/\/www.fredonoccitanie.com\/eesh\/wp-json\/wp\/v2\/categories?post=3573"},{"taxonomy":"post_tag","embeddable":true,"href":"https:\/\/www.fredonoccitanie.com\/eesh\/wp-json\/wp\/v2\/tags?post=3573"}],"curies":[{"name":"wp","href":"https:\/\/api.w.org\/{rel}","templated":true}]}}