{"id":3556,"date":"2024-07-09T15:36:28","date_gmt":"2024-07-09T13:36:28","guid":{"rendered":"https:\/\/www.fredonoccitanie.com\/ambroisies\/?p=3556"},"modified":"2024-07-09T15:36:28","modified_gmt":"2024-07-09T13:36:28","slug":"agriculture-un-guide-daccompagnement-et-daide-a-la-decision-pour-les-referents","status":"publish","type":"post","link":"https:\/\/www.fredonoccitanie.com\/eesh\/2024\/07\/09\/agriculture-un-guide-daccompagnement-et-daide-a-la-decision-pour-les-referents\/","title":{"rendered":"[AGRICULTURE] Un guide d\u2019accompagnement et d\u2019aide \u00e0 la d\u00e9cision pour les r\u00e9f\u00e9rents"},"content":{"rendered":"<p>\u00c0 l\u2019occasion des semaines de lutte contre les ambroisies, le comit\u00e9 technique national de l\u2019Observatoire des Ambroisies a \u00e9dit\u00e9 un guide d\u2019accompagnement et d\u2019aide \u00e0 la d\u00e9cision \u00e0 l\u2019usage des r\u00e9f\u00e9rents ambroisies.<\/p>\n<p>Il permet d\u2019une part de se familiariser avec la probl\u00e9matique de l\u2019ambroisie <strong>dans le cas sp\u00e9cifique du milieu agricole<\/strong>, et d\u2019autre part de proposer des strat\u00e9gies de gestion face \u00e0 certaines situations rencontr\u00e9es fr\u00e9quemment.<\/p>\n<p>&nbsp;<\/p>\n<p style=\"text-align: center;\"><a href=\"https:\/\/ambroisie-risque.info\/wp-content\/uploads\/2024\/06\/Ambroisies-et-agriculture-guide-daccompagnement.pdf\">A t\u00e9l\u00e9charger<br \/>\n<img loading=\"lazy\" decoding=\"async\" class=\"size-full wp-image-3557 aligncenter\" src=\"https:\/\/www.fredonoccitanie.com\/ambroisies\/wp-content\/uploads\/sites\/5\/2024\/07\/gestion_des_ambroisies.png\" alt=\"\" width=\"191\" height=\"264\" \/><\/a><\/p>\n<p>Source : https:\/\/ambroisie-risque.info\/outils\/boite-a-outils-du-referent-ambroisie\/<\/p>\n","protected":false},"excerpt":{"rendered":"<p>\u00c0 l\u2019occasion des semaines de lutte contre les ambroisies, le comit\u00e9 technique national de l\u2019Observatoire des Ambroisies a \u00e9dit\u00e9 un guide d\u2019accompagnement et d\u2019aide \u00e0 la d\u00e9cision \u00e0 l\u2019usage des r\u00e9f\u00e9rents ambroisies. Il permet d\u2019une part de se familiariser avec la probl\u00e9matique de l\u2019ambroisie dans le cas sp\u00e9cifique du milieu agricole, et d\u2019autre part de [&hellip;]<\/p>\n","protected":false},"author":5,"featured_media":3558,"comment_status":"closed","ping_status":"closed","sticky":false,"template":"","format":"standard","meta":{"footnotes":""},"categories":[7,2],"tags":[],"class_list":["post-3556","post","type-post","status-publish","format-standard","has-post-thumbnail","hentry","category-actualites-ambroisies","category-actualites-fredon"],"_links":{"self":[{"href":"https:\/\/www.fredonoccitanie.com\/eesh\/wp-json\/wp\/v2\/posts\/3556","targetHints":{"allow":["GET"]}}],"collection":[{"href":"https:\/\/www.fredonoccitanie.com\/eesh\/wp-json\/wp\/v2\/posts"}],"about":[{"href":"https:\/\/www.fredonoccitanie.com\/eesh\/wp-json\/wp\/v2\/types\/post"}],"author":[{"embeddable":true,"href":"https:\/\/www.fredonoccitanie.com\/eesh\/wp-json\/wp\/v2\/users\/5"}],"replies":[{"embeddable":true,"href":"https:\/\/www.fredonoccitanie.com\/eesh\/wp-json\/wp\/v2\/comments?post=3556"}],"version-history":[{"count":2,"href":"https:\/\/www.fredonoccitanie.com\/eesh\/wp-json\/wp\/v2\/posts\/3556\/revisions"}],"predecessor-version":[{"id":3560,"href":"https:\/\/www.fredonoccitanie.com\/eesh\/wp-json\/wp\/v2\/posts\/3556\/revisions\/3560"}],"wp:featuredmedia":[{"embeddable":true,"href":"https:\/\/www.fredonoccitanie.com\/eesh\/wp-json\/wp\/v2\/media\/3558"}],"wp:attachment":[{"href":"https:\/\/www.fredonoccitanie.com\/eesh\/wp-json\/wp\/v2\/media?parent=3556"}],"wp:term":[{"taxonomy":"category","embeddable":true,"href":"https:\/\/www.fredonoccitanie.com\/eesh\/wp-json\/wp\/v2\/categories?post=3556"},{"taxonomy":"post_tag","embeddable":true,"href":"https:\/\/www.fredonoccitanie.com\/eesh\/wp-json\/wp\/v2\/tags?post=3556"}],"curies":[{"name":"wp","href":"https:\/\/api.w.org\/{rel}","templated":true}]}}