{"id":3389,"date":"2024-05-30T14:20:48","date_gmt":"2024-05-30T12:20:48","guid":{"rendered":"https:\/\/www.fredonoccitanie.com\/ambroisies\/?p=3389"},"modified":"2024-05-30T15:28:59","modified_gmt":"2024-05-30T13:28:59","slug":"11-juin-18-juin-et-26-juin-trois-nouvelles-formations-en-ligne-pour-la-plateforme-et-le-guide-du-referent-ambroisie-2024","status":"publish","type":"post","link":"https:\/\/www.fredonoccitanie.com\/eesh\/2024\/05\/30\/11-juin-18-juin-et-26-juin-trois-nouvelles-formations-en-ligne-pour-la-plateforme-et-le-guide-du-referent-ambroisie-2024\/","title":{"rendered":"11 juin, 18 juin et 26 juin : trois nouvelles formations en ligne pour la plateforme et le guide du r\u00e9f\u00e9rent ambroisie 2024"},"content":{"rendered":"<p>La plateforme Signalement Ambroisie a eu une mise \u00e0 jour de la version web et de l\u2019appli smartphone (vous pouvez supprimer l&rsquo;ancienne version et la ret\u00e9l\u00e9charger si la mise \u00e0 jour n&rsquo;a pas \u00e9t\u00e9 automatique). Si vous \u00eates un peu perdu pour utiliser cette nouvelle version, pas de soucis,\u00a0<strong>3 nouvelles dates de formations gratuites en ligne d&rsquo;1h30 sur l\u2019utilisation de la plateforme Signalement-Ambroisie sont <\/strong><strong>programm\u00e9es en\u00a0juin et vous pouvez vous inscrire\u00a0<\/strong><a href=\"https:\/\/docs.google.com\/forms\/d\/e\/1FAIpQLSdPebBmGw_i7W3GJUpS0uTMjDKtAPWvVYazNlahMZfelOXB2w\/viewform?fbclid=IwAR2CxqnDgRVxH5To3xbnY_tzKtyYWX8reXT7CdCu-GOhU9-2rqqzfLoqyHs\" target=\"_blank\" rel=\"noopener\"><strong>en cliquant\u00a0ici\u00a0\u00e0 celle que vous souhaitez suivre !<\/strong><\/a><\/p>\n<p><a href=\"https:\/\/docs.google.com\/forms\/d\/e\/1FAIpQLSdPebBmGw_i7W3GJUpS0uTMjDKtAPWvVYazNlahMZfelOXB2w\/viewform?fbclid=IwAR2CxqnDgRVxH5To3xbnY_tzKtyYWX8reXT7CdCu-GOhU9-2rqqzfLoqyHs\"><img loading=\"lazy\" decoding=\"async\" class=\"wp-image-3390 aligncenter\" src=\"https:\/\/www.fredonoccitanie.com\/ambroisies\/wp-content\/uploads\/sites\/5\/2024\/05\/inscription_formation.jpg\" alt=\"\" width=\"1138\" height=\"246\" srcset=\"https:\/\/www.fredonoccitanie.com\/eesh\/wp-content\/uploads\/sites\/5\/2024\/05\/inscription_formation.jpg 1413w, https:\/\/www.fredonoccitanie.com\/eesh\/wp-content\/uploads\/sites\/5\/2024\/05\/inscription_formation-300x65.jpg 300w, https:\/\/www.fredonoccitanie.com\/eesh\/wp-content\/uploads\/sites\/5\/2024\/05\/inscription_formation-1030x222.jpg 1030w, https:\/\/www.fredonoccitanie.com\/eesh\/wp-content\/uploads\/sites\/5\/2024\/05\/inscription_formation-768x166.jpg 768w, https:\/\/www.fredonoccitanie.com\/eesh\/wp-content\/uploads\/sites\/5\/2024\/05\/inscription_formation-705x152.jpg 705w\" sizes=\"auto, (max-width: 1138px) 100vw, 1138px\" \/><\/a><\/p>\n<p>Une fois inscrit sur le formulaire en ligne ci-dessus, vous recevrez par mail la veille de la formation, un lien et code de connexion ZOOM pour suivre la formation \u00e0 laquelle vous \u00eates inscrit !<\/p>\n<p><a href=\"https:\/\/fredonoccitanie189-my.sharepoint.com\/:b:\/g\/personal\/e_algans_fredon-occitanie_fr\/EeQ5AfOHqDtAiKFlTCpS2OgBh56k6eOdFReM-uW8vpGxWg\" target=\"_blank\" rel=\"noopener\">En lien<\/a>, vous trouverez le guide du r\u00e9f\u00e9rent ambroisie 2024 mis \u00e0 jour!<\/p>\n<p>Source : FREDON Occitanie<\/p>\n","protected":false},"excerpt":{"rendered":"<p>La plateforme Signalement Ambroisie a eu une mise \u00e0 jour de la version web et de l\u2019appli smartphone (vous pouvez supprimer l&rsquo;ancienne version et la ret\u00e9l\u00e9charger si la mise \u00e0 jour n&rsquo;a pas \u00e9t\u00e9 automatique). Si vous \u00eates un peu perdu pour utiliser cette nouvelle version, pas de soucis,\u00a03 nouvelles dates de formations gratuites en [&hellip;]<\/p>\n","protected":false},"author":5,"featured_media":3394,"comment_status":"closed","ping_status":"closed","sticky":false,"template":"","format":"standard","meta":{"footnotes":""},"categories":[8,3],"tags":[],"class_list":["post-3389","post","type-post","status-publish","format-standard","has-post-thumbnail","hentry","category-agenda-ambroisies","category-agenda-fredon"],"_links":{"self":[{"href":"https:\/\/www.fredonoccitanie.com\/eesh\/wp-json\/wp\/v2\/posts\/3389","targetHints":{"allow":["GET"]}}],"collection":[{"href":"https:\/\/www.fredonoccitanie.com\/eesh\/wp-json\/wp\/v2\/posts"}],"about":[{"href":"https:\/\/www.fredonoccitanie.com\/eesh\/wp-json\/wp\/v2\/types\/post"}],"author":[{"embeddable":true,"href":"https:\/\/www.fredonoccitanie.com\/eesh\/wp-json\/wp\/v2\/users\/5"}],"replies":[{"embeddable":true,"href":"https:\/\/www.fredonoccitanie.com\/eesh\/wp-json\/wp\/v2\/comments?post=3389"}],"version-history":[{"count":4,"href":"https:\/\/www.fredonoccitanie.com\/eesh\/wp-json\/wp\/v2\/posts\/3389\/revisions"}],"predecessor-version":[{"id":3405,"href":"https:\/\/www.fredonoccitanie.com\/eesh\/wp-json\/wp\/v2\/posts\/3389\/revisions\/3405"}],"wp:featuredmedia":[{"embeddable":true,"href":"https:\/\/www.fredonoccitanie.com\/eesh\/wp-json\/wp\/v2\/media\/3394"}],"wp:attachment":[{"href":"https:\/\/www.fredonoccitanie.com\/eesh\/wp-json\/wp\/v2\/media?parent=3389"}],"wp:term":[{"taxonomy":"category","embeddable":true,"href":"https:\/\/www.fredonoccitanie.com\/eesh\/wp-json\/wp\/v2\/categories?post=3389"},{"taxonomy":"post_tag","embeddable":true,"href":"https:\/\/www.fredonoccitanie.com\/eesh\/wp-json\/wp\/v2\/tags?post=3389"}],"curies":[{"name":"wp","href":"https:\/\/api.w.org\/{rel}","templated":true}]}}