{"id":3236,"date":"2024-03-07T15:35:10","date_gmt":"2024-03-07T14:35:10","guid":{"rendered":"https:\/\/www.fredonoccitanie.com\/ambroisies\/?p=3236"},"modified":"2024-03-12T12:24:21","modified_gmt":"2024-03-12T11:24:21","slug":"bilan-ambroisies-decouvrez-le-bilan-de-la-saison-2023","status":"publish","type":"post","link":"https:\/\/www.fredonoccitanie.com\/eesh\/2024\/03\/07\/bilan-ambroisies-decouvrez-le-bilan-de-la-saison-2023\/","title":{"rendered":"[Bilan] Ambroisies : D\u00e9couvrez le bilan de la saison 2023"},"content":{"rendered":"<p><strong>Le bilan de la saison 2023<\/strong> offre l&rsquo;occasion de faire le point sur les r\u00e9f\u00e9rents territoriaux, les signalements et toutes les actions entreprises par les coordinateurs d\u00e9partementaux dans la lutte contre les ambroisies, dont les pollens sont des allergisants puissants.<\/p>\n<p>Depuis six ans, <strong>l&rsquo;ARS Occitanie finance un dispositif de lutte contre les ambroisies<\/strong>. Les op\u00e9rateurs de terrain sont FREDON Occitanie et l\u2019Union R\u00e9gionale des CPIE.<\/p>\n<p>Vous pouvez d\u00e9couvrir \u00e0 travers <a href=\"https:\/\/urldefense.com\/v3\/__https:\/fredonoccitanie189-my.sharepoint.com\/:b:\/g\/personal\/e_algans_fredon-occitanie_fr\/Edc2dgZ3nWJEofJ5CKpAV0UBlnJp4USu7BaLVM9pFlnwhQ?e=5luXOK__;!!FiWPmuqhD5aF3oDTQnc!n5j_12w31VtILY6ox5g6c8q1qa2TO9e2cUGdvTQSjZGyl8PcCctUePSrvUFd90irRjljyaJAO0f_scLg7z2VCnWqUn6z4nr7dtqD602OqfBmXA$\">\u00a0le bilan de cette saison<\/a>, des actions qui se renouvellent et s\u2019adaptent aux contextes locaux, comme avec l\u2019organisation de plans de lutte territoriaux. Le r\u00e9seau d\u00e9partemental et r\u00e9gional s&rsquo;\u00e9toffe, et les structures FREDON et CPIE sont d\u00e9sormais bien identifi\u00e9es par les partenaires.<\/p>\n<p>Une nouveaut\u00e9 pour 2023 a \u00e9t\u00e9 <strong>l&rsquo;installation de cinq capteurs de pollen passifs<\/strong> (SLT) \u00e0 Pamiers (09), Cahors\/Le Montat (46), S\u00e9bazac (12), R\u00e9almont (81) &amp; Saint-Laurent-d\u2019Aigouze (30 \u2013 dans un champ d\u2019ambroisies \u00e0 \u00e9pis lisses). Cette initiative vise \u00e0 <strong>mieux comprendre la circulation des pollens dans les masses d&rsquo;air et l&rsquo;exposition des populations locales<\/strong>. Les r\u00e9sultats de cette \u00e9tude sont actuellement en cours d&rsquo;analyse par le RNSA<\/p>\n<p>&nbsp;<\/p>\n<p style=\"text-align: center;\"><a href=\"https:\/\/urldefense.com\/v3\/__https:\/fredonoccitanie189-my.sharepoint.com\/:b:\/g\/personal\/e_algans_fredon-occitanie_fr\/Edc2dgZ3nWJEofJ5CKpAV0UBlnJp4USu7BaLVM9pFlnwhQ?e=5luXOK__;!!FiWPmuqhD5aF3oDTQnc!n5j_12w31VtILY6ox5g6c8q1qa2TO9e2cUGdvTQSjZGyl8PcCctUePSrvUFd90irRjljyaJAO0f_scLg7z2VCnWqUn6z4nr7dtqD602OqfBmXA$\">T\u00e9l\u00e9charger le bilan de la saison ( Pr\u00e9sentation ppt)<\/a><\/p>\n<p><a href=\"https:\/\/urldefense.com\/v3\/__https:\/fredonoccitanie189-my.sharepoint.com\/:b:\/g\/personal\/e_algans_fredon-occitanie_fr\/Edc2dgZ3nWJEofJ5CKpAV0UBlnJp4USu7BaLVM9pFlnwhQ?e=5luXOK__;!!FiWPmuqhD5aF3oDTQnc!n5j_12w31VtILY6ox5g6c8q1qa2TO9e2cUGdvTQSjZGyl8PcCctUePSrvUFd90irRjljyaJAO0f_scLg7z2VCnWqUn6z4nr7dtqD602OqfBmXA$\"><img loading=\"lazy\" decoding=\"async\" class=\"wp-image-3237 aligncenter\" src=\"https:\/\/www.fredonoccitanie.com\/ambroisies\/wp-content\/uploads\/sites\/5\/2024\/03\/bilan.png\" alt=\"\" width=\"881\" height=\"497\" srcset=\"https:\/\/www.fredonoccitanie.com\/eesh\/wp-content\/uploads\/sites\/5\/2024\/03\/bilan.png 1473w, https:\/\/www.fredonoccitanie.com\/eesh\/wp-content\/uploads\/sites\/5\/2024\/03\/bilan-300x169.png 300w, https:\/\/www.fredonoccitanie.com\/eesh\/wp-content\/uploads\/sites\/5\/2024\/03\/bilan-1030x581.png 1030w, https:\/\/www.fredonoccitanie.com\/eesh\/wp-content\/uploads\/sites\/5\/2024\/03\/bilan-768x433.png 768w, https:\/\/www.fredonoccitanie.com\/eesh\/wp-content\/uploads\/sites\/5\/2024\/03\/bilan-705x398.png 705w\" sizes=\"auto, (max-width: 881px) 100vw, 881px\" \/><\/a><\/p>\n<p>&nbsp;<\/p>\n","protected":false},"excerpt":{"rendered":"<p>Le bilan de la saison 2023 offre l&rsquo;occasion de faire le point sur les r\u00e9f\u00e9rents territoriaux, les signalements et toutes les actions entreprises par les coordinateurs d\u00e9partementaux dans la lutte contre les ambroisies, dont les pollens sont des allergisants puissants. Depuis six ans, l&rsquo;ARS Occitanie finance un dispositif de lutte contre les ambroisies. Les op\u00e9rateurs [&hellip;]<\/p>\n","protected":false},"author":5,"featured_media":3240,"comment_status":"closed","ping_status":"closed","sticky":false,"template":"","format":"standard","meta":{"footnotes":""},"categories":[7,2],"tags":[],"class_list":["post-3236","post","type-post","status-publish","format-standard","has-post-thumbnail","hentry","category-actualites-ambroisies","category-actualites-fredon"],"_links":{"self":[{"href":"https:\/\/www.fredonoccitanie.com\/eesh\/wp-json\/wp\/v2\/posts\/3236","targetHints":{"allow":["GET"]}}],"collection":[{"href":"https:\/\/www.fredonoccitanie.com\/eesh\/wp-json\/wp\/v2\/posts"}],"about":[{"href":"https:\/\/www.fredonoccitanie.com\/eesh\/wp-json\/wp\/v2\/types\/post"}],"author":[{"embeddable":true,"href":"https:\/\/www.fredonoccitanie.com\/eesh\/wp-json\/wp\/v2\/users\/5"}],"replies":[{"embeddable":true,"href":"https:\/\/www.fredonoccitanie.com\/eesh\/wp-json\/wp\/v2\/comments?post=3236"}],"version-history":[{"count":5,"href":"https:\/\/www.fredonoccitanie.com\/eesh\/wp-json\/wp\/v2\/posts\/3236\/revisions"}],"predecessor-version":[{"id":3245,"href":"https:\/\/www.fredonoccitanie.com\/eesh\/wp-json\/wp\/v2\/posts\/3236\/revisions\/3245"}],"wp:featuredmedia":[{"embeddable":true,"href":"https:\/\/www.fredonoccitanie.com\/eesh\/wp-json\/wp\/v2\/media\/3240"}],"wp:attachment":[{"href":"https:\/\/www.fredonoccitanie.com\/eesh\/wp-json\/wp\/v2\/media?parent=3236"}],"wp:term":[{"taxonomy":"category","embeddable":true,"href":"https:\/\/www.fredonoccitanie.com\/eesh\/wp-json\/wp\/v2\/categories?post=3236"},{"taxonomy":"post_tag","embeddable":true,"href":"https:\/\/www.fredonoccitanie.com\/eesh\/wp-json\/wp\/v2\/tags?post=3236"}],"curies":[{"name":"wp","href":"https:\/\/api.w.org\/{rel}","templated":true}]}}