{"id":3221,"date":"2024-01-29T09:45:11","date_gmt":"2024-01-29T08:45:11","guid":{"rendered":"https:\/\/www.fredonoccitanie.com\/ambroisies\/?p=3221"},"modified":"2024-01-29T09:45:11","modified_gmt":"2024-01-29T08:45:11","slug":"stage-6mois-cbn-connaissance-et-retours-dexperience-sur-les-plantes-exotiques-envahissantes-a-impacts-sanitaires-sauf-ambroisies","status":"publish","type":"post","link":"https:\/\/www.fredonoccitanie.com\/eesh\/2024\/01\/29\/stage-6mois-cbn-connaissance-et-retours-dexperience-sur-les-plantes-exotiques-envahissantes-a-impacts-sanitaires-sauf-ambroisies\/","title":{"rendered":"[Stage 6mois] CBN &#8211; Connaissance et retours d\u2019exp\u00e9rience sur les plantes exotiques envahissantes \u00e0 impacts sanitaires ( sauf ambroisies)"},"content":{"rendered":"<p>Le Conservatoire Botanique Pyr\u00e9n\u00e9es-Midi-Pyr\u00e9n\u00e9es propose un stage de 6 mois afin d\u2019affiner la <strong>Connaissance et avoir des retours d\u2019exp\u00e9rience sur les plantes exotiques envahissantes \u00e0 impacts sanitaires <\/strong>(hors ambroisies)<\/p>\n<p>&nbsp;<\/p>\n<p>L\u2019objectif du stage est de caract\u00e9riser les risques sanitaires directs pour l&rsquo;homme et le b\u00e9tail li\u00e9s aux plantes exotiques envahissantes pr\u00e9sentes en milieux prairiaux, et de contribuer \u00e0 la diffusion des connaissances acquises aupr\u00e8s des publics concern\u00e9s. Les ambroisies, responsables de graves pollinoses, sont l\u2019objet d\u2019une strat\u00e9gie sp\u00e9cifique de l\u2019Agence r\u00e9gionale pour la sant\u00e9 (ARS), anim\u00e9e par la FREDON et l\u2019URCPIE Occitanie, et ne font donc pas partie des plantes exotiques envahissantes \u00e0 impacts sanitaires trait\u00e9es lors de ce stage.<\/p>\n<p><a href=\"https:\/\/fredonoccitanie189-my.sharepoint.com\/:b:\/g\/personal\/e_algans_fredon-occitanie_fr\/ERmh0iEWTolNui1G115wD1QBB5DOwEmFJzerNULEWzEGjQ?e=mgrR2Y\">T\u00e9l\u00e9charger l&rsquo;offre<\/a><\/p>\n","protected":false},"excerpt":{"rendered":"<p>Le Conservatoire Botanique Pyr\u00e9n\u00e9es-Midi-Pyr\u00e9n\u00e9es propose un stage de 6 mois afin d\u2019affiner la Connaissance et avoir des retours d\u2019exp\u00e9rience sur les plantes exotiques envahissantes \u00e0 impacts sanitaires (hors ambroisies) &nbsp; L\u2019objectif du stage est de caract\u00e9riser les risques sanitaires directs pour l&rsquo;homme et le b\u00e9tail li\u00e9s aux plantes exotiques envahissantes pr\u00e9sentes en milieux prairiaux, et [&hellip;]<\/p>\n","protected":false},"author":5,"featured_media":3222,"comment_status":"closed","ping_status":"closed","sticky":false,"template":"","format":"standard","meta":{"footnotes":""},"categories":[7],"tags":[],"class_list":["post-3221","post","type-post","status-publish","format-standard","has-post-thumbnail","hentry","category-actualites-ambroisies"],"_links":{"self":[{"href":"https:\/\/www.fredonoccitanie.com\/eesh\/wp-json\/wp\/v2\/posts\/3221","targetHints":{"allow":["GET"]}}],"collection":[{"href":"https:\/\/www.fredonoccitanie.com\/eesh\/wp-json\/wp\/v2\/posts"}],"about":[{"href":"https:\/\/www.fredonoccitanie.com\/eesh\/wp-json\/wp\/v2\/types\/post"}],"author":[{"embeddable":true,"href":"https:\/\/www.fredonoccitanie.com\/eesh\/wp-json\/wp\/v2\/users\/5"}],"replies":[{"embeddable":true,"href":"https:\/\/www.fredonoccitanie.com\/eesh\/wp-json\/wp\/v2\/comments?post=3221"}],"version-history":[{"count":3,"href":"https:\/\/www.fredonoccitanie.com\/eesh\/wp-json\/wp\/v2\/posts\/3221\/revisions"}],"predecessor-version":[{"id":3225,"href":"https:\/\/www.fredonoccitanie.com\/eesh\/wp-json\/wp\/v2\/posts\/3221\/revisions\/3225"}],"wp:featuredmedia":[{"embeddable":true,"href":"https:\/\/www.fredonoccitanie.com\/eesh\/wp-json\/wp\/v2\/media\/3222"}],"wp:attachment":[{"href":"https:\/\/www.fredonoccitanie.com\/eesh\/wp-json\/wp\/v2\/media?parent=3221"}],"wp:term":[{"taxonomy":"category","embeddable":true,"href":"https:\/\/www.fredonoccitanie.com\/eesh\/wp-json\/wp\/v2\/categories?post=3221"},{"taxonomy":"post_tag","embeddable":true,"href":"https:\/\/www.fredonoccitanie.com\/eesh\/wp-json\/wp\/v2\/tags?post=3221"}],"curies":[{"name":"wp","href":"https:\/\/api.w.org\/{rel}","templated":true}]}}