{"id":3204,"date":"2024-01-15T16:43:45","date_gmt":"2024-01-15T15:43:45","guid":{"rendered":"https:\/\/www.fredonoccitanie.com\/ambroisies\/?p=3204"},"modified":"2024-01-16T09:34:04","modified_gmt":"2024-01-16T08:34:04","slug":"docsun-outil-pour-aider-les-collectivites-a-agir","status":"publish","type":"post","link":"https:\/\/www.fredonoccitanie.com\/eesh\/2024\/01\/15\/docsun-outil-pour-aider-les-collectivites-a-agir\/","title":{"rendered":"[Outil] Un outil pour aider les collectivit\u00e9s \u00e0 agir !"},"content":{"rendered":"<p><a href=\"https:\/\/fredonoccitanie189-my.sharepoint.com\/:b:\/g\/personal\/e_algans_fredon-occitanie_fr\/EQQVDCyB2ihBjEP8PUHoiFcBJta-DpRS54gq1zVyVEm_WQ?e=Mhi7Ne\">U<\/a><a href=\"https:\/\/fredonoccitanie189-my.sharepoint.com\/:b:\/g\/personal\/e_algans_fredon-occitanie_fr\/EQQVDCyB2ihBjEP8PUHoiFcBJta-DpRS54gq1zVyVEm_WQ?e=Mhi7Ne\">n document r\u00e9capitulant les recommandations d\u2019actions des collectivit\u00e9s est disponible sur le site<\/a>. Il a \u00e9t\u00e9 distribu\u00e9 aux communes pr\u00e9sentes \u00e0 la remise des prix de la charte \u00ab\u00a0engag\u00e9 pour le v\u00e9g\u00e9tal\u00a0\u00bb.<\/p>\n<p>Un calendrier communal de gestion, une incitation \u00e0 signaler les ambroisies et le r\u00f4le du r\u00e9f\u00e9rent communal permettent de repr\u00e9ciser l\u2019importance pour les collectivit\u00e9s d\u2019\u00eatre attentif aux ambroisies. Quelle que soit le degr\u00e9 de pr\u00e9sence de l\u2019ambroisie sur votre territoire (<a href=\"https:\/\/www.fredonoccitanie.com\/ambroisies\/cartes-cbn-de-repartition-des-ambroisies\/\">voir cartes<\/a>), il est important de la (re)conna\u00eetre. En effet, la rep\u00e9rer d\u00e8s son arriv\u00e9e sur la commune ou la combattre m\u00e9thodiquement si elle est d\u00e9j\u00e0 l\u00e0 feront partie des bons r\u00e9flexes pour ne pas se laisser d\u00e9border par cette plante envahissante.<\/p>\n<p>&nbsp;<\/p>\n<p style=\"text-align: center;\"><a href=\"https:\/\/fredonoccitanie189-my.sharepoint.com\/:b:\/g\/personal\/e_algans_fredon-occitanie_fr\/EQQVDCyB2ihBjEP8PUHoiFcBJta-DpRS54gq1zVyVEm_WQ?e=Mhi7Ne\">A t\u00e9l\u00e9charger<\/a><\/p>\n<p><a href=\"https:\/\/fredonoccitanie189-my.sharepoint.com\/:b:\/g\/personal\/e_algans_fredon-occitanie_fr\/EQQVDCyB2ihBjEP8PUHoiFcBJta-DpRS54gq1zVyVEm_WQ?e=Mhi7Ne\"><img loading=\"lazy\" decoding=\"async\" class=\"alignnone wp-image-3206 aligncenter\" src=\"https:\/\/www.fredonoccitanie.com\/ambroisies\/wp-content\/uploads\/sites\/5\/2024\/01\/r1.png\" alt=\"\" width=\"348\" height=\"492\" srcset=\"https:\/\/www.fredonoccitanie.com\/eesh\/wp-content\/uploads\/sites\/5\/2024\/01\/r1.png 643w, https:\/\/www.fredonoccitanie.com\/eesh\/wp-content\/uploads\/sites\/5\/2024\/01\/r1-212x300.png 212w, https:\/\/www.fredonoccitanie.com\/eesh\/wp-content\/uploads\/sites\/5\/2024\/01\/r1-499x705.png 499w\" sizes=\"auto, (max-width: 348px) 100vw, 348px\" \/><\/a><a href=\"https:\/\/fredonoccitanie189-my.sharepoint.com\/:b:\/g\/personal\/e_algans_fredon-occitanie_fr\/EQQVDCyB2ihBjEP8PUHoiFcBJta-DpRS54gq1zVyVEm_WQ?e=Mhi7Ne\"><img loading=\"lazy\" decoding=\"async\" class=\"alignnone wp-image-3205 aligncenter\" src=\"https:\/\/www.fredonoccitanie.com\/ambroisies\/wp-content\/uploads\/sites\/5\/2024\/01\/r2.png\" alt=\"\" width=\"348\" height=\"488\" srcset=\"https:\/\/www.fredonoccitanie.com\/eesh\/wp-content\/uploads\/sites\/5\/2024\/01\/r2.png 646w, https:\/\/www.fredonoccitanie.com\/eesh\/wp-content\/uploads\/sites\/5\/2024\/01\/r2-214x300.png 214w, https:\/\/www.fredonoccitanie.com\/eesh\/wp-content\/uploads\/sites\/5\/2024\/01\/r2-503x705.png 503w\" sizes=\"auto, (max-width: 348px) 100vw, 348px\" \/><\/a><\/p>\n","protected":false},"excerpt":{"rendered":"<p>Un document r\u00e9capitulant les recommandations d\u2019actions des collectivit\u00e9s est disponible sur le site. Il a \u00e9t\u00e9 distribu\u00e9 aux communes pr\u00e9sentes \u00e0 la remise des prix de la charte \u00ab\u00a0engag\u00e9 pour le v\u00e9g\u00e9tal\u00a0\u00bb. Un calendrier communal de gestion, une incitation \u00e0 signaler les ambroisies et le r\u00f4le du r\u00e9f\u00e9rent communal permettent de repr\u00e9ciser l\u2019importance pour les [&hellip;]<\/p>\n","protected":false},"author":5,"featured_media":3207,"comment_status":"closed","ping_status":"closed","sticky":false,"template":"","format":"standard","meta":{"footnotes":""},"categories":[7,2],"tags":[],"class_list":["post-3204","post","type-post","status-publish","format-standard","has-post-thumbnail","hentry","category-actualites-ambroisies","category-actualites-fredon"],"_links":{"self":[{"href":"https:\/\/www.fredonoccitanie.com\/eesh\/wp-json\/wp\/v2\/posts\/3204","targetHints":{"allow":["GET"]}}],"collection":[{"href":"https:\/\/www.fredonoccitanie.com\/eesh\/wp-json\/wp\/v2\/posts"}],"about":[{"href":"https:\/\/www.fredonoccitanie.com\/eesh\/wp-json\/wp\/v2\/types\/post"}],"author":[{"embeddable":true,"href":"https:\/\/www.fredonoccitanie.com\/eesh\/wp-json\/wp\/v2\/users\/5"}],"replies":[{"embeddable":true,"href":"https:\/\/www.fredonoccitanie.com\/eesh\/wp-json\/wp\/v2\/comments?post=3204"}],"version-history":[{"count":5,"href":"https:\/\/www.fredonoccitanie.com\/eesh\/wp-json\/wp\/v2\/posts\/3204\/revisions"}],"predecessor-version":[{"id":3211,"href":"https:\/\/www.fredonoccitanie.com\/eesh\/wp-json\/wp\/v2\/posts\/3204\/revisions\/3211"}],"wp:featuredmedia":[{"embeddable":true,"href":"https:\/\/www.fredonoccitanie.com\/eesh\/wp-json\/wp\/v2\/media\/3207"}],"wp:attachment":[{"href":"https:\/\/www.fredonoccitanie.com\/eesh\/wp-json\/wp\/v2\/media?parent=3204"}],"wp:term":[{"taxonomy":"category","embeddable":true,"href":"https:\/\/www.fredonoccitanie.com\/eesh\/wp-json\/wp\/v2\/categories?post=3204"},{"taxonomy":"post_tag","embeddable":true,"href":"https:\/\/www.fredonoccitanie.com\/eesh\/wp-json\/wp\/v2\/tags?post=3204"}],"curies":[{"name":"wp","href":"https:\/\/api.w.org\/{rel}","templated":true}]}}