{"id":3200,"date":"2024-01-15T16:39:13","date_gmt":"2024-01-15T15:39:13","guid":{"rendered":"https:\/\/www.fredonoccitanie.com\/ambroisies\/?p=3200"},"modified":"2024-01-16T09:36:21","modified_gmt":"2024-01-16T08:36:21","slug":"actu-evaluation-du-risque-dexposition-aux-chenilles-urticantes-anses","status":"publish","type":"post","link":"https:\/\/www.fredonoccitanie.com\/eesh\/2024\/01\/15\/actu-evaluation-du-risque-dexposition-aux-chenilles-urticantes-anses\/","title":{"rendered":"[Actu] \u00c9valuation du risque d\u2019exposition aux chenilles urticantes, ANSES"},"content":{"rendered":"<p>Les travaux de l\u2019Anses concernant l<strong>\u2019\u00e9valuation du risque d\u2019exposition aux chenilles urticantes<\/strong> ont \u00e9t\u00e9 rendus le 10 janvier 2024.<\/p>\n<p>Ils ont \u00e9t\u00e9 publi\u00e9s en ligne et peuvent \u00eatre retrouv\u00e9s<a href=\"https:\/\/www.anses.fr\/fr\/content\/evaluer-risque-exposition-chenilles-urticantes\"> ici <\/a><\/p>\n<p>Les aires de distribution g\u00e9ographique des chenilles processionnaires du pin et du ch\u00eane \u00e9voluent depuis quelques ann\u00e9es en France \u00e0 la faveur du d\u00e9r\u00e8glement climatique. Leur pr\u00e9sence, de m\u00eame que celle d\u2019autres chenilles urticantes, constitue un risque pour la sant\u00e9 humaine et animale. L\u2019Anses a \u00e9valu\u00e9 le <strong>risque li\u00e9 \u00e0 l\u2019exposition des populations par commune<\/strong>, en France hexagonale et en Corse, afin d\u2019adapter les mesures de pr\u00e9vention et de lutte \u00e0 appliquer sur le terrain.<\/p>\n","protected":false},"excerpt":{"rendered":"<p>Les travaux de l\u2019Anses concernant l\u2019\u00e9valuation du risque d\u2019exposition aux chenilles urticantes ont \u00e9t\u00e9 rendus le 10 janvier 2024. Ils ont \u00e9t\u00e9 publi\u00e9s en ligne et peuvent \u00eatre retrouv\u00e9s ici Les aires de distribution g\u00e9ographique des chenilles processionnaires du pin et du ch\u00eane \u00e9voluent depuis quelques ann\u00e9es en France \u00e0 la faveur du d\u00e9r\u00e8glement climatique. [&hellip;]<\/p>\n","protected":false},"author":5,"featured_media":3201,"comment_status":"closed","ping_status":"closed","sticky":false,"template":"","format":"standard","meta":{"footnotes":""},"categories":[7,2],"tags":[],"class_list":["post-3200","post","type-post","status-publish","format-standard","has-post-thumbnail","hentry","category-actualites-ambroisies","category-actualites-fredon"],"_links":{"self":[{"href":"https:\/\/www.fredonoccitanie.com\/eesh\/wp-json\/wp\/v2\/posts\/3200","targetHints":{"allow":["GET"]}}],"collection":[{"href":"https:\/\/www.fredonoccitanie.com\/eesh\/wp-json\/wp\/v2\/posts"}],"about":[{"href":"https:\/\/www.fredonoccitanie.com\/eesh\/wp-json\/wp\/v2\/types\/post"}],"author":[{"embeddable":true,"href":"https:\/\/www.fredonoccitanie.com\/eesh\/wp-json\/wp\/v2\/users\/5"}],"replies":[{"embeddable":true,"href":"https:\/\/www.fredonoccitanie.com\/eesh\/wp-json\/wp\/v2\/comments?post=3200"}],"version-history":[{"count":3,"href":"https:\/\/www.fredonoccitanie.com\/eesh\/wp-json\/wp\/v2\/posts\/3200\/revisions"}],"predecessor-version":[{"id":3214,"href":"https:\/\/www.fredonoccitanie.com\/eesh\/wp-json\/wp\/v2\/posts\/3200\/revisions\/3214"}],"wp:featuredmedia":[{"embeddable":true,"href":"https:\/\/www.fredonoccitanie.com\/eesh\/wp-json\/wp\/v2\/media\/3201"}],"wp:attachment":[{"href":"https:\/\/www.fredonoccitanie.com\/eesh\/wp-json\/wp\/v2\/media?parent=3200"}],"wp:term":[{"taxonomy":"category","embeddable":true,"href":"https:\/\/www.fredonoccitanie.com\/eesh\/wp-json\/wp\/v2\/categories?post=3200"},{"taxonomy":"post_tag","embeddable":true,"href":"https:\/\/www.fredonoccitanie.com\/eesh\/wp-json\/wp\/v2\/tags?post=3200"}],"curies":[{"name":"wp","href":"https:\/\/api.w.org\/{rel}","templated":true}]}}