{"id":3194,"date":"2024-01-15T16:37:59","date_gmt":"2024-01-15T15:37:59","guid":{"rendered":"https:\/\/www.fredonoccitanie.com\/ambroisies\/?p=3194"},"modified":"2024-01-15T16:37:59","modified_gmt":"2024-01-15T15:37:59","slug":"actu-groupe-de-travail-regional-sur-les-chenilles-processionnaires-organise-par-lars","status":"publish","type":"post","link":"https:\/\/www.fredonoccitanie.com\/eesh\/2024\/01\/15\/actu-groupe-de-travail-regional-sur-les-chenilles-processionnaires-organise-par-lars\/","title":{"rendered":"[Actu] Groupe de travail r\u00e9gional sur les chenilles processionnaires organis\u00e9 par l&rsquo;ARS"},"content":{"rendered":"<h5 style=\"text-align: center;\">Tenue d\u2019un 1<sup>er<\/sup> groupe de travail r\u00e9gional sur les chenilles processionnaires<\/h5>\n<p><img loading=\"lazy\" decoding=\"async\" class=\"size-full wp-image-3195 aligncenter\" src=\"https:\/\/www.fredonoccitanie.com\/ambroisies\/wp-content\/uploads\/sites\/5\/2024\/01\/Image4.png\" alt=\"\" width=\"496\" height=\"503\" srcset=\"https:\/\/www.fredonoccitanie.com\/eesh\/wp-content\/uploads\/sites\/5\/2024\/01\/Image4.png 496w, https:\/\/www.fredonoccitanie.com\/eesh\/wp-content\/uploads\/sites\/5\/2024\/01\/Image4-296x300.png 296w, https:\/\/www.fredonoccitanie.com\/eesh\/wp-content\/uploads\/sites\/5\/2024\/01\/Image4-80x80.png 80w, https:\/\/www.fredonoccitanie.com\/eesh\/wp-content\/uploads\/sites\/5\/2024\/01\/Image4-36x36.png 36w\" sizes=\"auto, (max-width: 496px) 100vw, 496px\" \/><\/p>\n<p>&nbsp;<\/p>\n<p>Un premier groupe de travail partenarial r\u00e9gional sur <strong>les chenilles processionnaires<\/strong> se tiendra le jeudi 1<sup>er<\/sup> f\u00e9vrier 2024 apr\u00e8s-midi \u00e0 l\u2019ARS de Montpellier.<\/p>\n<p>Cette rencontre <strong>organis\u00e9e par l\u2019ARS Occitanie, assist\u00e9e de FREDON Occitanie<\/strong> vise \u00e0 l\u2019\u00e9<strong>laboration d\u2019un sch\u00e9ma directeur de lutte et de surveillance contre les chenilles processionnaires du pin et du ch\u00eane<\/strong> \u00e0 diff\u00e9rentes \u00e9chelles du territoire (en application de l\u2019article D. 13338-1 du code de la sant\u00e9 publique).<\/p>\n<p>Cette r\u00e9union a pour objectif de r<strong>encontrer et dialoguer avec les acteurs identifi\u00e9s<\/strong>\u00a0: les Pr\u00e9fectures, les services for\u00eat institutionnels (DRAAF-SRFoB, DREAL, OFB, INRAe, Conseils D\u00e9partementaux, les DIR (direction des routes), les Parcs Naturels R\u00e9gionaux et Parc National, l\u2019UR-CAUE), les collectivit\u00e9s foresti\u00e8res (COFOR, AMF, CRPF), l\u2019UNEP, Graine Occitanie.<\/p>\n<p>Afin de questionner sur un \u00e9tat des lieux, puis de recueillir les avis et propositions des diff\u00e9rents acteurs impliqu\u00e9s dans cette lutte, un temps participatif d\u2019\u00e9changes autour du contenu des futurs arr\u00eat\u00e9s pr\u00e9fectoraux et des plans de lutte aff\u00e9rents sera propos\u00e9 au cours de cette r\u00e9union, en s\u2019appuyant sur le <a href=\"https:\/\/urldefense.com\/v3\/__https:\/chenille-risque.info\/outils\/documentations\/*1688561802284-cbbd69e1-deb5__;Iw!!FiWPmuqhD5aF3oDTQnc!kBILBDf8edOrjPwttvaHWfsOVm5f24HIQMtAg6aWM27iJcNjjXodZYUYctAuE1cZQGgeaN5ofHgwe-RNWLGAZuFwC6ka33nGXRIg80Dd2iOi7A$\">vademecum<\/a> r\u00e9dig\u00e9 par l\u2019Observatoire des Chenilles processionnaires (FREDON France) et la Direction G\u00e9n\u00e9rale de la Sant\u00e9. Celui-ci vient en accompagnement technique du d\u00e9cret n\u00b02022-686 du 25 avril 2022 relatif \u00e0 la lutte contre la chenille processionnaire du ch\u00eane et la chenille processionnaire du pin.<\/p>\n<p>&nbsp;<\/p>\n","protected":false},"excerpt":{"rendered":"<p>Tenue d\u2019un 1er groupe de travail r\u00e9gional sur les chenilles processionnaires &nbsp; Un premier groupe de travail partenarial r\u00e9gional sur les chenilles processionnaires se tiendra le jeudi 1er f\u00e9vrier 2024 apr\u00e8s-midi \u00e0 l\u2019ARS de Montpellier. Cette rencontre organis\u00e9e par l\u2019ARS Occitanie, assist\u00e9e de FREDON Occitanie vise \u00e0 l\u2019\u00e9laboration d\u2019un sch\u00e9ma directeur de lutte et de [&hellip;]<\/p>\n","protected":false},"author":5,"featured_media":3196,"comment_status":"closed","ping_status":"closed","sticky":false,"template":"","format":"standard","meta":{"footnotes":""},"categories":[1],"tags":[],"class_list":["post-3194","post","type-post","status-publish","format-standard","has-post-thumbnail","hentry","category-non-classe"],"_links":{"self":[{"href":"https:\/\/www.fredonoccitanie.com\/eesh\/wp-json\/wp\/v2\/posts\/3194","targetHints":{"allow":["GET"]}}],"collection":[{"href":"https:\/\/www.fredonoccitanie.com\/eesh\/wp-json\/wp\/v2\/posts"}],"about":[{"href":"https:\/\/www.fredonoccitanie.com\/eesh\/wp-json\/wp\/v2\/types\/post"}],"author":[{"embeddable":true,"href":"https:\/\/www.fredonoccitanie.com\/eesh\/wp-json\/wp\/v2\/users\/5"}],"replies":[{"embeddable":true,"href":"https:\/\/www.fredonoccitanie.com\/eesh\/wp-json\/wp\/v2\/comments?post=3194"}],"version-history":[{"count":3,"href":"https:\/\/www.fredonoccitanie.com\/eesh\/wp-json\/wp\/v2\/posts\/3194\/revisions"}],"predecessor-version":[{"id":3199,"href":"https:\/\/www.fredonoccitanie.com\/eesh\/wp-json\/wp\/v2\/posts\/3194\/revisions\/3199"}],"wp:featuredmedia":[{"embeddable":true,"href":"https:\/\/www.fredonoccitanie.com\/eesh\/wp-json\/wp\/v2\/media\/3196"}],"wp:attachment":[{"href":"https:\/\/www.fredonoccitanie.com\/eesh\/wp-json\/wp\/v2\/media?parent=3194"}],"wp:term":[{"taxonomy":"category","embeddable":true,"href":"https:\/\/www.fredonoccitanie.com\/eesh\/wp-json\/wp\/v2\/categories?post=3194"},{"taxonomy":"post_tag","embeddable":true,"href":"https:\/\/www.fredonoccitanie.com\/eesh\/wp-json\/wp\/v2\/tags?post=3194"}],"curies":[{"name":"wp","href":"https:\/\/api.w.org\/{rel}","templated":true}]}}