{"id":3188,"date":"2024-01-15T16:33:54","date_gmt":"2024-01-15T15:33:54","guid":{"rendered":"https:\/\/www.fredonoccitanie.com\/ambroisies\/?p=3188"},"modified":"2024-01-16T09:37:24","modified_gmt":"2024-01-16T08:37:24","slug":"les-28-et-29-fevrier-a-ales-intervention-de-fredon-occitanie-sur-les-plantes-invasives","status":"publish","type":"post","link":"https:\/\/www.fredonoccitanie.com\/eesh\/2024\/01\/15\/les-28-et-29-fevrier-a-ales-intervention-de-fredon-occitanie-sur-les-plantes-invasives\/","title":{"rendered":"les 28 et 29 f\u00e9vrier \u00e0 Al\u00e8s : intervention de FREDON Occitanie sur les plantes invasives"},"content":{"rendered":"<h3 style=\"text-align: center;\">Une intervention de FREDON sur les plantes invasives lors des premi\u00e8res <a href=\"https:\/\/www.cevennes-tourisme.fr\/espace-pro\/les-rencontres-du-tourisme-durable\/\">rencontres du tourisme durable en C\u00e9vennes<\/a> qui auront lieu \u00e0 Al\u00e8s les 28 et 29 f\u00e9vrier 2024.<\/h3>\n<p>&nbsp;<\/p>\n<p>Fredon Occitanie a \u00e9t\u00e9 contact\u00e9e en tant qu\u2019expert sur la question des ambroisies pour coanimer une conf\u00e9rence avec le <a href=\"https:\/\/www.pomologie.fr\/?\">Centre National de Pomologie d\u2019Al\u00e8s<\/a> <strong>sur les enjeux de la lutte contre l\u2019ambroisie<\/strong> au niveau des acteurs du tourisme durable en C\u00e9vennes.<\/p>\n<p>En effet, les <strong>plantes invasives repr\u00e9sentent un enjeu \u00e9conomique y compris pour les structures touristiques\u00a0<\/strong>: nuisances pour la sant\u00e9 humaine, pouvant entrainer des diminutions de fr\u00e9quentation, d\u00e9gradation des milieux sauvages, en particulier les rivi\u00e8res.<\/p>\n<p>Les cons\u00e9quences de la pr\u00e9sence d\u2019ambroisie sur les lieux touristiques sera abord\u00e9e \u00e0 travers diff\u00e9rents axes :<strong> la sant\u00e9 humaine, l\u2019impact sur la biodiversit\u00e9 locale, les rives des cours d\u2019eau, les cultures et les am\u00e9nagements routiers<\/strong>. Un \u00e9tat des lieux de sa pr\u00e9sence et de son impact en C\u00e9vennes sera pr\u00e9sent\u00e9 ainsi que les moyens de sensibilisation et de pr\u00e9vention.<\/p>\n<p>Des pistes de lutte proposeront aux professionnels du tourisme impact\u00e9s des <strong>moyens curatifs<\/strong> pour \u00e9viter son d\u00e9veloppement : <strong>\u00e9valuation des risques, mise en place de couverts v\u00e9g\u00e9taux, \u00e9co p\u00e2turage, suivi des calendriers de lutte.<\/strong><\/p>\n<p><strong>Intervenantes\u00a0:<\/strong> Anne-Marie Ducasse Cournac, FREDON Occitanie et Sabine Rauzier, Centre National de Pomologie d\u2019Al\u00e8s. Al\u00e8s, le 28 f\u00e9vrier \u00e0 16h30, salle du HUB.<\/p>\n<p style=\"text-align: center;\"><img loading=\"lazy\" decoding=\"async\" class=\"alignnone wp-image-3190\" src=\"https:\/\/www.fredonoccitanie.com\/ambroisies\/wp-content\/uploads\/sites\/5\/2024\/01\/rencontre.png\" alt=\"\" width=\"319\" height=\"230\" srcset=\"https:\/\/www.fredonoccitanie.com\/eesh\/wp-content\/uploads\/sites\/5\/2024\/01\/rencontre.png 507w, https:\/\/www.fredonoccitanie.com\/eesh\/wp-content\/uploads\/sites\/5\/2024\/01\/rencontre-300x216.png 300w\" sizes=\"auto, (max-width: 319px) 100vw, 319px\" \/> <img loading=\"lazy\" decoding=\"async\" class=\"alignnone size-full wp-image-3189\" src=\"https:\/\/www.fredonoccitanie.com\/ambroisies\/wp-content\/uploads\/sites\/5\/2024\/01\/rencontre2.png\" alt=\"\" width=\"223\" height=\"100\" \/><\/p>\n","protected":false},"excerpt":{"rendered":"<p>Une intervention de FREDON sur les plantes invasives lors des premi\u00e8res rencontres du tourisme durable en C\u00e9vennes qui auront lieu \u00e0 Al\u00e8s les 28 et 29 f\u00e9vrier 2024. &nbsp; Fredon Occitanie a \u00e9t\u00e9 contact\u00e9e en tant qu\u2019expert sur la question des ambroisies pour coanimer une conf\u00e9rence avec le Centre National de Pomologie d\u2019Al\u00e8s sur les [&hellip;]<\/p>\n","protected":false},"author":5,"featured_media":3190,"comment_status":"closed","ping_status":"closed","sticky":false,"template":"","format":"standard","meta":{"footnotes":""},"categories":[8,3],"tags":[],"class_list":["post-3188","post","type-post","status-publish","format-standard","has-post-thumbnail","hentry","category-agenda-ambroisies","category-agenda-fredon"],"_links":{"self":[{"href":"https:\/\/www.fredonoccitanie.com\/eesh\/wp-json\/wp\/v2\/posts\/3188","targetHints":{"allow":["GET"]}}],"collection":[{"href":"https:\/\/www.fredonoccitanie.com\/eesh\/wp-json\/wp\/v2\/posts"}],"about":[{"href":"https:\/\/www.fredonoccitanie.com\/eesh\/wp-json\/wp\/v2\/types\/post"}],"author":[{"embeddable":true,"href":"https:\/\/www.fredonoccitanie.com\/eesh\/wp-json\/wp\/v2\/users\/5"}],"replies":[{"embeddable":true,"href":"https:\/\/www.fredonoccitanie.com\/eesh\/wp-json\/wp\/v2\/comments?post=3188"}],"version-history":[{"count":4,"href":"https:\/\/www.fredonoccitanie.com\/eesh\/wp-json\/wp\/v2\/posts\/3188\/revisions"}],"predecessor-version":[{"id":3216,"href":"https:\/\/www.fredonoccitanie.com\/eesh\/wp-json\/wp\/v2\/posts\/3188\/revisions\/3216"}],"wp:featuredmedia":[{"embeddable":true,"href":"https:\/\/www.fredonoccitanie.com\/eesh\/wp-json\/wp\/v2\/media\/3190"}],"wp:attachment":[{"href":"https:\/\/www.fredonoccitanie.com\/eesh\/wp-json\/wp\/v2\/media?parent=3188"}],"wp:term":[{"taxonomy":"category","embeddable":true,"href":"https:\/\/www.fredonoccitanie.com\/eesh\/wp-json\/wp\/v2\/categories?post=3188"},{"taxonomy":"post_tag","embeddable":true,"href":"https:\/\/www.fredonoccitanie.com\/eesh\/wp-json\/wp\/v2\/tags?post=3188"}],"curies":[{"name":"wp","href":"https:\/\/api.w.org\/{rel}","templated":true}]}}