{"id":3183,"date":"2024-01-15T15:58:40","date_gmt":"2024-01-15T14:58:40","guid":{"rendered":"https:\/\/www.fredonoccitanie.com\/ambroisies\/?p=3183"},"modified":"2024-01-16T09:38:15","modified_gmt":"2024-01-16T08:38:15","slug":"le-23-janvier-a-montpellier-intervention-sur-les-ambroisies-pour-le-rivoc-risques-infectieux-et-vecteurs-en-occitanie","status":"publish","type":"post","link":"https:\/\/www.fredonoccitanie.com\/eesh\/2024\/01\/15\/le-23-janvier-a-montpellier-intervention-sur-les-ambroisies-pour-le-rivoc-risques-infectieux-et-vecteurs-en-occitanie\/","title":{"rendered":"le 23 janvier \u00e0 Montpellier : intervention sur les ambroisies pour le RIVOC (Risques Infectieux et Vecteurs en Occitanie"},"content":{"rendered":"<p>FREDON Occitanie interviendra sur les ambroisies dans le cadre d\u2019une <strong>formation \u00a0\u00bb Sensibilisation \u00e0 une approche transversale de la gestion de certaines esp\u00e8ces invasives ou vectrices d\u2019agents pathog\u00e8nes pr\u00e9sentes en r\u00e9gion Occitanie \u00ab\u00a0<\/strong>, les 22 et 23 janvier, \u00e0 destination des agents de l&rsquo;ARS, DRAAF et DDPP.<\/p>\n<p>&nbsp;<\/p>\n<p>La probl\u00e9matique ambroisie sera abord\u00e9e sous l\u2019angle de la politique publique vers les actions de terrain, et illustrera une partie de l\u2019intervention de Pierre Ehret (DGAL\/SDSPV) sur la grande diversit\u00e9 d\u2019approches et d\u2019impacts des politiques publiques et r\u00e9glementations relatives aux esp\u00e8ces exotiques envahissantes.<\/p>\n<p>La vocation du projet RIVOC \u00ab <strong>Risques Infectieux et Vecteurs<\/strong> \u00bb est de d\u00e9velopper des <strong>approches innovantes et durables<\/strong> afin d\u2019am\u00e9liorer la compr\u00e9hension, la surveillance et le contr\u00f4le de ces maladies et de leurs vecteurs, ou des esp\u00e8ces exotiques envahissantes. La formation et mise en r\u00e9seau des acteurs est un des moyens d\u2019animer ce th\u00e8me. C\u2019est dans ce cadre que FREDON Occitanie a \u00e9t\u00e9 identifi\u00e9e pour illustrer l\u2019aspect plantes exotiques envahissantes avec l\u2019ambroisie.<\/p>\n","protected":false},"excerpt":{"rendered":"<p>FREDON Occitanie interviendra sur les ambroisies dans le cadre d\u2019une formation \u00a0\u00bb Sensibilisation \u00e0 une approche transversale de la gestion de certaines esp\u00e8ces invasives ou vectrices d\u2019agents pathog\u00e8nes pr\u00e9sentes en r\u00e9gion Occitanie \u00ab\u00a0, les 22 et 23 janvier, \u00e0 destination des agents de l&rsquo;ARS, DRAAF et DDPP. &nbsp; La probl\u00e9matique ambroisie sera abord\u00e9e sous l\u2019angle [&hellip;]<\/p>\n","protected":false},"author":5,"featured_media":3184,"comment_status":"closed","ping_status":"closed","sticky":false,"template":"","format":"standard","meta":{"footnotes":""},"categories":[8,3,1],"tags":[],"class_list":["post-3183","post","type-post","status-publish","format-standard","has-post-thumbnail","hentry","category-agenda-ambroisies","category-agenda-fredon","category-non-classe"],"_links":{"self":[{"href":"https:\/\/www.fredonoccitanie.com\/eesh\/wp-json\/wp\/v2\/posts\/3183","targetHints":{"allow":["GET"]}}],"collection":[{"href":"https:\/\/www.fredonoccitanie.com\/eesh\/wp-json\/wp\/v2\/posts"}],"about":[{"href":"https:\/\/www.fredonoccitanie.com\/eesh\/wp-json\/wp\/v2\/types\/post"}],"author":[{"embeddable":true,"href":"https:\/\/www.fredonoccitanie.com\/eesh\/wp-json\/wp\/v2\/users\/5"}],"replies":[{"embeddable":true,"href":"https:\/\/www.fredonoccitanie.com\/eesh\/wp-json\/wp\/v2\/comments?post=3183"}],"version-history":[{"count":4,"href":"https:\/\/www.fredonoccitanie.com\/eesh\/wp-json\/wp\/v2\/posts\/3183\/revisions"}],"predecessor-version":[{"id":3218,"href":"https:\/\/www.fredonoccitanie.com\/eesh\/wp-json\/wp\/v2\/posts\/3183\/revisions\/3218"}],"wp:featuredmedia":[{"embeddable":true,"href":"https:\/\/www.fredonoccitanie.com\/eesh\/wp-json\/wp\/v2\/media\/3184"}],"wp:attachment":[{"href":"https:\/\/www.fredonoccitanie.com\/eesh\/wp-json\/wp\/v2\/media?parent=3183"}],"wp:term":[{"taxonomy":"category","embeddable":true,"href":"https:\/\/www.fredonoccitanie.com\/eesh\/wp-json\/wp\/v2\/categories?post=3183"},{"taxonomy":"post_tag","embeddable":true,"href":"https:\/\/www.fredonoccitanie.com\/eesh\/wp-json\/wp\/v2\/tags?post=3183"}],"curies":[{"name":"wp","href":"https:\/\/api.w.org\/{rel}","templated":true}]}}