{"id":2944,"date":"2023-10-06T09:16:40","date_gmt":"2023-10-06T07:16:40","guid":{"rendered":"https:\/\/www.fredonoccitanie.com\/ambroisies\/?p=2944"},"modified":"2023-10-10T16:51:07","modified_gmt":"2023-10-10T14:51:07","slug":"actu-ambroisies-ophraella-communa-arrive-en-france","status":"publish","type":"post","link":"https:\/\/www.fredonoccitanie.com\/eesh\/2023\/10\/06\/actu-ambroisies-ophraella-communa-arrive-en-france\/","title":{"rendered":"[Lutte] Ophraella communa arrive en France !"},"content":{"rendered":"<h4>Une 1\u00e8re d\u00e9tection en France m\u00e9tropolitaine fin d&rsquo;\u00e9t\u00e9<\/h4>\n<p>Dans les alentours de Lyon, un <strong>petit insecte du nom d&rsquo;<em>Ophraella communa<\/em> a \u00e9t\u00e9 rep\u00e9r\u00e9<\/strong>. Cette petite chrysom\u00e8le a \u00e9t\u00e9 signal\u00e9 par des citoyens et l&rsquo;<a href=\"https:\/\/ambroisie-risque.info\/ophraella-communa-est-arrivee-en-france\/\" target=\"_blank\" rel=\"noopener\">Observatoire des Ambroisies<\/a> s&rsquo;est rendu sur place pour confirmer sa pr\u00e9sence. Plusieurs stades de croissance de l&rsquo;insecte ont m\u00eame pu \u00eatre observ\u00e9s.<\/p>\n<h4>Quel rapport avec la lutte contre les ambroisies ?<\/h4>\n<p>Cette chrysom\u00e8le originaire d&rsquo;Am\u00e9rique du Nord est une <strong>pr\u00e9datrice naturelle des ambroisies<\/strong>. Dans le Nord de l&rsquo;Italie, introduite par accident en 2013, elle attaque les populations d&rsquo;ambroisies, touchant entre 90% et 100% des plants, et abaissant les \u00e9missions de pollen de 80%. Cela a plusieurs points positifs :<\/p>\n<ul>\n<li>Les plants d&rsquo;ambroisies sont retrouv\u00e9s totalement d\u00e9foli\u00e9s en fin de saison<\/li>\n<li>Il y a une nette diminution de la production de pollen et de graines<\/li>\n<li>Cela conduit en g\u00e9n\u00e9ral \u00e0 une baisse de la densit\u00e9 de population<\/li>\n<\/ul>\n<p>L&rsquo;optimisme est de mise donc du fait de son arriv\u00e9e en France. En effet, dans son <a href=\"https:\/\/fredonoccitanie189-my.sharepoint.com\/:b:\/g\/personal\/e_algans_fredon-occitanie_fr\/EZD2sXSUHsNCkrOpdpsM5IoB6mPldShjb3oDSou9TU-BZQ?e=qcqfV1\" target=\"_blank\" rel=\"noopener\">rapport d\u2019expertise collective publi\u00e9 en 2019<\/a>, l\u2019Anses \u00e9valuait l\u2019efficacit\u00e9 du col\u00e9opt\u00e8re en tant qu\u2019agent de lutte biologique. Leurs conclusions sont prometteuses. Les scientifiques restent tout de m\u00eame attentifs aux \u00e9ventuels d\u00e9g\u00e2ts qu&rsquo;elle pourrait causer.<\/p>\n<div id=\"attachment_2934\" style=\"width: 514px\" class=\"wp-caption aligncenter\"><a href=\"https:\/\/www.youtube.com\/watch?v=w1CAe7SzHzo\" target=\"_blank\" rel=\"noopener\"><img loading=\"lazy\" decoding=\"async\" aria-describedby=\"caption-attachment-2934\" class=\"wp-image-2934\" src=\"https:\/\/www.fredonoccitanie.com\/ambroisies\/wp-content\/uploads\/sites\/5\/2023\/10\/2017_Ophraella_communa-1030x577.jpg\" alt=\"\" width=\"504\" height=\"283\" srcset=\"https:\/\/www.fredonoccitanie.com\/eesh\/wp-content\/uploads\/sites\/5\/2023\/10\/2017_Ophraella_communa-1030x577.jpg 1030w, https:\/\/www.fredonoccitanie.com\/eesh\/wp-content\/uploads\/sites\/5\/2023\/10\/2017_Ophraella_communa-300x168.jpg 300w, https:\/\/www.fredonoccitanie.com\/eesh\/wp-content\/uploads\/sites\/5\/2023\/10\/2017_Ophraella_communa-768x431.jpg 768w, https:\/\/www.fredonoccitanie.com\/eesh\/wp-content\/uploads\/sites\/5\/2023\/10\/2017_Ophraella_communa-705x395.jpg 705w, https:\/\/www.fredonoccitanie.com\/eesh\/wp-content\/uploads\/sites\/5\/2023\/10\/2017_Ophraella_communa.jpg 1040w\" sizes=\"auto, (max-width: 504px) 100vw, 504px\" \/><\/a><p id=\"caption-attachment-2934\" class=\"wp-caption-text\">Vid\u00e9o de pr\u00e9sentation d&rsquo;<em>Ophraella communa<\/em>, r\u00e9alis\u00e9 par l&rsquo;Observatoire des Ambroisies en 2017<\/p><\/div>\n<h4>Pour aller plus loin !<\/h4>\n<ul>\n<li>Le <a href=\"https:\/\/ambroisie-risque.info\/\" target=\"_blank\" rel=\"noopener\">site de l&rsquo;Observatoire des Ambroisies<\/a><\/li>\n<li>Nos <a href=\"https:\/\/www.fredonoccitanie.com\/ambroisies\/les-ambroisies-2\/\" target=\"_blank\" rel=\"noopener\">pages<\/a> d\u00e9di\u00e9es aux Ambroisies<\/li>\n<li>Notre <a href=\"https:\/\/www.fredonoccitanie.com\/ambroisies\/phototheque\/\" target=\"_blank\" rel=\"noopener\">phototh\u00e8que<\/a> pour savoir la reconna\u00eetre \u00e0 diff\u00e9rents stades<\/li>\n<li>Notre <a href=\"https:\/\/www.fredonoccitanie.com\/ambroisies\/mediatheque\/#ancre5\" target=\"_blank\" rel=\"noopener\">m\u00e9diath\u00e8que<\/a> avec de nombreuses vid\u00e9os explicatives et de t\u00e9moignages\/conseils<\/li>\n<li>Nos <a href=\"https:\/\/www.fredonoccitanie.com\/ambroisies\/mediatheque\/#ancredoc\" target=\"_blank\" rel=\"noopener\">guides et formation<\/a> t\u00e9l\u00e9chargeables pour tous<\/li>\n<li>Et enfin, nos <a href=\"https:\/\/www.fredonoccitanie.com\/ambroisies\/category\/actualites-ambroisies\/\" target=\"_blank\" rel=\"noopener\">articles<\/a>, notre <a href=\"https:\/\/www.fredonoccitanie.com\/ambroisies\/evenements\/\" target=\"_blank\" rel=\"noopener\">agenda<\/a> et notre <a href=\"https:\/\/www.fredonoccitanie.com\/ambroisies\/lettre-ambroisies\/\" target=\"_blank\" rel=\"noopener\">lettre mensuelle<\/a> \u00e0 consulter<\/li>\n<\/ul>\n","protected":false},"excerpt":{"rendered":"<p>Une 1\u00e8re d\u00e9tection en France m\u00e9tropolitaine fin d&rsquo;\u00e9t\u00e9 Dans les alentours de Lyon, un petit insecte du nom d&rsquo;Ophraella communa a \u00e9t\u00e9 rep\u00e9r\u00e9. Cette petite chrysom\u00e8le a \u00e9t\u00e9 signal\u00e9 par des citoyens et l&rsquo;Observatoire des Ambroisies s&rsquo;est rendu sur place pour confirmer sa pr\u00e9sence. Plusieurs stades de croissance de l&rsquo;insecte ont m\u00eame pu \u00eatre observ\u00e9s. [&hellip;]<\/p>\n","protected":false},"author":18,"featured_media":2946,"comment_status":"closed","ping_status":"closed","sticky":false,"template":"","format":"standard","meta":{"footnotes":""},"categories":[7,2],"tags":[],"class_list":["post-2944","post","type-post","status-publish","format-standard","has-post-thumbnail","hentry","category-actualites-ambroisies","category-actualites-fredon"],"_links":{"self":[{"href":"https:\/\/www.fredonoccitanie.com\/eesh\/wp-json\/wp\/v2\/posts\/2944","targetHints":{"allow":["GET"]}}],"collection":[{"href":"https:\/\/www.fredonoccitanie.com\/eesh\/wp-json\/wp\/v2\/posts"}],"about":[{"href":"https:\/\/www.fredonoccitanie.com\/eesh\/wp-json\/wp\/v2\/types\/post"}],"author":[{"embeddable":true,"href":"https:\/\/www.fredonoccitanie.com\/eesh\/wp-json\/wp\/v2\/users\/18"}],"replies":[{"embeddable":true,"href":"https:\/\/www.fredonoccitanie.com\/eesh\/wp-json\/wp\/v2\/comments?post=2944"}],"version-history":[{"count":5,"href":"https:\/\/www.fredonoccitanie.com\/eesh\/wp-json\/wp\/v2\/posts\/2944\/revisions"}],"predecessor-version":[{"id":3023,"href":"https:\/\/www.fredonoccitanie.com\/eesh\/wp-json\/wp\/v2\/posts\/2944\/revisions\/3023"}],"wp:featuredmedia":[{"embeddable":true,"href":"https:\/\/www.fredonoccitanie.com\/eesh\/wp-json\/wp\/v2\/media\/2946"}],"wp:attachment":[{"href":"https:\/\/www.fredonoccitanie.com\/eesh\/wp-json\/wp\/v2\/media?parent=2944"}],"wp:term":[{"taxonomy":"category","embeddable":true,"href":"https:\/\/www.fredonoccitanie.com\/eesh\/wp-json\/wp\/v2\/categories?post=2944"},{"taxonomy":"post_tag","embeddable":true,"href":"https:\/\/www.fredonoccitanie.com\/eesh\/wp-json\/wp\/v2\/tags?post=2944"}],"curies":[{"name":"wp","href":"https:\/\/api.w.org\/{rel}","templated":true}]}}