{"id":2937,"date":"2023-10-05T14:57:26","date_gmt":"2023-10-05T12:57:26","guid":{"rendered":"https:\/\/www.fredonoccitanie.com\/ambroisies\/?p=2937"},"modified":"2023-10-10T17:08:53","modified_gmt":"2023-10-10T15:08:53","slug":"retour-experience-suivi-des-ambroisies-a-rabouillet-66","status":"publish","type":"post","link":"https:\/\/www.fredonoccitanie.com\/eesh\/2023\/10\/05\/retour-experience-suivi-des-ambroisies-a-rabouillet-66\/","title":{"rendered":"[Exp\u00e9rience] Suivi des ambroisies \u00e0 Rabouillet (66)"},"content":{"rendered":"<div class=\"entry-content\">\n<p>Comme pr\u00e9vu dans <strong>le plan de gestion,<\/strong> les \u00e9quipes de l\u2019ONF sont pass\u00e9es pour observer d\u00e9but octobre les sites d\u2019ambroisies pour faire un point de suivi et prendre une d\u00e9cision sur la n\u00e9cessit\u00e9 ou non d\u2019effectuer un nouveau passage d\u2019\u00e9pareuse.<\/p>\n<h4>Observations de Jean-Marc Eisele, responsable ONF de l\u2019Unit\u00e9 Territoriale du Fenouill\u00e8des :<\/h4>\n<p><em> \u00ab Sur le grand site de Col Bas (alt. 1050m) trait\u00e9 \u00e0 l\u2019\u00e9pareuse, la v\u00e9g\u00e9tation n\u2019a gu\u00e8re pouss\u00e9 depuis la fauche du 5 septembre : donc quasiment pas de repousses, ni de graines (voir photo ci-dessous). En bordure, quelques tr\u00e8s petits plants \u00e9taient en d\u00e9but de grenaison (graines encore vertes). Ils ont \u00e9t\u00e9 arrach\u00e9s et laiss\u00e9s sur place. <\/em><\/p>\n<p><em>Sur les 2 sites fauch\u00e9s \u00e0 la d\u00e9broussailleuse par les ouvriers en for\u00eat Domaniale (Escampells), il y avait quelques<strong> rares repousses<\/strong> avec quelques graines encore vertes. Elles ont \u00e9t\u00e9 arrach\u00e9es pour la plupart. Sur le site du Col de l\u2019Espinasse, o\u00f9 il y avait tr\u00e8s peu de plants en comparaison avec 2022, des plants de 30-40 cm de haut, portant des fleurs voire des graines en formation ont \u00e9t\u00e9 observ\u00e9s puis arrach\u00e9s (ci-dessous). \u00bb<\/em><\/p>\n<div id=\"attachment_11109\" style=\"width: 529px\" class=\"wp-caption aligncenter\"><img loading=\"lazy\" decoding=\"async\" aria-describedby=\"caption-attachment-11109\" class=\"wp-image-11109\" src=\"https:\/\/www.fredonoccitanie.com\/surveillance\/wp-content\/uploads\/sites\/4\/2023\/10\/Col-Bas-2.jpg\" alt=\"\" width=\"519\" height=\"390\" \/><p id=\"caption-attachment-11109\" class=\"wp-caption-text\">Grand site de Col Bas (alt. 1050m) trait\u00e9 \u00e0 l\u2019\u00e9pareuse<\/p><\/div>\n<p>L\u2019hypoth\u00e8se de leur pr\u00e9sence \u00e0 ce stade est que ces plants avaient germ\u00e9 sous les foug\u00e8res et \u00e9taient rest\u00e9s tous petits par manque de lumi\u00e8re. Au moment de la fauche de septembre, ceux-ci se sont retrouv\u00e9s en pleine lumi\u00e8re et ont alors pouss\u00e9 tr\u00e8s rapidement. On observe la m\u00eame chose en milieu agricole suite \u00e0 la moisson. Comme on est en p\u00e9riode physiologique de floraison, les plants ont fait leur cycle tr\u00e8s vite.<strong> C\u2019est donc parfait de les avoir arrach\u00e9s !<\/strong> (une fauche \u00e0 cette date les aurait aussi emp\u00each\u00e9s de grainer).<\/p>\n<div id=\"attachment_11110\" style=\"width: 563px\" class=\"wp-caption aligncenter\"><img loading=\"lazy\" decoding=\"async\" aria-describedby=\"caption-attachment-11110\" class=\"wp-image-11110\" src=\"https:\/\/www.fredonoccitanie.com\/surveillance\/wp-content\/uploads\/sites\/4\/2023\/10\/espinasse-2.jpg\" alt=\"\" width=\"553\" height=\"415\" \/><p id=\"caption-attachment-11110\" class=\"wp-caption-text\">Site du Col de l\u2019Espinasse, plants hauts de 30 &#8211; 40 cm retrouv\u00e9s et arrach\u00e9s<\/p><\/div>\n<\/div>\n<blockquote>\n<div class=\"entry-content\" style=\"text-align: center\"><em>\u00ab En r\u00e9sum\u00e9, il ne nous semble pas n\u00e9cessaire de refaire passer ni l\u2019\u00e9pareuse ni les ouvriers en cette fin d\u2019ann\u00e9e.<br \/>\nLe stock de graines 2023 ne sera pas tr\u00e8s important m\u00eame si \u00e7a et l\u00e0 des plants non-vus graineront.\u00a0\u00bb<\/em><\/div>\n<\/blockquote>\n<h4>Un premier bilan encourageant<\/h4>\n<div class=\"entry-content\">\n<p>Ce premier bilan de gestion du site forestier est encourageant. <strong>La grenaison des ambroisies aura \u00e9t\u00e9 \u00e9vit\u00e9e dans sa majeure partie et c\u2019est tr\u00e8s positif !<\/strong> Deux passages d\u2019\u00e9pareuse, compl\u00e9t\u00e9s par de substantielles interventions \u00e0 la main, auront permis une premi\u00e8re ann\u00e9e de contention du site.<\/p>\n<p>De plus, <strong>une dynamique s\u2019est mise en place<\/strong> par le biais du plan de gestion, avec une implication et la formation des parties prenantes et des institutions locales. L\u2019ONF a pris le probl\u00e8me au s\u00e9rieux et n\u2019a pas h\u00e9sit\u00e9 ni \u00e0 int\u00e9grer les contraintes de gestion ni \u00e0 fermer l\u2019acc\u00e8s de la parcelle impact\u00e9e au d\u00e9p\u00f4t de grumes. On peut \u00e9galement saluer <strong>la grande mobilisation de la commune de Rabouillet<\/strong>, pr\u00e9sente aux r\u00e9unions, ayant entretenu le site \u00e0 l\u2019\u00e9pareuse selon le calendrier d\u00e9cid\u00e9, et ayant organis\u00e9 un chantier d\u2019arrachage citoyen compl\u00e9mentaire.<\/p>\n<p>Un <strong>rendez-vous pour un bilan<\/strong> et la mise en place du plan de gestion pour 2024 sera pris au printemps. Les p\u00e9riodes, hauteur de fauches, sites \u00e0 privil\u00e9gier et protocole de suivi exp\u00e9rimental seront \u00e9bauch\u00e9s, en concertation avec tous les acteurs.<\/p>\n<h4>Pour aller plus loin !<\/h4>\n<ul>\n<li>Le <a href=\"https:\/\/www.pollens.fr\/\" target=\"_blank\" rel=\"noopener\">site du RNSA<\/a> et leur <a href=\"https:\/\/www.youtube.com\/@rnsarnsa9482\" target=\"_blank\" rel=\"noopener\">bulletin pollinique sur Youtube<\/a><\/li>\n<li>Nos <a href=\"https:\/\/www.fredonoccitanie.com\/ambroisies\/les-ambroisies-2\/\" target=\"_blank\" rel=\"noopener\">pages<\/a> d\u00e9di\u00e9es aux Ambroisies<\/li>\n<li>Notre <a href=\"https:\/\/www.fredonoccitanie.com\/ambroisies\/phototheque\/\" target=\"_blank\" rel=\"noopener\">phototh\u00e8que<\/a> pour savoir la reconna\u00eetre \u00e0 diff\u00e9rents stades<\/li>\n<li>Notre <a href=\"https:\/\/www.fredonoccitanie.com\/ambroisies\/mediatheque\/#ancre5\" target=\"_blank\" rel=\"noopener\">m\u00e9diath\u00e8que<\/a> avec de nombreuses vid\u00e9os explicatives et de t\u00e9moignages\/conseils<\/li>\n<li>Nos <a href=\"https:\/\/www.fredonoccitanie.com\/ambroisies\/mediatheque\/#ancredoc\" target=\"_blank\" rel=\"noopener\">guides et formation<\/a> t\u00e9l\u00e9chargeables pour tous<\/li>\n<li>Et enfin, nos <a href=\"https:\/\/www.fredonoccitanie.com\/ambroisies\/category\/actualites-ambroisies\/\" target=\"_blank\" rel=\"noopener\">articles<\/a>, notre <a href=\"https:\/\/www.fredonoccitanie.com\/ambroisies\/evenements\/\" target=\"_blank\" rel=\"noopener\">agenda<\/a> et notre <a href=\"https:\/\/www.fredonoccitanie.com\/ambroisies\/lettre-ambroisies\/\" target=\"_blank\" rel=\"noopener\">lettre mensuelle<\/a> \u00e0 consulter<\/li>\n<\/ul>\n<\/div>\n","protected":false},"excerpt":{"rendered":"<p>Comme pr\u00e9vu dans le plan de gestion, les \u00e9quipes de l\u2019ONF sont pass\u00e9es pour observer d\u00e9but octobre les sites d\u2019ambroisies pour faire un point de suivi et prendre une d\u00e9cision sur la n\u00e9cessit\u00e9 ou non d\u2019effectuer un nouveau passage d\u2019\u00e9pareuse. Observations de Jean-Marc Eisele, responsable ONF de l\u2019Unit\u00e9 Territoriale du Fenouill\u00e8des : \u00ab Sur le [&hellip;]<\/p>\n","protected":false},"author":5,"featured_media":2938,"comment_status":"closed","ping_status":"closed","sticky":false,"template":"","format":"standard","meta":{"footnotes":""},"categories":[7,2],"tags":[],"class_list":["post-2937","post","type-post","status-publish","format-standard","has-post-thumbnail","hentry","category-actualites-ambroisies","category-actualites-fredon"],"_links":{"self":[{"href":"https:\/\/www.fredonoccitanie.com\/eesh\/wp-json\/wp\/v2\/posts\/2937","targetHints":{"allow":["GET"]}}],"collection":[{"href":"https:\/\/www.fredonoccitanie.com\/eesh\/wp-json\/wp\/v2\/posts"}],"about":[{"href":"https:\/\/www.fredonoccitanie.com\/eesh\/wp-json\/wp\/v2\/types\/post"}],"author":[{"embeddable":true,"href":"https:\/\/www.fredonoccitanie.com\/eesh\/wp-json\/wp\/v2\/users\/5"}],"replies":[{"embeddable":true,"href":"https:\/\/www.fredonoccitanie.com\/eesh\/wp-json\/wp\/v2\/comments?post=2937"}],"version-history":[{"count":5,"href":"https:\/\/www.fredonoccitanie.com\/eesh\/wp-json\/wp\/v2\/posts\/2937\/revisions"}],"predecessor-version":[{"id":3028,"href":"https:\/\/www.fredonoccitanie.com\/eesh\/wp-json\/wp\/v2\/posts\/2937\/revisions\/3028"}],"wp:featuredmedia":[{"embeddable":true,"href":"https:\/\/www.fredonoccitanie.com\/eesh\/wp-json\/wp\/v2\/media\/2938"}],"wp:attachment":[{"href":"https:\/\/www.fredonoccitanie.com\/eesh\/wp-json\/wp\/v2\/media?parent=2937"}],"wp:term":[{"taxonomy":"category","embeddable":true,"href":"https:\/\/www.fredonoccitanie.com\/eesh\/wp-json\/wp\/v2\/categories?post=2937"},{"taxonomy":"post_tag","embeddable":true,"href":"https:\/\/www.fredonoccitanie.com\/eesh\/wp-json\/wp\/v2\/tags?post=2937"}],"curies":[{"name":"wp","href":"https:\/\/api.w.org\/{rel}","templated":true}]}}