{"id":2926,"date":"2023-10-02T17:57:32","date_gmt":"2023-10-02T15:57:32","guid":{"rendered":"https:\/\/www.fredonoccitanie.com\/ambroisies\/?p=2926"},"modified":"2023-10-02T17:57:32","modified_gmt":"2023-10-02T15:57:32","slug":"webinaire-octobre-2023-2-nouvelles-formations-en-ligne-pour-la-plateforme-de-signalement-ambroisie-par-le-rnsa","status":"publish","type":"post","link":"https:\/\/www.fredonoccitanie.com\/eesh\/2023\/10\/02\/webinaire-octobre-2023-2-nouvelles-formations-en-ligne-pour-la-plateforme-de-signalement-ambroisie-par-le-rnsa\/","title":{"rendered":"[Webinaire &#8211; Octobre 2023] 2 nouvelles formations en ligne pour la plateforme de Signalement Ambroisie par le RNSA"},"content":{"rendered":"<p style=\"text-align: center\">Le <a href=\"https:\/\/www.pollens.fr\/\" target=\"_blank\" rel=\"noopener\">RNSA<\/a> renouv\u00e8le son offre de formation \u00e0 l&rsquo;utilisation de<br \/>\nla plateforme de <a href=\"https:\/\/signalement-ambroisie.atlasante.fr\/apropos\" target=\"_blank\" rel=\"noopener\">Signalement Ambroisie<\/a>.<\/p>\n<p style=\"text-align: center\">Rendez-vous le :<br \/>\n<strong><span style=\"color: #0c4e67\">03 octobre 2023 de 12h \u00e0 13h30<\/span><\/strong><br \/>\n<strong><span style=\"color: #0c4e67\">05 octobre 2023 de 14h \u00e0 15h30<\/span><\/strong><\/p>\n<p style=\"text-align: center\">Ces formations sont ouvertes \u00e0 tous et toutes et <strong><span style=\"color: #0c4e67\">gratuites<\/span> <\/strong>!<\/p>\n<p style=\"text-align: center\">Inscrivez-vous sur le <a href=\"https:\/\/docs.google.com\/forms\/d\/e\/1FAIpQLSdPebBmGw_i7W3GJUpS0uTMjDKtAPWvVYazNlahMZfelOXB2w\/viewform\" target=\"_blank\" rel=\"noopener\">formulaire ici<\/a>.<br \/>\n<em>Une fois inscrit, vous recevrez la veille de la formation un lien ZOOM.<\/em><\/p>\n<p><img loading=\"lazy\" decoding=\"async\" class=\"aligncenter wp-image-2927\" src=\"https:\/\/www.fredonoccitanie.com\/ambroisies\/wp-content\/uploads\/sites\/5\/2023\/10\/2023_RNSA_formation.jpg\" alt=\"\" width=\"552\" height=\"246\" srcset=\"https:\/\/www.fredonoccitanie.com\/eesh\/wp-content\/uploads\/sites\/5\/2023\/10\/2023_RNSA_formation.jpg 967w, https:\/\/www.fredonoccitanie.com\/eesh\/wp-content\/uploads\/sites\/5\/2023\/10\/2023_RNSA_formation-300x134.jpg 300w, https:\/\/www.fredonoccitanie.com\/eesh\/wp-content\/uploads\/sites\/5\/2023\/10\/2023_RNSA_formation-768x342.jpg 768w, https:\/\/www.fredonoccitanie.com\/eesh\/wp-content\/uploads\/sites\/5\/2023\/10\/2023_RNSA_formation-705x314.jpg 705w\" sizes=\"auto, (max-width: 552px) 100vw, 552px\" \/><\/p>\n<h4>N\u2019oubliez pas de consulter nos ressources et celles de nos partenaires<\/h4>\n<ul>\n<li>Le <a href=\"https:\/\/www.pollens.fr\/\" target=\"_blank\" rel=\"noopener\">site du RNSA<\/a> et leur <a href=\"https:\/\/www.youtube.com\/@rnsarnsa9482\" target=\"_blank\" rel=\"noopener\">buletin pollinique sur Youtube<\/a><\/li>\n<li>Nos <a href=\"https:\/\/www.fredonoccitanie.com\/ambroisies\/les-ambroisies-2\/\" target=\"_blank\" rel=\"noopener\">pages<\/a> d\u00e9di\u00e9es aux Ambroisies<\/li>\n<li>Notre <a href=\"https:\/\/www.fredonoccitanie.com\/ambroisies\/phototheque\/\" target=\"_blank\" rel=\"noopener\">phototh\u00e8que<\/a> pour savoir la reconna\u00eetre \u00e0 diff\u00e9rents stades<\/li>\n<li>Notre <a href=\"https:\/\/www.fredonoccitanie.com\/ambroisies\/mediatheque\/#ancre5\" target=\"_blank\" rel=\"noopener\">m\u00e9diath\u00e8que<\/a> avec de nombreuses vid\u00e9os explicatives et de t\u00e9moignages\/conseils<\/li>\n<li>Nos <a href=\"https:\/\/www.fredonoccitanie.com\/ambroisies\/mediatheque\/#ancredoc\" target=\"_blank\" rel=\"noopener\">guides et formation<\/a> t\u00e9l\u00e9chargeables pour tous<\/li>\n<li>Et enfin, nos <a href=\"https:\/\/www.fredonoccitanie.com\/ambroisies\/category\/actualites-ambroisies\/\" target=\"_blank\" rel=\"noopener\">articles<\/a>, notre <a href=\"https:\/\/www.fredonoccitanie.com\/ambroisies\/category\/agenda-ambroisies\/\" target=\"_blank\" rel=\"noopener\">agenda<\/a> et notre <a href=\"https:\/\/www.fredonoccitanie.com\/ambroisies\/lettre-ambroisies\/\" target=\"_blank\" rel=\"noopener\">lettre mensuelle<\/a> \u00e0 consulter<\/li>\n<\/ul>\n","protected":false},"excerpt":{"rendered":"<p>Le RNSA renouv\u00e8le son offre de formation \u00e0 l&rsquo;utilisation de la plateforme de Signalement Ambroisie. Rendez-vous le : 03 octobre 2023 de 12h \u00e0 13h30 05 octobre 2023 de 14h \u00e0 15h30 Ces formations sont ouvertes \u00e0 tous et toutes et gratuites ! Inscrivez-vous sur le formulaire ici. Une fois inscrit, vous recevrez la veille [&hellip;]<\/p>\n","protected":false},"author":18,"featured_media":2792,"comment_status":"closed","ping_status":"closed","sticky":false,"template":"","format":"standard","meta":{"footnotes":""},"categories":[8,3],"tags":[],"class_list":["post-2926","post","type-post","status-publish","format-standard","has-post-thumbnail","hentry","category-agenda-ambroisies","category-agenda-fredon"],"_links":{"self":[{"href":"https:\/\/www.fredonoccitanie.com\/eesh\/wp-json\/wp\/v2\/posts\/2926","targetHints":{"allow":["GET"]}}],"collection":[{"href":"https:\/\/www.fredonoccitanie.com\/eesh\/wp-json\/wp\/v2\/posts"}],"about":[{"href":"https:\/\/www.fredonoccitanie.com\/eesh\/wp-json\/wp\/v2\/types\/post"}],"author":[{"embeddable":true,"href":"https:\/\/www.fredonoccitanie.com\/eesh\/wp-json\/wp\/v2\/users\/18"}],"replies":[{"embeddable":true,"href":"https:\/\/www.fredonoccitanie.com\/eesh\/wp-json\/wp\/v2\/comments?post=2926"}],"version-history":[{"count":5,"href":"https:\/\/www.fredonoccitanie.com\/eesh\/wp-json\/wp\/v2\/posts\/2926\/revisions"}],"predecessor-version":[{"id":2932,"href":"https:\/\/www.fredonoccitanie.com\/eesh\/wp-json\/wp\/v2\/posts\/2926\/revisions\/2932"}],"wp:featuredmedia":[{"embeddable":true,"href":"https:\/\/www.fredonoccitanie.com\/eesh\/wp-json\/wp\/v2\/media\/2792"}],"wp:attachment":[{"href":"https:\/\/www.fredonoccitanie.com\/eesh\/wp-json\/wp\/v2\/media?parent=2926"}],"wp:term":[{"taxonomy":"category","embeddable":true,"href":"https:\/\/www.fredonoccitanie.com\/eesh\/wp-json\/wp\/v2\/categories?post=2926"},{"taxonomy":"post_tag","embeddable":true,"href":"https:\/\/www.fredonoccitanie.com\/eesh\/wp-json\/wp\/v2\/tags?post=2926"}],"curies":[{"name":"wp","href":"https:\/\/api.w.org\/{rel}","templated":true}]}}