{"id":2923,"date":"2023-10-06T16:50:31","date_gmt":"2023-10-06T14:50:31","guid":{"rendered":"https:\/\/www.fredonoccitanie.com\/ambroisies\/?p=2923"},"modified":"2023-10-10T17:34:55","modified_gmt":"2023-10-10T15:34:55","slug":"lutte-gestion-des-ambroisies-au-mois-doctobre","status":"publish","type":"post","link":"https:\/\/www.fredonoccitanie.com\/eesh\/2023\/10\/06\/lutte-gestion-des-ambroisies-au-mois-doctobre\/","title":{"rendered":"[Lutte] Gestion des Ambroisies au mois d&rsquo;octobre"},"content":{"rendered":"<p>Comme pr\u00e9cis\u00e9 dans notre article de <a href=\"https:\/\/www.fredonoccitanie.com\/ambroisies\/2023\/10\/06\/alerte-les-graines-dambroisies-arrivent-attention-a-la-propagation\/\" target=\"_blank\" rel=\"noopener\">[Alerte] Les graines d&rsquo;ambroisies arrivent : attention \u00e0 la propagation !<\/a>, nous arrivons \u00e0 la fin de saison pour les ambroisies. Celles-ci ont \u00e9mis leur pollen et pr\u00e9parent leurs graines qui matureront sur pied avant de tomber au sol, sur place. Des derni\u00e8res actions de gestion sont encore possibles mais attention \u00e0 la dispersion des graines.<\/p>\n<h4>Gestion hors zone agricoles<\/h4>\n<ul>\n<li><u>En bord de route <\/u>: normalement, la 1\u00e8re fauche a \u00e9t\u00e9 r\u00e9alis\u00e9e fin juillet et la 2\u00e8me fin ao\u00fbt\/d\u00e9but septembre. <strong>Observez la reprise des plants d\u00e9but octobre pour passer une troisi\u00e8me fois<\/strong> et d\u00e9truire les nouveaux brins sortis suite \u00e0 la 2\u00e8me fauche.<\/li>\n<li><u>Dans les autres milieux (urbain, cours d\u2019eau, chez vous) <\/u>: l\u2019arrachage, m\u00eame tardif, reste la meilleure solution de lutte mais <strong>laissez absolument les plants sur place afin d\u2019\u00e9viter le transport de graines ! <\/strong>En effet, cela limitera le nombre de graines \u00e9mises par pieds car toutes les graines ne seront pas matures en m\u00eame temps.<\/li>\n<\/ul>\n<p>M\u00eame si l\u2019observation ou la gestion est tardive, il est toujours temps d\u2019agir ! De plus, <strong>restez vigilants aux zones impact\u00e9es<\/strong> qui pourront faire l\u2019objet d\u2019un meilleur suivi l\u2019ann\u00e9e prochaine.<\/p>\n<div id=\"attachment_2781\" style=\"width: 360px\" class=\"wp-caption aligncenter\"><img loading=\"lazy\" decoding=\"async\" aria-describedby=\"caption-attachment-2781\" class=\"wp-image-2781 size-full\" src=\"https:\/\/www.fredonoccitanie.com\/ambroisies\/wp-content\/uploads\/sites\/5\/2023\/09\/20230905_0epareuse.jpg\" alt=\"\" width=\"350\" height=\"252\" srcset=\"https:\/\/www.fredonoccitanie.com\/eesh\/wp-content\/uploads\/sites\/5\/2023\/09\/20230905_0epareuse.jpg 350w, https:\/\/www.fredonoccitanie.com\/eesh\/wp-content\/uploads\/sites\/5\/2023\/09\/20230905_0epareuse-300x216.jpg 300w\" sizes=\"auto, (max-width: 350px) 100vw, 350px\" \/><p id=\"caption-attachment-2781\" class=\"wp-caption-text\">Passage d&rsquo;une \u00e9pareuse en fin de saison pour couper une derni\u00e8re fois les ambroisies et les emp\u00eacher de trop produire de graines \u00a9FREDON Occitanie<\/p><\/div>\n<h4>Gestion en zone agricole<\/h4>\n<ul>\n<li>Au mois d\u2019octobre, les graines arrivent \u00e0 maturit\u00e9. <strong>Tout travail du sol ou intervention risque de les diss\u00e9miner !<\/strong> Les conseils de gestion vont donc porter sur la chronologie d\u2019intervention dans vos parcelles : <strong>aller des zones les plus propres vers les zones les plus infest\u00e9es<\/strong>. En fin de travail et sur place, prenez le temps de nettoyer les machines de r\u00e9colte <i>a minima<\/i> au niveau des ch\u00e2ssis (parties planes) au balai ou \u00e0 la soufflette.<\/li>\n<li>Sur toute parcelle infest\u00e9e s\u2019y pr\u00eatant, un <strong>dernier travail du sol superficiel permettra un d\u00e9stockage de graines<\/strong> en faisant germer une derni\u00e8re fois de jeunes ambroisies puis en les d\u00e9truisant.<\/li>\n<\/ul>\n<p>Quelques images d&rsquo;ambroisie trifide en fin de saison (<em>cliquez pour agrandir<\/em>) :<\/p>\n\n\t\t<style type=\"text\/css\">\n\t\t\t#gallery-1 {\n\t\t\t\tmargin: auto;\n\t\t\t}\n\t\t\t#gallery-1 .gallery-item {\n\t\t\t\tfloat: left;\n\t\t\t\tmargin-top: 10px;\n\t\t\t\ttext-align: center;\n\t\t\t\twidth: 50%;\n\t\t\t}\n\t\t\t#gallery-1 img {\n\t\t\t\tborder: 2px solid #cfcfcf;\n\t\t\t}\n\t\t\t#gallery-1 .gallery-caption {\n\t\t\t\tmargin-left: 0;\n\t\t\t}\n\t\t\t\/* see gallery_shortcode() in wp-includes\/media.php *\/\n\t\t<\/style>\n\t\t<div id='gallery-1' class='gallery galleryid-2923 gallery-columns-2 gallery-size-thumbnail'><dl class='gallery-item'>\n\t\t\t<dt class='gallery-icon portrait'>\n\t\t\t\t<a href='https:\/\/www.fredonoccitanie.com\/eesh\/wp-content\/uploads\/sites\/5\/2023\/10\/2023_10_03_AT_plan_fin_saison-2-scaled.jpg'><img loading=\"lazy\" decoding=\"async\" width=\"80\" height=\"80\" src=\"https:\/\/www.fredonoccitanie.com\/eesh\/wp-content\/uploads\/sites\/5\/2023\/10\/2023_10_03_AT_plan_fin_saison-2-80x80.jpg\" class=\"attachment-thumbnail size-thumbnail\" alt=\"\" aria-describedby=\"gallery-1-2980\" srcset=\"https:\/\/www.fredonoccitanie.com\/eesh\/wp-content\/uploads\/sites\/5\/2023\/10\/2023_10_03_AT_plan_fin_saison-2-80x80.jpg 80w, https:\/\/www.fredonoccitanie.com\/eesh\/wp-content\/uploads\/sites\/5\/2023\/10\/2023_10_03_AT_plan_fin_saison-2-36x36.jpg 36w, https:\/\/www.fredonoccitanie.com\/eesh\/wp-content\/uploads\/sites\/5\/2023\/10\/2023_10_03_AT_plan_fin_saison-2-180x180.jpg 180w\" sizes=\"auto, (max-width: 80px) 100vw, 80px\" \/><\/a>\n\t\t\t<\/dt>\n\t\t\t\t<dd class='wp-caption-text gallery-caption' id='gallery-1-2980'>\n\t\t\t\tAmbroisie trifide en bord de champ &#8211; grenaison en cours \u00a9FREDON Occitanie\n\t\t\t\t<\/dd><\/dl><dl class='gallery-item'>\n\t\t\t<dt class='gallery-icon landscape'>\n\t\t\t\t<a href='https:\/\/www.fredonoccitanie.com\/eesh\/wp-content\/uploads\/sites\/5\/2023\/10\/2023_10_04_StGaudens31_AT_mais-1-scaled.jpg'><img loading=\"lazy\" decoding=\"async\" width=\"80\" height=\"80\" src=\"https:\/\/www.fredonoccitanie.com\/eesh\/wp-content\/uploads\/sites\/5\/2023\/10\/2023_10_04_StGaudens31_AT_mais-1-80x80.jpg\" class=\"attachment-thumbnail size-thumbnail\" alt=\"\" aria-describedby=\"gallery-1-2981\" srcset=\"https:\/\/www.fredonoccitanie.com\/eesh\/wp-content\/uploads\/sites\/5\/2023\/10\/2023_10_04_StGaudens31_AT_mais-1-80x80.jpg 80w, https:\/\/www.fredonoccitanie.com\/eesh\/wp-content\/uploads\/sites\/5\/2023\/10\/2023_10_04_StGaudens31_AT_mais-1-36x36.jpg 36w, https:\/\/www.fredonoccitanie.com\/eesh\/wp-content\/uploads\/sites\/5\/2023\/10\/2023_10_04_StGaudens31_AT_mais-1-180x180.jpg 180w\" sizes=\"auto, (max-width: 80px) 100vw, 80px\" \/><\/a>\n\t\t\t<\/dt>\n\t\t\t\t<dd class='wp-caption-text gallery-caption' id='gallery-1-2981'>\n\t\t\t\tAmbroisie trifide en cours de grenaison dans un champ de ma\u00efs en fin de saison \u00a9FREDON Occitanie\n\t\t\t\t<\/dd><\/dl><br style=\"clear: both\" \/>\n\t\t<\/div>\n\n<p><strong>Rappel de strat\u00e9gie pour la campagne de l&rsquo;ann\u00e9e prochaine<\/strong><\/p>\n<ul>\n<li>D\u00e9truire les ambroisies avant d\u00e9but septembre ou les contenir avec un broyage r\u00e9gulier<\/li>\n<li>Int\u00e9grer des <strong>cultures r\u00e9colt\u00e9es avant fin juillet dans vos rotations <\/strong>pour pouvoir g\u00e9rer les ambroisies en interculture.<\/li>\n<li><strong>Rep\u00e9rer les parcelles infest\u00e9es et intervenir :<\/strong> arrachage sur petit zonage ou broyage pour grand zonage.<\/li>\n<\/ul>\n<p>Vous pouvez \u00e9galement pr\u00e9venir votre conseiller, votre technicien ou directement FREDON Occitanie d&rsquo;un probl\u00e8me d&rsquo;ambroisies sur vos parcelles.<\/p>\n<p>Conna\u00eetre les zones impact\u00e9es nous permet d&rsquo;appuyer notre argumentation aupr\u00e8s des autorit\u00e9s gouvernementales pour avancer dans la lutte contre les ambroisies et d\u00e9velopper collectivement une barri\u00e8re contre la prolif\u00e9ration de cette plante.<\/p>\n<h4>Pour aller plus loin !<\/h4>\n<ul>\n<li>Nos <a href=\"https:\/\/www.fredonoccitanie.com\/ambroisies\/bibliotheque-des-outils-des-ambroisies\/#ancreAGRI\" target=\"_blank\" rel=\"noopener\">ressources documentaires techniques<\/a> : flyer et brochure de gestion des Ambroisies dans le milieu agricole, Gestion des Ambroisies et machines agricoles.<\/li>\n<li>Des <a href=\"https:\/\/www.fredonoccitanie.com\/ambroisies\/mediatheque\/#ancreGestionA\" target=\"_blank\" rel=\"noopener\">vid\u00e9os de t\u00e9moignages et des conseils de gestions des Ambroisies en milieu agricole<\/a><\/li>\n<li>Le <a href=\"https:\/\/www.pollens.fr\/\" target=\"_blank\" rel=\"noopener\">site du RNSA<\/a> et leur <a href=\"https:\/\/www.youtube.com\/@rnsarnsa9482\" target=\"_blank\" rel=\"noopener\">bulletin pollinique sur Youtube<\/a><\/li>\n<li>Nos <a href=\"https:\/\/www.fredonoccitanie.com\/ambroisies\/les-ambroisies-2\/\" target=\"_blank\" rel=\"noopener\">pages<\/a> d\u00e9di\u00e9es aux Ambroisies<\/li>\n<li>Notre <a href=\"https:\/\/www.fredonoccitanie.com\/ambroisies\/phototheque\/\" target=\"_blank\" rel=\"noopener\">phototh\u00e8que<\/a> pour savoir la reconna\u00eetre \u00e0 diff\u00e9rents stades<\/li>\n<li>Notre <a href=\"https:\/\/www.fredonoccitanie.com\/ambroisies\/mediatheque\/#ancre5\" target=\"_blank\" rel=\"noopener\">m\u00e9diath\u00e8que<\/a> avec de nombreuses vid\u00e9os explicatives et de t\u00e9moignages\/conseils<\/li>\n<li>Nos <a href=\"https:\/\/www.fredonoccitanie.com\/ambroisies\/mediatheque\/#ancredoc\" target=\"_blank\" rel=\"noopener\">guides et formation<\/a> t\u00e9l\u00e9chargeables pour tous<\/li>\n<li>Et enfin, nos <a href=\"https:\/\/www.fredonoccitanie.com\/ambroisies\/category\/actualites-ambroisies\/\" target=\"_blank\" rel=\"noopener\">articles<\/a>, notre <a href=\"https:\/\/www.fredonoccitanie.com\/ambroisies\/evenements\/\" target=\"_blank\" rel=\"noopener\">agenda<\/a> et notre <a href=\"https:\/\/www.fredonoccitanie.com\/ambroisies\/lettre-ambroisies\/\" target=\"_blank\" rel=\"noopener\">lettre mensuelle<\/a> \u00e0 consulter<\/li>\n<\/ul>\n","protected":false},"excerpt":{"rendered":"<p>Comme pr\u00e9cis\u00e9 dans notre article de [Alerte] Les graines d&rsquo;ambroisies arrivent : attention \u00e0 la propagation !, nous arrivons \u00e0 la fin de saison pour les ambroisies. Celles-ci ont \u00e9mis leur pollen et pr\u00e9parent leurs graines qui matureront sur pied avant de tomber au sol, sur place. Des derni\u00e8res actions de gestion sont encore possibles [&hellip;]<\/p>\n","protected":false},"author":18,"featured_media":2798,"comment_status":"closed","ping_status":"closed","sticky":false,"template":"","format":"standard","meta":{"footnotes":""},"categories":[7,2],"tags":[],"class_list":["post-2923","post","type-post","status-publish","format-standard","has-post-thumbnail","hentry","category-actualites-ambroisies","category-actualites-fredon"],"_links":{"self":[{"href":"https:\/\/www.fredonoccitanie.com\/eesh\/wp-json\/wp\/v2\/posts\/2923","targetHints":{"allow":["GET"]}}],"collection":[{"href":"https:\/\/www.fredonoccitanie.com\/eesh\/wp-json\/wp\/v2\/posts"}],"about":[{"href":"https:\/\/www.fredonoccitanie.com\/eesh\/wp-json\/wp\/v2\/types\/post"}],"author":[{"embeddable":true,"href":"https:\/\/www.fredonoccitanie.com\/eesh\/wp-json\/wp\/v2\/users\/18"}],"replies":[{"embeddable":true,"href":"https:\/\/www.fredonoccitanie.com\/eesh\/wp-json\/wp\/v2\/comments?post=2923"}],"version-history":[{"count":5,"href":"https:\/\/www.fredonoccitanie.com\/eesh\/wp-json\/wp\/v2\/posts\/2923\/revisions"}],"predecessor-version":[{"id":2986,"href":"https:\/\/www.fredonoccitanie.com\/eesh\/wp-json\/wp\/v2\/posts\/2923\/revisions\/2986"}],"wp:featuredmedia":[{"embeddable":true,"href":"https:\/\/www.fredonoccitanie.com\/eesh\/wp-json\/wp\/v2\/media\/2798"}],"wp:attachment":[{"href":"https:\/\/www.fredonoccitanie.com\/eesh\/wp-json\/wp\/v2\/media?parent=2923"}],"wp:term":[{"taxonomy":"category","embeddable":true,"href":"https:\/\/www.fredonoccitanie.com\/eesh\/wp-json\/wp\/v2\/categories?post=2923"},{"taxonomy":"post_tag","embeddable":true,"href":"https:\/\/www.fredonoccitanie.com\/eesh\/wp-json\/wp\/v2\/tags?post=2923"}],"curies":[{"name":"wp","href":"https:\/\/api.w.org\/{rel}","templated":true}]}}