{"id":2922,"date":"2023-10-06T16:50:50","date_gmt":"2023-10-06T14:50:50","guid":{"rendered":"https:\/\/www.fredonoccitanie.com\/ambroisies\/?p=2922"},"modified":"2023-10-10T16:44:25","modified_gmt":"2023-10-10T14:44:25","slug":"alerte-les-graines-dambroisies-arrivent-attention-a-la-propagation","status":"publish","type":"post","link":"https:\/\/www.fredonoccitanie.com\/eesh\/2023\/10\/06\/alerte-les-graines-dambroisies-arrivent-attention-a-la-propagation\/","title":{"rendered":"[Alerte] Les graines d\u2019ambroisies arrivent : attention \u00e0 la propagation !"},"content":{"rendered":"<h4>Des graines \u00e0 profusion<\/h4>\n<p>En ce d\u00e9but octobre, on arrive doucement mais s\u00fbrement vers la fin de la floraison des ambroisies bien que le risque d&rsquo;allergie soit encore de niveau moyen le long de la vall\u00e9e du Rh\u00f4ne selon le RNSA (<a href=\"http:\/\/www.pollens.fr\/\">www.pollens.fr<\/a>).<\/p>\n<p>En revanche, <strong>la p\u00e9riode de grenaison des ambroisies a bien d\u00e9but\u00e9 !<\/strong><\/p>\n<p>Depuis septembre, les fleurs femelles produisent de tr\u00e8s nombreuses graines en raison du caract\u00e8re envahissant de la plante. La plupart finiront leur maturation courant octobre. <b><\/b>C\u2019est <b>donc une p\u00e9riode \u00e0 haut risque de diss\u00e9mination qui d\u00e9bute<\/b> !<b>\u00a0\u00a0 <\/b><\/p>\n<p><b>\u00a0<\/b><\/p>\n<h4>A quoi ressemblent les ambroisies en graines ?<\/h4>\n<p>Les ambroisies ont \u00e9mis du pollen par leurs \u00e9pis floraux, comme nous vous l&rsquo;avions pr\u00e9sent\u00e9 dans notre article sur la <a href=\"https:\/\/www.fredonoccitanie.com\/ambroisies\/2023\/08\/11\/apres-la-croissance-la-floraison-des-ambroisies-est-arrivee\/\" target=\"_blank\" rel=\"noopener\">floraison des ambroisies du 11\/08\/23<\/a>. Les \u00e9pis ont continu\u00e9 leur d\u00e9veloppement avec l&rsquo;ouverture des fleurs m\u00e2les pour diss\u00e9miner le pollen puis l&rsquo;apparition des graines dans les fleurs femelles.<\/p>\n<p>Retrouvez ci-dessous des photos des ambroisies en fin de saison (<em>cliquez pour agrandir, l\u00e9gende en bas de l&rsquo;image agrandie<\/em>) :<\/p>\n\n\t\t<style type=\"text\/css\">\n\t\t\t#gallery-1 {\n\t\t\t\tmargin: auto;\n\t\t\t}\n\t\t\t#gallery-1 .gallery-item {\n\t\t\t\tfloat: left;\n\t\t\t\tmargin-top: 10px;\n\t\t\t\ttext-align: center;\n\t\t\t\twidth: 25%;\n\t\t\t}\n\t\t\t#gallery-1 img {\n\t\t\t\tborder: 2px solid #cfcfcf;\n\t\t\t}\n\t\t\t#gallery-1 .gallery-caption {\n\t\t\t\tmargin-left: 0;\n\t\t\t}\n\t\t\t\/* see gallery_shortcode() in wp-includes\/media.php *\/\n\t\t<\/style>\n\t\t<div id='gallery-1' class='gallery galleryid-2922 gallery-columns-4 gallery-size-thumbnail'><dl class='gallery-item'>\n\t\t\t<dt class='gallery-icon portrait'>\n\t\t\t\t<a href='https:\/\/www.fredonoccitanie.com\/eesh\/wp-content\/uploads\/sites\/5\/2023\/10\/20230921_lamadeleine_tornac-1-1-scaled.jpg'><img loading=\"lazy\" decoding=\"async\" width=\"80\" height=\"80\" src=\"https:\/\/www.fredonoccitanie.com\/eesh\/wp-content\/uploads\/sites\/5\/2023\/10\/20230921_lamadeleine_tornac-1-1-80x80.jpg\" class=\"attachment-thumbnail size-thumbnail\" alt=\"\" aria-describedby=\"gallery-1-2975\" srcset=\"https:\/\/www.fredonoccitanie.com\/eesh\/wp-content\/uploads\/sites\/5\/2023\/10\/20230921_lamadeleine_tornac-1-1-80x80.jpg 80w, https:\/\/www.fredonoccitanie.com\/eesh\/wp-content\/uploads\/sites\/5\/2023\/10\/20230921_lamadeleine_tornac-1-1-36x36.jpg 36w, https:\/\/www.fredonoccitanie.com\/eesh\/wp-content\/uploads\/sites\/5\/2023\/10\/20230921_lamadeleine_tornac-1-1-180x180.jpg 180w\" sizes=\"auto, (max-width: 80px) 100vw, 80px\" \/><\/a>\n\t\t\t<\/dt>\n\t\t\t\t<dd class='wp-caption-text gallery-caption' id='gallery-1-2975'>\n\t\t\t\tAmbroisie \u00e0 feuilles d&rsquo;armoise qui refait des fleurs en fin de saison apr\u00e8s un fauchage \u00a9FREDON Occitanie\n\t\t\t\t<\/dd><\/dl><dl class='gallery-item'>\n\t\t\t<dt class='gallery-icon portrait'>\n\t\t\t\t<a href='https:\/\/www.fredonoccitanie.com\/eesh\/wp-content\/uploads\/sites\/5\/2023\/10\/20220912_142436-inflo-scaled.jpg'><img loading=\"lazy\" decoding=\"async\" width=\"80\" height=\"80\" src=\"https:\/\/www.fredonoccitanie.com\/eesh\/wp-content\/uploads\/sites\/5\/2023\/10\/20220912_142436-inflo-80x80.jpg\" class=\"attachment-thumbnail size-thumbnail\" alt=\"\" aria-describedby=\"gallery-1-2971\" srcset=\"https:\/\/www.fredonoccitanie.com\/eesh\/wp-content\/uploads\/sites\/5\/2023\/10\/20220912_142436-inflo-80x80.jpg 80w, https:\/\/www.fredonoccitanie.com\/eesh\/wp-content\/uploads\/sites\/5\/2023\/10\/20220912_142436-inflo-36x36.jpg 36w, https:\/\/www.fredonoccitanie.com\/eesh\/wp-content\/uploads\/sites\/5\/2023\/10\/20220912_142436-inflo-180x180.jpg 180w\" sizes=\"auto, (max-width: 80px) 100vw, 80px\" \/><\/a>\n\t\t\t<\/dt>\n\t\t\t\t<dd class='wp-caption-text gallery-caption' id='gallery-1-2971'>\n\t\t\t\tFin de pollinisation sur Ambroisie trifide : le pollen a compl\u00e8tement disparu et les fleurs m\u00e2les aussi \u00a9FREDON Occitanie\n\t\t\t\t<\/dd><\/dl><dl class='gallery-item'>\n\t\t\t<dt class='gallery-icon landscape'>\n\t\t\t\t<a href='https:\/\/www.fredonoccitanie.com\/eesh\/wp-content\/uploads\/sites\/5\/2023\/10\/2023_10_03_AT_graines_zoom.jpg'><img loading=\"lazy\" decoding=\"async\" width=\"80\" height=\"80\" src=\"https:\/\/www.fredonoccitanie.com\/eesh\/wp-content\/uploads\/sites\/5\/2023\/10\/2023_10_03_AT_graines_zoom-80x80.jpg\" class=\"attachment-thumbnail size-thumbnail\" alt=\"\" aria-describedby=\"gallery-1-2974\" srcset=\"https:\/\/www.fredonoccitanie.com\/eesh\/wp-content\/uploads\/sites\/5\/2023\/10\/2023_10_03_AT_graines_zoom-80x80.jpg 80w, https:\/\/www.fredonoccitanie.com\/eesh\/wp-content\/uploads\/sites\/5\/2023\/10\/2023_10_03_AT_graines_zoom-36x36.jpg 36w, https:\/\/www.fredonoccitanie.com\/eesh\/wp-content\/uploads\/sites\/5\/2023\/10\/2023_10_03_AT_graines_zoom-180x180.jpg 180w\" sizes=\"auto, (max-width: 80px) 100vw, 80px\" \/><\/a>\n\t\t\t<\/dt>\n\t\t\t\t<dd class='wp-caption-text gallery-caption' id='gallery-1-2974'>\n\t\t\t\tGraines d&rsquo;Ambroisie trifide encore dans les fleurs femelles \u00a9FREDON Occitanie\n\t\t\t\t<\/dd><\/dl><dl class='gallery-item'>\n\t\t\t<dt class='gallery-icon landscape'>\n\t\t\t\t<a href='https:\/\/www.fredonoccitanie.com\/eesh\/wp-content\/uploads\/sites\/5\/2023\/10\/2023_graines_AT.jpeg'><img loading=\"lazy\" decoding=\"async\" width=\"80\" height=\"80\" src=\"https:\/\/www.fredonoccitanie.com\/eesh\/wp-content\/uploads\/sites\/5\/2023\/10\/2023_graines_AT-80x80.jpeg\" class=\"attachment-thumbnail size-thumbnail\" alt=\"\" aria-describedby=\"gallery-1-2972\" srcset=\"https:\/\/www.fredonoccitanie.com\/eesh\/wp-content\/uploads\/sites\/5\/2023\/10\/2023_graines_AT-80x80.jpeg 80w, https:\/\/www.fredonoccitanie.com\/eesh\/wp-content\/uploads\/sites\/5\/2023\/10\/2023_graines_AT-36x36.jpeg 36w, https:\/\/www.fredonoccitanie.com\/eesh\/wp-content\/uploads\/sites\/5\/2023\/10\/2023_graines_AT-180x180.jpeg 180w\" sizes=\"auto, (max-width: 80px) 100vw, 80px\" \/><\/a>\n\t\t\t<\/dt>\n\t\t\t\t<dd class='wp-caption-text gallery-caption' id='gallery-1-2972'>\n\t\t\t\tGraines d&rsquo;Ambroisie trifide (8 mm \u00e0 1 cm). Les graines d&rsquo;Ambroisie \u00e0 feuilles d&rsquo;armoise ont le m\u00eame aspect mais sont beaucoup plus petites (2-3 mm) \u00a9FREDON Occitanie\n\t\t\t\t<\/dd><\/dl><br style=\"clear: both\" \/>\n\t\t<\/div>\n\n<p>&nbsp;<\/p>\n<h4>Pour aller plus loin !<\/h4>\n<ul>\n<li>Le <a href=\"https:\/\/www.pollens.fr\/\" target=\"_blank\" rel=\"noopener\">site du RNSA<\/a> et leur <a href=\"https:\/\/www.youtube.com\/@rnsarnsa9482\" target=\"_blank\" rel=\"noopener\">bulletin pollinique sur Youtube<\/a><\/li>\n<li>Nos <a href=\"https:\/\/www.fredonoccitanie.com\/ambroisies\/les-ambroisies-2\/\" target=\"_blank\" rel=\"noopener\">pages<\/a> d\u00e9di\u00e9es aux Ambroisies<\/li>\n<li>Notre <a href=\"https:\/\/www.fredonoccitanie.com\/ambroisies\/phototheque\/\" target=\"_blank\" rel=\"noopener\">phototh\u00e8que<\/a> pour savoir la reconna\u00eetre \u00e0 diff\u00e9rents stades<\/li>\n<li>Notre <a href=\"https:\/\/www.fredonoccitanie.com\/ambroisies\/mediatheque\/#ancre5\" target=\"_blank\" rel=\"noopener\">m\u00e9diath\u00e8que<\/a> avec de nombreuses vid\u00e9os explicatives et de t\u00e9moignages\/conseils<\/li>\n<li>Nos <a href=\"https:\/\/www.fredonoccitanie.com\/ambroisies\/mediatheque\/#ancredoc\" target=\"_blank\" rel=\"noopener\">guides et formation<\/a> t\u00e9l\u00e9chargeables pour tous<\/li>\n<li>Et enfin, nos <a href=\"https:\/\/www.fredonoccitanie.com\/ambroisies\/category\/actualites-ambroisies\/\" target=\"_blank\" rel=\"noopener\">articles<\/a>, notre <a href=\"https:\/\/www.fredonoccitanie.com\/ambroisies\/evenements\/\" target=\"_blank\" rel=\"noopener\">agenda<\/a> et notre <a href=\"https:\/\/www.fredonoccitanie.com\/ambroisies\/lettre-ambroisies\/\" target=\"_blank\" rel=\"noopener\">lettre mensuelle<\/a> \u00e0 consulter<\/li>\n<\/ul>\n","protected":false},"excerpt":{"rendered":"<p>Des graines \u00e0 profusion En ce d\u00e9but octobre, on arrive doucement mais s\u00fbrement vers la fin de la floraison des ambroisies bien que le risque d&rsquo;allergie soit encore de niveau moyen le long de la vall\u00e9e du Rh\u00f4ne selon le RNSA (www.pollens.fr). En revanche, la p\u00e9riode de grenaison des ambroisies a bien d\u00e9but\u00e9 ! Depuis [&hellip;]<\/p>\n","protected":false},"author":18,"featured_media":2995,"comment_status":"closed","ping_status":"closed","sticky":false,"template":"","format":"standard","meta":{"footnotes":""},"categories":[7,2],"tags":[],"class_list":["post-2922","post","type-post","status-publish","format-standard","has-post-thumbnail","hentry","category-actualites-ambroisies","category-actualites-fredon"],"_links":{"self":[{"href":"https:\/\/www.fredonoccitanie.com\/eesh\/wp-json\/wp\/v2\/posts\/2922","targetHints":{"allow":["GET"]}}],"collection":[{"href":"https:\/\/www.fredonoccitanie.com\/eesh\/wp-json\/wp\/v2\/posts"}],"about":[{"href":"https:\/\/www.fredonoccitanie.com\/eesh\/wp-json\/wp\/v2\/types\/post"}],"author":[{"embeddable":true,"href":"https:\/\/www.fredonoccitanie.com\/eesh\/wp-json\/wp\/v2\/users\/18"}],"replies":[{"embeddable":true,"href":"https:\/\/www.fredonoccitanie.com\/eesh\/wp-json\/wp\/v2\/comments?post=2922"}],"version-history":[{"count":5,"href":"https:\/\/www.fredonoccitanie.com\/eesh\/wp-json\/wp\/v2\/posts\/2922\/revisions"}],"predecessor-version":[{"id":3021,"href":"https:\/\/www.fredonoccitanie.com\/eesh\/wp-json\/wp\/v2\/posts\/2922\/revisions\/3021"}],"wp:featuredmedia":[{"embeddable":true,"href":"https:\/\/www.fredonoccitanie.com\/eesh\/wp-json\/wp\/v2\/media\/2995"}],"wp:attachment":[{"href":"https:\/\/www.fredonoccitanie.com\/eesh\/wp-json\/wp\/v2\/media?parent=2922"}],"wp:term":[{"taxonomy":"category","embeddable":true,"href":"https:\/\/www.fredonoccitanie.com\/eesh\/wp-json\/wp\/v2\/categories?post=2922"},{"taxonomy":"post_tag","embeddable":true,"href":"https:\/\/www.fredonoccitanie.com\/eesh\/wp-json\/wp\/v2\/tags?post=2922"}],"curies":[{"name":"wp","href":"https:\/\/api.w.org\/{rel}","templated":true}]}}