{"id":2904,"date":"2023-10-02T17:03:47","date_gmt":"2023-10-02T15:03:47","guid":{"rendered":"https:\/\/www.fredonoccitanie.com\/ambroisies\/?p=2904"},"modified":"2023-10-10T17:08:35","modified_gmt":"2023-10-10T15:08:35","slug":"retour-experience-ecopaturage-a-ales-30","status":"publish","type":"post","link":"https:\/\/www.fredonoccitanie.com\/eesh\/2023\/10\/02\/retour-experience-ecopaturage-a-ales-30\/","title":{"rendered":"[Exp\u00e9rience] \u00c9cop\u00e2turage d&rsquo;Ambroisies \u00e0 Al\u00e8s (30)"},"content":{"rendered":"<h4>Des ambroisies largement amoindries mais avec des fleurs femelles !<\/h4>\n<p>Un rendez-vous avec les \u00e9quipes vertes de l\u2019EPTB (\u00c9tablissement Public Territorial de Bassin) Gardons fin septembre a permis \u00e0 la fois de faire deux points :<\/p>\n<ul>\n<li>Le premier sur <strong>la gestion des rivi\u00e8res en p\u00e9riode de pollinisation des ambroisies<\/strong>.<\/li>\n<li>Le second sur <strong>l\u2019effet du troupeau de brebis sur les ambroisies dans le lit du Gardon \u00e0 Al\u00e8s<\/strong> avec les 3<sup>\u00e8mes<\/sup> observations ph\u00e9nologiques de suivi.<\/li>\n<\/ul>\n<p>Les brebis \u00e9taient encore <strong>pr\u00e9sentes fin septembre dans le lit du Gardon<\/strong> (<a href=\"https:\/\/www.fredonoccitanie.com\/ambroisies\/2023\/08\/11\/projet-decopaturage-sur-les-ambroisies-dans-le-lit-du-gardon-30\/\" target=\"_blank\" rel=\"noopener\">voir notre article sur le projet d\u2019\u00e9cop\u00e2turage du 11\/08\/23<\/a>). La pression exerc\u00e9e par le troupeau est quotidienne. Depuis mi-septembre, le troupeau a pu remonter jusqu\u2019au c\u0153ur du centre-ville (pont de Rochebelle). Ce site comptait de grandes ambroisies rec\u00e9p\u00e9es apr\u00e8s la fauche de fin juillet effectu\u00e9e par l\u2019EPTB, c&rsquo;est-\u00e0-dire que ces ambroisies avaient reform\u00e9 de nouvelles tiges malgr\u00e9 une premi\u00e8re fauche m\u00e9canique.<\/p>\n<p>Au passage du troupeau, les <strong>brebis ont consomm\u00e9 les fleurs<\/strong>. De plus, le berger pense que si son troupeau passe plusieurs jours les feuilles seront \u00e9galement consomm\u00e9es.<\/p>\n<div id=\"attachment_2882\" style=\"width: 616px\" class=\"wp-caption aligncenter\"><img loading=\"lazy\" decoding=\"async\" aria-describedby=\"caption-attachment-2882\" class=\"wp-image-2882\" src=\"https:\/\/www.fredonoccitanie.com\/ambroisies\/wp-content\/uploads\/sites\/5\/2023\/10\/20230921_troupeau-3-1030x579.jpg\" alt=\"\" width=\"606\" height=\"341\" srcset=\"https:\/\/www.fredonoccitanie.com\/eesh\/wp-content\/uploads\/sites\/5\/2023\/10\/20230921_troupeau-3-1030x579.jpg 1030w, https:\/\/www.fredonoccitanie.com\/eesh\/wp-content\/uploads\/sites\/5\/2023\/10\/20230921_troupeau-3-300x169.jpg 300w, https:\/\/www.fredonoccitanie.com\/eesh\/wp-content\/uploads\/sites\/5\/2023\/10\/20230921_troupeau-3-768x432.jpg 768w, https:\/\/www.fredonoccitanie.com\/eesh\/wp-content\/uploads\/sites\/5\/2023\/10\/20230921_troupeau-3-1536x864.jpg 1536w, https:\/\/www.fredonoccitanie.com\/eesh\/wp-content\/uploads\/sites\/5\/2023\/10\/20230921_troupeau-3-2048x1152.jpg 2048w, https:\/\/www.fredonoccitanie.com\/eesh\/wp-content\/uploads\/sites\/5\/2023\/10\/20230921_troupeau-3-1500x844.jpg 1500w, https:\/\/www.fredonoccitanie.com\/eesh\/wp-content\/uploads\/sites\/5\/2023\/10\/20230921_troupeau-3-705x397.jpg 705w\" sizes=\"auto, (max-width: 606px) 100vw, 606px\" \/><p id=\"caption-attachment-2882\" class=\"wp-caption-text\">P\u00e2turage du troupeau de brebis et de ch\u00e8vres dans le lit du Gardon. Source photo : FREDON Occitanie<\/p><\/div>\n<p>Des observations ph\u00e9nologiques ont \u00e9t\u00e9 faites sur les transects d\u00e9limit\u00e9s. Les pieds d\u2019ambroisies sont clairement rabougris, grignot\u00e9s et restent au ras du sol. Cependant, <strong>ils r\u00e9agissent par la production de quelques fleurs femelles <\/strong>\u00e0 l\u2019aisselle des feuilles ou des tiges. Ces pieds produiront donc des graines. Ce ph\u00e9nom\u00e8ne est connu : le stress d\u00fb au passage des animaux conduit les plants \u00e0 produire des fleurs femelles co\u00fbte que co\u00fbte. Ces observations se retrouvent sur des pieds brout\u00e9s le plus r\u00e9cemment.<\/p>\n<blockquote><p>Les ambroisies cherchent \u00e0 tout prix \u00e0 se reproduire. Le stress d&rsquo;une taille\/broyage va conduire le plant d&rsquo;ambroisie \u00e0 adopter une strat\u00e9gie de rapidit\u00e9 pour produire au moins quelques fleurs femelles qui donneront quelques graines.<\/p><\/blockquote>\n<div id=\"attachment_2886\" style=\"width: 615px\" class=\"wp-caption aligncenter\"><img loading=\"lazy\" decoding=\"async\" aria-describedby=\"caption-attachment-2886\" class=\"wp-image-2886 \" src=\"https:\/\/www.fredonoccitanie.com\/ambroisies\/wp-content\/uploads\/sites\/5\/2023\/10\/20230921_mesure3_effets-3-1030x579.jpg\" alt=\"\" width=\"605\" height=\"340\" srcset=\"https:\/\/www.fredonoccitanie.com\/eesh\/wp-content\/uploads\/sites\/5\/2023\/10\/20230921_mesure3_effets-3-1030x579.jpg 1030w, https:\/\/www.fredonoccitanie.com\/eesh\/wp-content\/uploads\/sites\/5\/2023\/10\/20230921_mesure3_effets-3-300x169.jpg 300w, https:\/\/www.fredonoccitanie.com\/eesh\/wp-content\/uploads\/sites\/5\/2023\/10\/20230921_mesure3_effets-3-768x432.jpg 768w, https:\/\/www.fredonoccitanie.com\/eesh\/wp-content\/uploads\/sites\/5\/2023\/10\/20230921_mesure3_effets-3-1536x864.jpg 1536w, https:\/\/www.fredonoccitanie.com\/eesh\/wp-content\/uploads\/sites\/5\/2023\/10\/20230921_mesure3_effets-3-2048x1152.jpg 2048w, https:\/\/www.fredonoccitanie.com\/eesh\/wp-content\/uploads\/sites\/5\/2023\/10\/20230921_mesure3_effets-3-1500x844.jpg 1500w, https:\/\/www.fredonoccitanie.com\/eesh\/wp-content\/uploads\/sites\/5\/2023\/10\/20230921_mesure3_effets-3-705x397.jpg 705w\" sizes=\"auto, (max-width: 605px) 100vw, 605px\" \/><p id=\"caption-attachment-2886\" class=\"wp-caption-text\">Ambroisie \u00e0 feuilles d&rsquo;armoise brout\u00e9e lors de l&rsquo;\u00e9cop\u00e2turage. On peut voir des petites fleurs femelles appara\u00eetre \u00e0 l&rsquo;aisselle des feuilles ou en bout de tige. Source photo : FREDON Occitanie<\/p><\/div>\n<p>Toutefois on peut se dire qu\u2019il y aura<strong> beaucoup moins de graines <\/strong>que si rien n\u2019avait \u00e9t\u00e9 fait et il n\u2019y <strong>aura pratiquement pas eu de pollen \u00e9mis <\/strong>depuis la zone de p\u00e2ture.<\/p>\n<p>Si le partenariat s\u2019av\u00e8re viable pour Al\u00e8s-Agglo et le berger, la mise en place d\u2019une \u00e9tude mieux cibl\u00e9e sur l\u2019ambroisie pourra \u00eatre envisag\u00e9e.<\/p>\n<h4>Pour aller plus loin !<\/h4>\n<ul>\n<li>Le <a href=\"https:\/\/www.pollens.fr\/\" target=\"_blank\" rel=\"noopener\">site du RNSA<\/a> et leur <a href=\"https:\/\/www.youtube.com\/@rnsarnsa9482\" target=\"_blank\" rel=\"noopener\">bulletin pollinique sur Youtube<\/a><\/li>\n<li>Nos <a href=\"https:\/\/www.fredonoccitanie.com\/ambroisies\/les-ambroisies-2\/\" target=\"_blank\" rel=\"noopener\">pages<\/a> d\u00e9di\u00e9es aux Ambroisies<\/li>\n<li>Notre <a href=\"https:\/\/www.fredonoccitanie.com\/ambroisies\/phototheque\/\" target=\"_blank\" rel=\"noopener\">phototh\u00e8que<\/a> pour savoir la reconna\u00eetre \u00e0 diff\u00e9rents stades<\/li>\n<li>Notre <a href=\"https:\/\/www.fredonoccitanie.com\/ambroisies\/mediatheque\/#ancre5\" target=\"_blank\" rel=\"noopener\">m\u00e9diath\u00e8que<\/a> avec de nombreuses vid\u00e9os explicatives et de t\u00e9moignages\/conseils<\/li>\n<li>Nos <a href=\"https:\/\/www.fredonoccitanie.com\/ambroisies\/mediatheque\/#ancredoc\" target=\"_blank\" rel=\"noopener\">guides et formation<\/a> t\u00e9l\u00e9chargeables pour tous<\/li>\n<li>Et enfin, nos <a href=\"https:\/\/www.fredonoccitanie.com\/ambroisies\/category\/actualites-ambroisies\/\" target=\"_blank\" rel=\"noopener\">articles<\/a>, notre <a href=\"https:\/\/www.fredonoccitanie.com\/ambroisies\/evenements\/\" target=\"_blank\" rel=\"noopener\">agenda<\/a> et notre <a href=\"https:\/\/www.fredonoccitanie.com\/ambroisies\/lettre-ambroisies\/\" target=\"_blank\" rel=\"noopener\">lettre mensuelle<\/a> \u00e0 consulter<\/li>\n<\/ul>\n","protected":false},"excerpt":{"rendered":"<p>Des ambroisies largement amoindries mais avec des fleurs femelles ! Un rendez-vous avec les \u00e9quipes vertes de l\u2019EPTB (\u00c9tablissement Public Territorial de Bassin) Gardons fin septembre a permis \u00e0 la fois de faire deux points : Le premier sur la gestion des rivi\u00e8res en p\u00e9riode de pollinisation des ambroisies. Le second sur l\u2019effet du troupeau [&hellip;]<\/p>\n","protected":false},"author":18,"featured_media":2891,"comment_status":"closed","ping_status":"closed","sticky":false,"template":"","format":"standard","meta":{"footnotes":""},"categories":[7,2],"tags":[],"class_list":["post-2904","post","type-post","status-publish","format-standard","has-post-thumbnail","hentry","category-actualites-ambroisies","category-actualites-fredon"],"_links":{"self":[{"href":"https:\/\/www.fredonoccitanie.com\/eesh\/wp-json\/wp\/v2\/posts\/2904","targetHints":{"allow":["GET"]}}],"collection":[{"href":"https:\/\/www.fredonoccitanie.com\/eesh\/wp-json\/wp\/v2\/posts"}],"about":[{"href":"https:\/\/www.fredonoccitanie.com\/eesh\/wp-json\/wp\/v2\/types\/post"}],"author":[{"embeddable":true,"href":"https:\/\/www.fredonoccitanie.com\/eesh\/wp-json\/wp\/v2\/users\/18"}],"replies":[{"embeddable":true,"href":"https:\/\/www.fredonoccitanie.com\/eesh\/wp-json\/wp\/v2\/comments?post=2904"}],"version-history":[{"count":5,"href":"https:\/\/www.fredonoccitanie.com\/eesh\/wp-json\/wp\/v2\/posts\/2904\/revisions"}],"predecessor-version":[{"id":2908,"href":"https:\/\/www.fredonoccitanie.com\/eesh\/wp-json\/wp\/v2\/posts\/2904\/revisions\/2908"}],"wp:featuredmedia":[{"embeddable":true,"href":"https:\/\/www.fredonoccitanie.com\/eesh\/wp-json\/wp\/v2\/media\/2891"}],"wp:attachment":[{"href":"https:\/\/www.fredonoccitanie.com\/eesh\/wp-json\/wp\/v2\/media?parent=2904"}],"wp:term":[{"taxonomy":"category","embeddable":true,"href":"https:\/\/www.fredonoccitanie.com\/eesh\/wp-json\/wp\/v2\/categories?post=2904"},{"taxonomy":"post_tag","embeddable":true,"href":"https:\/\/www.fredonoccitanie.com\/eesh\/wp-json\/wp\/v2\/tags?post=2904"}],"curies":[{"name":"wp","href":"https:\/\/api.w.org\/{rel}","templated":true}]}}