{"id":2866,"date":"2023-10-02T12:08:18","date_gmt":"2023-10-02T10:08:18","guid":{"rendered":"https:\/\/www.fredonoccitanie.com\/ambroisies\/?p=2866"},"modified":"2023-10-10T17:16:56","modified_gmt":"2023-10-10T15:16:56","slug":"evenement-ambroisies-et-captages-retour-sur-le-salon-mecamais-du-21-septembre-a-bernede-32","status":"publish","type":"post","link":"https:\/\/www.fredonoccitanie.com\/eesh\/2023\/10\/02\/evenement-ambroisies-et-captages-retour-sur-le-salon-mecamais-du-21-septembre-a-bernede-32\/","title":{"rendered":"[\u00c9v\u00e9nement] Retour sur le salon M\u00e9cama\u00efs du 21 septembre \u00e0 Bern\u00e8de (32)"},"content":{"rendered":"<h4>Tables rondes au stand UNISSON les voies de l&rsquo;agro\u00e9cologie<\/h4>\n<p>FREDON Occitanie \u00e9tait pr\u00e9sente au M\u00e9cama\u00efs 2023 qui s&rsquo;est d\u00e9roul\u00e9 le 21 septembre dernier \u00e0 Bern\u00e8de dans l&rsquo;ouest du Gers (32). Les animatrices des missions <a href=\"https:\/\/www.fredonoccitanie.com\/captages\/\" target=\"_blank\" rel=\"noopener\">Captages d&rsquo;Eauccitanie<\/a> et <a href=\"https:\/\/www.fredonoccitanie.com\/ambroisies\/\" target=\"_blank\" rel=\"noopener\">Ambroisies<\/a> ont <strong>particip\u00e9 \u00e0 2 tables rondes sur le stand UNISSON les voies de l&rsquo;Agro\u00e9cologie<\/strong>, co-g\u00e9r\u00e9 par les partenaires de groupements agricoles.<\/p>\n<p>Un petit retour en image du stand UNISSON et des tables rondes o\u00f9 FREDON Occitanie est intervenue :<\/p>\n<div id=\"attachment_2869\" style=\"width: 571px\" class=\"wp-caption aligncenter\"><img loading=\"lazy\" decoding=\"async\" aria-describedby=\"caption-attachment-2869\" class=\"wp-image-2869\" src=\"https:\/\/www.fredonoccitanie.com\/ambroisies\/wp-content\/uploads\/sites\/5\/2023\/10\/2023_Mecamais4-1030x773.jpg\" alt=\"\" width=\"561\" height=\"421\" srcset=\"https:\/\/www.fredonoccitanie.com\/eesh\/wp-content\/uploads\/sites\/5\/2023\/10\/2023_Mecamais4-1030x773.jpg 1030w, https:\/\/www.fredonoccitanie.com\/eesh\/wp-content\/uploads\/sites\/5\/2023\/10\/2023_Mecamais4-300x225.jpg 300w, https:\/\/www.fredonoccitanie.com\/eesh\/wp-content\/uploads\/sites\/5\/2023\/10\/2023_Mecamais4-768x576.jpg 768w, https:\/\/www.fredonoccitanie.com\/eesh\/wp-content\/uploads\/sites\/5\/2023\/10\/2023_Mecamais4-1536x1152.jpg 1536w, https:\/\/www.fredonoccitanie.com\/eesh\/wp-content\/uploads\/sites\/5\/2023\/10\/2023_Mecamais4-1500x1125.jpg 1500w, https:\/\/www.fredonoccitanie.com\/eesh\/wp-content\/uploads\/sites\/5\/2023\/10\/2023_Mecamais4-705x529.jpg 705w, https:\/\/www.fredonoccitanie.com\/eesh\/wp-content\/uploads\/sites\/5\/2023\/10\/2023_Mecamais4.jpg 1600w\" sizes=\"auto, (max-width: 561px) 100vw, 561px\" \/><p id=\"caption-attachment-2869\" class=\"wp-caption-text\">Table-ronde sur la gestion de l&rsquo;eau : Qualit\u00e9 et Quantit\u00e9. <strong><span style=\"color: #0c4e67\"><br \/><\/span>Pr\u00e9sentation du r\u00e9seau Captage d&rsquo;Eauccitanie par Marion Viguier &#8211; animatrice Captages d&rsquo;Eauccitanie secteur Ouest \u00e0 FREDON Occitanie.<\/strong><br \/>Animation de la table ronde par la FRCUMA (Gr\u00e9goire Wattel) et la DRAAF Occitanie (Florie Richard)<br \/>Source photo : FREDON Occitanie<\/p><\/div>\n<div id=\"attachment_2870\" style=\"width: 546px\" class=\"wp-caption aligncenter\"><img loading=\"lazy\" decoding=\"async\" aria-describedby=\"caption-attachment-2870\" class=\"wp-image-2870\" src=\"https:\/\/www.fredonoccitanie.com\/ambroisies\/wp-content\/uploads\/sites\/5\/2023\/10\/2023_Mecamais5.jpg\" alt=\"\" width=\"536\" height=\"384\" srcset=\"https:\/\/www.fredonoccitanie.com\/eesh\/wp-content\/uploads\/sites\/5\/2023\/10\/2023_Mecamais5.jpg 768w, https:\/\/www.fredonoccitanie.com\/eesh\/wp-content\/uploads\/sites\/5\/2023\/10\/2023_Mecamais5-300x215.jpg 300w, https:\/\/www.fredonoccitanie.com\/eesh\/wp-content\/uploads\/sites\/5\/2023\/10\/2023_Mecamais5-260x185.jpg 260w, https:\/\/www.fredonoccitanie.com\/eesh\/wp-content\/uploads\/sites\/5\/2023\/10\/2023_Mecamais5-705x505.jpg 705w\" sizes=\"auto, (max-width: 536px) 100vw, 536px\" \/><p id=\"caption-attachment-2870\" class=\"wp-caption-text\">Table-ronde sur les plantes invasives : luttes et moyens.<br \/><strong>Pr\u00e9sentation des actions de lutte et de sensibilisation sur les Ambroisies par Estelle Amilhastre &#8211; Animatrice ambroisies \u00e0 FREDON Occitanie.<\/strong><br \/>Animation de la table ronde par la DRAAF Occitanie (Florie Richard) et la Chambre R\u00e9gionale d&rsquo;Agriculture d&rsquo;Occitanie (Lise Ardhuin).<br \/>Source : FREDON Occitanie<\/p><\/div>\n<h4>Plus d&rsquo;informations sur le salon M\u00e9cama\u00efs<\/h4>\n<p>Le salon M\u00e9cama\u00efs a \u00e9t\u00e9 un franc succ\u00e8s malgr\u00e9 la pluie. Vous pouvez retrouver des bilans de cette journ\u00e9e sur le <a href=\"https:\/\/www.facebook.com\/mecamais\" target=\"_blank\" rel=\"noopener\">Facebook du salon<\/a> ou consulter le petit r\u00e9sum\u00e9 ci-dessous :<\/p>\n<p>\u00ab M\u00e9cama\u00efs, <strong>c&rsquo;\u00e9tait 2500 agriculteurs et 600 \u00e9l\u00e8ves<\/strong> venus de tout le grand Sud-Ouest, voire au-del\u00e0. C&rsquo;\u00e9tait \u00e9galement <strong>130 exposants<\/strong> qui ont r\u00e9alis\u00e9 des d\u00e9monstrations de mat\u00e9riel et des tables rondes riches en informations et en technique. M\u00e9cama\u00efs remercie l&rsquo;ensemble des participants, avec une mention sp\u00e9ciale pour les CUMA locales et b\u00e9n\u00e9voles qui ont particip\u00e9 \u00e0 l&rsquo;organisation de l&rsquo;\u00e9v\u00e9nement \u00bb.<\/p>\n<div class=\"xdj266r x11i5rnm xat24cr x1mh8g0r x1vvkbs x126k92a\">\n<div dir=\"auto\">\n<h4>N\u2019oubliez pas de consulter nos ressources et celles de nos partenaires<\/h4>\n<ul>\n<li>Nos <a href=\"https:\/\/www.fredonoccitanie.com\/ambroisies\/bibliotheque-des-outils-des-ambroisies\/#ancreAGRI\" target=\"_blank\" rel=\"noopener\">ressources documentaires techniques<\/a> : flyer et brochure de gestion des Ambroisies dans le milieu agricole, Gestion des Ambroisies et machines agricoles.<\/li>\n<li>Des <a href=\"https:\/\/www.fredonoccitanie.com\/ambroisies\/mediatheque\/#ancreGestionA\" target=\"_blank\" rel=\"noopener\">vid\u00e9os de t\u00e9moignages et des conseils de gestions des Ambroisies en milieu agricole<\/a><\/li>\n<li>Le <a href=\"https:\/\/www.pollens.fr\/\" target=\"_blank\" rel=\"noopener\">site du RNSA<\/a> et leur <a href=\"https:\/\/www.youtube.com\/@rnsarnsa9482\" target=\"_blank\" rel=\"noopener\">bulletin pollinique sur Youtube<\/a><\/li>\n<li>Nos <a href=\"https:\/\/www.fredonoccitanie.com\/ambroisies\/les-ambroisies-2\/\" target=\"_blank\" rel=\"noopener\">pages<\/a> d\u00e9di\u00e9es aux Ambroisies<\/li>\n<li>Notre <a href=\"https:\/\/www.fredonoccitanie.com\/ambroisies\/phototheque\/\" target=\"_blank\" rel=\"noopener\">phototh\u00e8que<\/a> pour savoir la reconna\u00eetre \u00e0 diff\u00e9rents stades<\/li>\n<li>Notre <a href=\"https:\/\/www.fredonoccitanie.com\/ambroisies\/mediatheque\/#ancre5\" target=\"_blank\" rel=\"noopener\">m\u00e9diath\u00e8que<\/a> avec de nombreuses vid\u00e9os explicatives et de t\u00e9moignages\/conseils<\/li>\n<li>Nos <a href=\"https:\/\/www.fredonoccitanie.com\/ambroisies\/mediatheque\/#ancredoc\" target=\"_blank\" rel=\"noopener\">guides et formation<\/a> t\u00e9l\u00e9chargeables pour tous<\/li>\n<li>Et enfin, nos <a href=\"https:\/\/www.fredonoccitanie.com\/ambroisies\/category\/actualites-ambroisies\/\" target=\"_blank\" rel=\"noopener\">articles<\/a>, notre <a href=\"https:\/\/www.fredonoccitanie.com\/ambroisies\/evenements\/\" target=\"_blank\" rel=\"noopener\">agenda<\/a> et notre <a href=\"https:\/\/www.fredonoccitanie.com\/ambroisies\/lettre-ambroisies\/\" target=\"_blank\" rel=\"noopener\">lettre mensuelle<\/a> \u00e0 consulter<\/li>\n<\/ul>\n<\/div>\n<\/div>\n","protected":false},"excerpt":{"rendered":"<p>Tables rondes au stand UNISSON les voies de l&rsquo;agro\u00e9cologie FREDON Occitanie \u00e9tait pr\u00e9sente au M\u00e9cama\u00efs 2023 qui s&rsquo;est d\u00e9roul\u00e9 le 21 septembre dernier \u00e0 Bern\u00e8de dans l&rsquo;ouest du Gers (32). Les animatrices des missions Captages d&rsquo;Eauccitanie et Ambroisies ont particip\u00e9 \u00e0 2 tables rondes sur le stand UNISSON les voies de l&rsquo;Agro\u00e9cologie, co-g\u00e9r\u00e9 par les [&hellip;]<\/p>\n","protected":false},"author":18,"featured_media":2867,"comment_status":"closed","ping_status":"closed","sticky":false,"template":"","format":"standard","meta":{"footnotes":""},"categories":[7,2],"tags":[],"class_list":["post-2866","post","type-post","status-publish","format-standard","has-post-thumbnail","hentry","category-actualites-ambroisies","category-actualites-fredon"],"_links":{"self":[{"href":"https:\/\/www.fredonoccitanie.com\/eesh\/wp-json\/wp\/v2\/posts\/2866","targetHints":{"allow":["GET"]}}],"collection":[{"href":"https:\/\/www.fredonoccitanie.com\/eesh\/wp-json\/wp\/v2\/posts"}],"about":[{"href":"https:\/\/www.fredonoccitanie.com\/eesh\/wp-json\/wp\/v2\/types\/post"}],"author":[{"embeddable":true,"href":"https:\/\/www.fredonoccitanie.com\/eesh\/wp-json\/wp\/v2\/users\/18"}],"replies":[{"embeddable":true,"href":"https:\/\/www.fredonoccitanie.com\/eesh\/wp-json\/wp\/v2\/comments?post=2866"}],"version-history":[{"count":5,"href":"https:\/\/www.fredonoccitanie.com\/eesh\/wp-json\/wp\/v2\/posts\/2866\/revisions"}],"predecessor-version":[{"id":3308,"href":"https:\/\/www.fredonoccitanie.com\/eesh\/wp-json\/wp\/v2\/posts\/2866\/revisions\/3308"}],"wp:featuredmedia":[{"embeddable":true,"href":"https:\/\/www.fredonoccitanie.com\/eesh\/wp-json\/wp\/v2\/media\/2867"}],"wp:attachment":[{"href":"https:\/\/www.fredonoccitanie.com\/eesh\/wp-json\/wp\/v2\/media?parent=2866"}],"wp:term":[{"taxonomy":"category","embeddable":true,"href":"https:\/\/www.fredonoccitanie.com\/eesh\/wp-json\/wp\/v2\/categories?post=2866"},{"taxonomy":"post_tag","embeddable":true,"href":"https:\/\/www.fredonoccitanie.com\/eesh\/wp-json\/wp\/v2\/tags?post=2866"}],"curies":[{"name":"wp","href":"https:\/\/api.w.org\/{rel}","templated":true}]}}