{"id":1654,"date":"2023-05-17T09:59:05","date_gmt":"2023-05-17T07:59:05","guid":{"rendered":"https:\/\/www.fredonoccitanie.com\/ambroisies\/?p=1654"},"modified":"2023-05-17T09:59:05","modified_gmt":"2023-05-17T07:59:05","slug":"on-parle-dambroisies","status":"publish","type":"post","link":"https:\/\/www.fredonoccitanie.com\/eesh\/2023\/05\/17\/on-parle-dambroisies\/","title":{"rendered":"On parle d&rsquo;Ambroisies !"},"content":{"rendered":"<h3>Mise \u00e0 jour 2023 Livret CPIE et CBN &#8211; Occitanie<\/h3>\n<p>Les CPIE (Centre Permanent d&rsquo;Initiatives pour l&rsquo;Environnement) Occitans et les Conservatoires Botaniques Nationaux Pyr\u00e9n\u00e9es\/Midi-Pyr\u00e9n\u00e9es\/M\u00e9diterran\u00e9en ont travaill\u00e9 de concert pour mettre \u00e0 jour leur livret sur les <strong>10 Plantes Exotiques Envahissantes Pr\u00e9occupantes en Occitanie<\/strong>.<\/p>\n<p>Ambroisies, S\u00e9ne\u00e7on du Cap, en passant par la Renou\u00e9e du Japon ou la Berce du Caucase, vous y retrouverez un rappel biologique de ces esp\u00e8ces envahissantes (<strong>et pr\u00e9occupantes !<\/strong>), des photos pour les reconna\u00eetre ainsi que des informations sur leurs impacts et nuisances, et des conseils de gestion.<\/p>\n<p>Vous pouvez le retrouver en t\u00e9l\u00e9chargement dans notre <a href=\"https:\/\/www.fredonoccitanie.com\/ambroisies\/bibliotheque-des-outils-des-ambroisies\/\" target=\"_blanck\">Biblioth\u00e8que d&rsquo;outils de communication<\/a> dans Documents de Sensibilisation, ou vous pouvez le consulter en ligne <a href=\"https:\/\/www.calameo.com\/read\/005420131df712a4f265d\" target=\"_blanck\" rel=\"noopener\">ici<\/a>.<\/p>\n<p><a href=\"https:\/\/fredonoccitanie189-my.sharepoint.com\/:b:\/g\/personal\/e_algans_fredon-occitanie_fr\/Eb5jnzihzkpNoqCJfGje5HkBnrsyHoXwuKR-Pvxl2mK_xQ?e=fgNuVo\" target=\"_blank\" rel=\"noopener\"><img loading=\"lazy\" decoding=\"async\" class=\"aligncenter wp-image-1647 size-medium\" src=\"https:\/\/www.fredonoccitanie.com\/ambroisies\/wp-content\/uploads\/sites\/5\/2023\/05\/2023_CPIE_PlanteExoEnvahissantes-1-210x300.png\" alt=\"\" width=\"210\" height=\"300\" srcset=\"https:\/\/www.fredonoccitanie.com\/eesh\/wp-content\/uploads\/sites\/5\/2023\/05\/2023_CPIE_PlanteExoEnvahissantes-1-210x300.png 210w, https:\/\/www.fredonoccitanie.com\/eesh\/wp-content\/uploads\/sites\/5\/2023\/05\/2023_CPIE_PlanteExoEnvahissantes-1-495x705.png 495w, https:\/\/www.fredonoccitanie.com\/eesh\/wp-content\/uploads\/sites\/5\/2023\/05\/2023_CPIE_PlanteExoEnvahissantes-1.png 585w\" sizes=\"auto, (max-width: 210px) 100vw, 210px\" \/><\/a><\/p>\n<h3>Le RNSA au JT France 3 pour parler des Ambroisies<\/h3>\n<p>Le <a href=\"https:\/\/www.pollens.fr\/\" target=\"_blanck\" rel=\"noopener\">RNSA<\/a> (R\u00e9seau National de Surveillance A\u00e9robiologique) &#8211; repr\u00e9sent\u00e9 par Samuel Monnier &#8211; a rappel\u00e9 ses missions dans l&rsquo;\u00e9mission \u00ab\u00a0Vous \u00eates formidables\u00a0\u00bb de France 3 Auvergne-Rh\u00f4ne-Alpes.<\/p>\n<p>Pour rappel, ce re\u0301seau a pour objet principal <strong>l&rsquo;e\u0301tude du contenu de l&rsquo;air en particules biologiques pouvant avoir une incidence sur le risque allergique<\/strong> pour la population. C&rsquo;est a\u0300 dire l&rsquo;e\u0301tude du contenu de l&rsquo;air en pollens et en moisissures ainsi que du recueil des donne\u0301es cliniques associe\u0301es.<\/p>\n<p><strong>Et si on parle de pollen allergisant, on parle d&rsquo;Ambroisies !<\/strong> M. Monnier a ainsi \u00e9voqu\u00e9 les p\u00e9riodes de sensibilit\u00e9 au pollen d&rsquo;Ambroisies entre Ao\u00fbt et Septembre (<em>pour finir la saison en beaut\u00e9&#8230;<\/em>).<\/p>\n<p>Vous pouvez retrouver cette vid\u00e9o sur le site de <a href=\"https:\/\/www.france.tv\/france-3\/auvergne-rhone-alpes\/vous-etes-formidables-auvergne-rhone-alpes\/4873027-camille-laily-l-album-crepuscule.html\" target=\"_blanck\" rel=\"noopener\">France.tv<\/a> (entre 26min et 31min)<\/p>\n<p><a href=\"https:\/\/www.france.tv\/france-3\/auvergne-rhone-alpes\/vous-etes-formidables-auvergne-rhone-alpes\/4873027-camille-laily-l-album-crepuscule.html\" target=\"_blank\" rel=\"noopener\"><img loading=\"lazy\" decoding=\"async\" class=\"aligncenter wp-image-1691\" src=\"https:\/\/www.fredonoccitanie.com\/ambroisies\/wp-content\/uploads\/sites\/5\/2023\/05\/2023_France3_RNSA_Ambroisies-300x168.png\" alt=\"\" width=\"434\" height=\"243\" srcset=\"https:\/\/www.fredonoccitanie.com\/eesh\/wp-content\/uploads\/sites\/5\/2023\/05\/2023_France3_RNSA_Ambroisies-300x168.png 300w, https:\/\/www.fredonoccitanie.com\/eesh\/wp-content\/uploads\/sites\/5\/2023\/05\/2023_France3_RNSA_Ambroisies-1030x577.png 1030w, https:\/\/www.fredonoccitanie.com\/eesh\/wp-content\/uploads\/sites\/5\/2023\/05\/2023_France3_RNSA_Ambroisies-768x430.png 768w, https:\/\/www.fredonoccitanie.com\/eesh\/wp-content\/uploads\/sites\/5\/2023\/05\/2023_France3_RNSA_Ambroisies-705x395.png 705w, https:\/\/www.fredonoccitanie.com\/eesh\/wp-content\/uploads\/sites\/5\/2023\/05\/2023_France3_RNSA_Ambroisies.png 1162w\" sizes=\"auto, (max-width: 434px) 100vw, 434px\" \/><\/a><\/p>\n<p>D&rsquo;autre part, le RNSA poss\u00e8de une <a href=\"https:\/\/www.youtube.com\/@rnsarnsa9482\/videos\" target=\"_blanck\" rel=\"noopener\">cha\u00eene Youtube<\/a> sur laquelle il publie un <strong>bulletin allergo-pollinique chaque jeudi depuis janvier 2023<\/strong>. N&rsquo;h\u00e9sitez pas \u00e0 vous y abonner pour recevoir les notifications \u00e0 chaque sortie de vid\u00e9os !<\/p>\n<p><a href=\"https:\/\/www.youtube.com\/@rnsarnsa9482\/videos\" target=\"_blank\" rel=\"noopener\"><img loading=\"lazy\" decoding=\"async\" class=\"aligncenter wp-image-1692\" src=\"https:\/\/www.fredonoccitanie.com\/ambroisies\/wp-content\/uploads\/sites\/5\/2023\/05\/2023_Youtube_BulletinPoll_RNSA-300x156.png\" alt=\"test\" width=\"434\" height=\"226\" srcset=\"https:\/\/www.fredonoccitanie.com\/eesh\/wp-content\/uploads\/sites\/5\/2023\/05\/2023_Youtube_BulletinPoll_RNSA-300x156.png 300w, https:\/\/www.fredonoccitanie.com\/eesh\/wp-content\/uploads\/sites\/5\/2023\/05\/2023_Youtube_BulletinPoll_RNSA-1030x536.png 1030w, https:\/\/www.fredonoccitanie.com\/eesh\/wp-content\/uploads\/sites\/5\/2023\/05\/2023_Youtube_BulletinPoll_RNSA-768x400.png 768w, https:\/\/www.fredonoccitanie.com\/eesh\/wp-content\/uploads\/sites\/5\/2023\/05\/2023_Youtube_BulletinPoll_RNSA-705x367.png 705w, https:\/\/www.fredonoccitanie.com\/eesh\/wp-content\/uploads\/sites\/5\/2023\/05\/2023_Youtube_BulletinPoll_RNSA.png 1122w\" sizes=\"auto, (max-width: 434px) 100vw, 434px\" \/><\/a><\/p>\n<h3><strong>Hors Occitanie, des t\u00e9moignages en pagaille en Auvergne-Rh\u00f4ne-Alpes !<\/strong><\/h3>\n<p>FREDON AuRA a r\u00e9alis\u00e9 de nombreuses vid\u00e9os de t\u00e9moignages d&rsquo;agriculteurs, de r\u00e9f\u00e9rents&#8230;etc qui racontent <strong>leur exp\u00e9rience sur la gestion de leurs Ambroisies<\/strong>. La r\u00e9gion Auvergne-Rh\u00f4ne-Alpes est la premi\u00e8re r\u00e9gion fran\u00e7aise touch\u00e9e par les Ambroisies. S&rsquo;int\u00e9resser \u00e0 leur retour d&rsquo;exp\u00e9rience est donc tout \u00e0 fait b\u00e9n\u00e9fique.<\/p>\n<p>Vous pourrez retrouver leurs vid\u00e9os de t\u00e9moignage sur leur <a href=\"https:\/\/www.youtube.com\/playlist?list=PLDbFwge5896gxr4jDubbqDrJvdiP4sKV5\" target=\"_blanck\" rel=\"noopener\">cha\u00eene Youtube<\/a>.<\/p>\n<p><a href=\"https:\/\/www.youtube.com\/playlist?list=PLDbFwge5896gxr4jDubbqDrJvdiP4sKV5\" target=\"_blank\" rel=\"noopener\"><img loading=\"lazy\" decoding=\"async\" class=\"aligncenter wp-image-1704 size-medium\" src=\"https:\/\/www.fredonoccitanie.com\/ambroisies\/wp-content\/uploads\/sites\/5\/2023\/05\/TemoignagesAgris_FREDONAuRa-300x300.jpg\" alt=\"\" width=\"300\" height=\"300\" srcset=\"https:\/\/www.fredonoccitanie.com\/eesh\/wp-content\/uploads\/sites\/5\/2023\/05\/TemoignagesAgris_FREDONAuRa-300x300.jpg 300w, https:\/\/www.fredonoccitanie.com\/eesh\/wp-content\/uploads\/sites\/5\/2023\/05\/TemoignagesAgris_FREDONAuRa-80x80.jpg 80w, https:\/\/www.fredonoccitanie.com\/eesh\/wp-content\/uploads\/sites\/5\/2023\/05\/TemoignagesAgris_FREDONAuRa-768x768.jpg 768w, https:\/\/www.fredonoccitanie.com\/eesh\/wp-content\/uploads\/sites\/5\/2023\/05\/TemoignagesAgris_FREDONAuRa-36x36.jpg 36w, https:\/\/www.fredonoccitanie.com\/eesh\/wp-content\/uploads\/sites\/5\/2023\/05\/TemoignagesAgris_FREDONAuRa-180x180.jpg 180w, https:\/\/www.fredonoccitanie.com\/eesh\/wp-content\/uploads\/sites\/5\/2023\/05\/TemoignagesAgris_FREDONAuRa-705x705.jpg 705w, https:\/\/www.fredonoccitanie.com\/eesh\/wp-content\/uploads\/sites\/5\/2023\/05\/TemoignagesAgris_FREDONAuRa.jpg 800w\" sizes=\"auto, (max-width: 300px) 100vw, 300px\" \/><\/a><\/p>\n","protected":false},"excerpt":{"rendered":"<p>Mise \u00e0 jour 2023 Livret CPIE et CBN &#8211; Occitanie Les CPIE (Centre Permanent d&rsquo;Initiatives pour l&rsquo;Environnement) Occitans et les Conservatoires Botaniques Nationaux Pyr\u00e9n\u00e9es\/Midi-Pyr\u00e9n\u00e9es\/M\u00e9diterran\u00e9en ont travaill\u00e9 de concert pour mettre \u00e0 jour leur livret sur les 10 Plantes Exotiques Envahissantes Pr\u00e9occupantes en Occitanie. Ambroisies, S\u00e9ne\u00e7on du Cap, en passant par la Renou\u00e9e du Japon ou [&hellip;]<\/p>\n","protected":false},"author":18,"featured_media":1699,"comment_status":"closed","ping_status":"closed","sticky":false,"template":"","format":"standard","meta":{"footnotes":""},"categories":[7,2],"tags":[],"class_list":["post-1654","post","type-post","status-publish","format-standard","has-post-thumbnail","hentry","category-actualites-ambroisies","category-actualites-fredon"],"_links":{"self":[{"href":"https:\/\/www.fredonoccitanie.com\/eesh\/wp-json\/wp\/v2\/posts\/1654","targetHints":{"allow":["GET"]}}],"collection":[{"href":"https:\/\/www.fredonoccitanie.com\/eesh\/wp-json\/wp\/v2\/posts"}],"about":[{"href":"https:\/\/www.fredonoccitanie.com\/eesh\/wp-json\/wp\/v2\/types\/post"}],"author":[{"embeddable":true,"href":"https:\/\/www.fredonoccitanie.com\/eesh\/wp-json\/wp\/v2\/users\/18"}],"replies":[{"embeddable":true,"href":"https:\/\/www.fredonoccitanie.com\/eesh\/wp-json\/wp\/v2\/comments?post=1654"}],"version-history":[{"count":5,"href":"https:\/\/www.fredonoccitanie.com\/eesh\/wp-json\/wp\/v2\/posts\/1654\/revisions"}],"predecessor-version":[{"id":1712,"href":"https:\/\/www.fredonoccitanie.com\/eesh\/wp-json\/wp\/v2\/posts\/1654\/revisions\/1712"}],"wp:featuredmedia":[{"embeddable":true,"href":"https:\/\/www.fredonoccitanie.com\/eesh\/wp-json\/wp\/v2\/media\/1699"}],"wp:attachment":[{"href":"https:\/\/www.fredonoccitanie.com\/eesh\/wp-json\/wp\/v2\/media?parent=1654"}],"wp:term":[{"taxonomy":"category","embeddable":true,"href":"https:\/\/www.fredonoccitanie.com\/eesh\/wp-json\/wp\/v2\/categories?post=1654"},{"taxonomy":"post_tag","embeddable":true,"href":"https:\/\/www.fredonoccitanie.com\/eesh\/wp-json\/wp\/v2\/tags?post=1654"}],"curies":[{"name":"wp","href":"https:\/\/api.w.org\/{rel}","templated":true}]}}