{"id":1326,"date":"2023-04-20T15:07:41","date_gmt":"2023-04-20T13:07:41","guid":{"rendered":"https:\/\/www.fredonoccitanie.com\/ambroisies\/?p=1326"},"modified":"2023-04-20T16:12:19","modified_gmt":"2023-04-20T14:12:19","slug":"du-renfort-en-ambroisie-trifide","status":"publish","type":"post","link":"https:\/\/www.fredonoccitanie.com\/eesh\/2023\/04\/20\/du-renfort-en-ambroisie-trifide\/","title":{"rendered":"Du renfort en Ambroisie trifide !"},"content":{"rendered":"<p>Un financement DRAAF pour Ambroisie trifide a permis \u00e0 FREDON Occitanie de renforcer son \u00e9quipe \u00e0 Montrab\u00e9 (31) avec l\u2019embauche d\u2019Estelle AMILHASTRE en tant qu\u2019Animatrice territoriale <em>de la lutte contre l\u2019Ambroisie trifide<\/em>. Elle travaille en \u00e9troite interaction avec Anne-Marie DUCASSE-COURNAC, la coordinatrice r\u00e9gionale de la lutte contre les ambroisies.<\/p>\n<p>Ses missions s\u2019articulent autour de 3 axes\u00a0:<\/p>\n<ul>\n<li><strong>Missions de prospection<\/strong> pour analyser et \u00e9valuer les risques de dispersion de l\u2019Ambroisie trifide sur les d\u00e9partements o\u00f9 des zones contamin\u00e9es ont \u00e9t\u00e9 signal\u00e9es (31, 09, 81, 32)<\/li>\n<li><strong>Recherche et sensibilisation des propri\u00e9taires des parcelles agricoles<\/strong> touch\u00e9es par l\u2019Ambroisie trifide<\/li>\n<li><strong>Animation d\u2019un r\u00e9seau agricole<\/strong> (ETA, instituts, chambres, coop\u00e9ratives&#8230;etc) autour de r\u00e9unions d\u2019informations et de r\u00e9flexion pour d\u00e9velopper les techniques et mesures de lutte contre l\u2019Ambroisie trifide<\/li>\n<\/ul>\n<p><em><img loading=\"lazy\" decoding=\"async\" class=\"wp-image-1327 alignright\" src=\"https:\/\/www.fredonoccitanie.com\/ambroisies\/wp-content\/uploads\/sites\/5\/2023\/04\/estelle.jpg\" alt=\"\" width=\"292\" height=\"389\" srcset=\"https:\/\/www.fredonoccitanie.com\/eesh\/wp-content\/uploads\/sites\/5\/2023\/04\/estelle.jpg 1840w, https:\/\/www.fredonoccitanie.com\/eesh\/wp-content\/uploads\/sites\/5\/2023\/04\/estelle-225x300.jpg 225w, https:\/\/www.fredonoccitanie.com\/eesh\/wp-content\/uploads\/sites\/5\/2023\/04\/estelle-773x1030.jpg 773w, https:\/\/www.fredonoccitanie.com\/eesh\/wp-content\/uploads\/sites\/5\/2023\/04\/estelle-768x1024.jpg 768w, https:\/\/www.fredonoccitanie.com\/eesh\/wp-content\/uploads\/sites\/5\/2023\/04\/estelle-1152x1536.jpg 1152w, https:\/\/www.fredonoccitanie.com\/eesh\/wp-content\/uploads\/sites\/5\/2023\/04\/estelle-1536x2048.jpg 1536w, https:\/\/www.fredonoccitanie.com\/eesh\/wp-content\/uploads\/sites\/5\/2023\/04\/estelle-1125x1500.jpg 1125w, https:\/\/www.fredonoccitanie.com\/eesh\/wp-content\/uploads\/sites\/5\/2023\/04\/estelle-529x705.jpg 529w\" sizes=\"auto, (max-width: 292px) 100vw, 292px\" \/><\/em>Qui est Estelle ? Elle est dipl\u00f4m\u00e9e de l\u2019\u00e9cole nationale d\u2019agronomie de Toulouse (ENSAT) et a suivi une sp\u00e9cialisation sur les productions v\u00e9g\u00e9tales. Son parcours orient\u00e9 recherche et exp\u00e9rimental lui a apport\u00e9 d\u2019autres outils pour comprendre et discuter avec le monde agricole.<\/p>\n<p>C\u2019est ainsi qu\u2019elle apportera \u00e9galement un soutien sur la th\u00e9matique agricole au r\u00e9seau Ambroisies sur le secteur ex-Midi-Pyr\u00e9n\u00e9es<em>.<\/em><\/p>\n<p>De ce fait, l\u2019ann\u00e9e 2023 sera importante pour le renfort de la lutte contre l\u2019Ambroisie trifide en Occitanie. Une r\u00e9flexion a \u00e9t\u00e9 entam\u00e9e avec les Instituts techniques (Terres Inovia, ACTA et Arvalis) pour int\u00e9grer la reconnaissance de l\u2019ambroisie trifide par drones dans les moyens de lutte et d\u2019animation. Cela a d\u00e9j\u00e0 donn\u00e9 lieu \u00e0 des r\u00e9unions de pr\u00e9sentation aupr\u00e8s de la profession agricole\u00a0: coop\u00e9ratives, distributeurs, Chambres d\u2019Agriculture et Conseil D\u00e9partemental.<\/p>\n<p>N\u2019h\u00e9sitez pas \u00e0 la contacter :\u00a0 e.amilhastre@fredon-occitanie.fr<\/p>\n","protected":false},"excerpt":{"rendered":"<p>Un financement DRAAF pour Ambroisie trifide a permis \u00e0 FREDON Occitanie de renforcer son \u00e9quipe \u00e0 Montrab\u00e9 (31) avec l\u2019embauche d\u2019Estelle AMILHASTRE en tant qu\u2019Animatrice territoriale de la lutte contre l\u2019Ambroisie trifide. Elle travaille en \u00e9troite interaction avec Anne-Marie DUCASSE-COURNAC, la coordinatrice r\u00e9gionale de la lutte contre les ambroisies. Ses missions s\u2019articulent autour de 3 [&hellip;]<\/p>\n","protected":false},"author":5,"featured_media":408,"comment_status":"closed","ping_status":"closed","sticky":false,"template":"","format":"standard","meta":{"footnotes":""},"categories":[7,2],"tags":[],"class_list":["post-1326","post","type-post","status-publish","format-standard","has-post-thumbnail","hentry","category-actualites-ambroisies","category-actualites-fredon"],"_links":{"self":[{"href":"https:\/\/www.fredonoccitanie.com\/eesh\/wp-json\/wp\/v2\/posts\/1326","targetHints":{"allow":["GET"]}}],"collection":[{"href":"https:\/\/www.fredonoccitanie.com\/eesh\/wp-json\/wp\/v2\/posts"}],"about":[{"href":"https:\/\/www.fredonoccitanie.com\/eesh\/wp-json\/wp\/v2\/types\/post"}],"author":[{"embeddable":true,"href":"https:\/\/www.fredonoccitanie.com\/eesh\/wp-json\/wp\/v2\/users\/5"}],"replies":[{"embeddable":true,"href":"https:\/\/www.fredonoccitanie.com\/eesh\/wp-json\/wp\/v2\/comments?post=1326"}],"version-history":[{"count":5,"href":"https:\/\/www.fredonoccitanie.com\/eesh\/wp-json\/wp\/v2\/posts\/1326\/revisions"}],"predecessor-version":[{"id":1355,"href":"https:\/\/www.fredonoccitanie.com\/eesh\/wp-json\/wp\/v2\/posts\/1326\/revisions\/1355"}],"wp:featuredmedia":[{"embeddable":true,"href":"https:\/\/www.fredonoccitanie.com\/eesh\/wp-json\/wp\/v2\/media\/408"}],"wp:attachment":[{"href":"https:\/\/www.fredonoccitanie.com\/eesh\/wp-json\/wp\/v2\/media?parent=1326"}],"wp:term":[{"taxonomy":"category","embeddable":true,"href":"https:\/\/www.fredonoccitanie.com\/eesh\/wp-json\/wp\/v2\/categories?post=1326"},{"taxonomy":"post_tag","embeddable":true,"href":"https:\/\/www.fredonoccitanie.com\/eesh\/wp-json\/wp\/v2\/tags?post=1326"}],"curies":[{"name":"wp","href":"https:\/\/api.w.org\/{rel}","templated":true}]}}