{"id":1310,"date":"2023-04-20T14:55:07","date_gmt":"2023-04-20T12:55:07","guid":{"rendered":"https:\/\/www.fredonoccitanie.com\/ambroisies\/?p=1310"},"modified":"2023-05-02T12:00:23","modified_gmt":"2023-05-02T10:00:23","slug":"les-premieres-ambroisies-sont-de-sortie","status":"publish","type":"post","link":"https:\/\/www.fredonoccitanie.com\/eesh\/2023\/04\/20\/les-premieres-ambroisies-sont-de-sortie\/","title":{"rendered":"Les premi\u00e8res ambroisies sont de sortie !"},"content":{"rendered":"<h3><\/h3>\n<h3 style=\"text-align: center\">En conditions favorables, on a d\u00e9j\u00e0 observ\u00e9 les premi\u00e8res sorties d\u2019ambroisies.<\/h3>\n<div id=\"attachment_1311\" style=\"width: 239px\" class=\"wp-caption aligncenter\"><img loading=\"lazy\" decoding=\"async\" aria-describedby=\"caption-attachment-1311\" class=\"wp-image-1311\" src=\"https:\/\/www.fredonoccitanie.com\/ambroisies\/wp-content\/uploads\/sites\/5\/2023\/04\/ambroisie_armoise_2_2023.jpg\" alt=\"\" width=\"229\" height=\"157\" \/><p id=\"caption-attachment-1311\" class=\"wp-caption-text\">Ambroisie \u00e0 feuille d\u2019armoise, 17.04.2023 &#8211; Le Montat (46) &#8211; Photo CPIE82<\/p><\/div>\n<p>Ces lev\u00e9es seront \u00e9tal\u00e9es dans le temps selon les conditions m\u00e9t\u00e9o et la perturbation m\u00e9canique des sols.<\/p>\n<p>Pour plus d\u2019informations, retrouvez <strong>l\u2019encart Ambroisies<\/strong> dans les <a href=\"https:\/\/fredonoccitanie189-my.sharepoint.com\/:b:\/g\/personal\/e_algans_fredon-occitanie_fr\/EZC6K8--kvtNmdFJBz_4tIsBJhYvF8rIVjJ6GW9VoRSAbQ?e=D9dWoa\" target=\"_blanck\" rel=\"noopener\">Bulletins de Sant\u00e9 du V\u00e9g\u00e9tal &#8211; Grandes cultures du 27 Avril 2023<\/a> (voir p.15-16 du BSV n\u00b021)<\/p>\n<p><strong>Reconnaitre les ambroisies d\u00e8s leur lev\u00e9e est un atout pour intervenir au meilleur moment en agriculture ou en JEVI. <\/strong><\/p>\n<h4><strong>Ambroisie \u00e0 feuilles d\u2019armoise<\/strong><\/h4>\n<p>Observer ses cotyl\u00e9dons ronds (4-5mm), ses feuilles d\u00e9coup\u00e9es et sa tige velue \u00e0 hypocotyle violac\u00e9e.<\/p>\n<div id=\"attachment_336\" style=\"width: 274px\" class=\"wp-caption aligncenter\"><img loading=\"lazy\" decoding=\"async\" aria-describedby=\"caption-attachment-336\" class=\"wp-image-336\" src=\"https:\/\/www.fredonoccitanie.com\/ambroisies\/wp-content\/uploads\/sites\/5\/2021\/07\/20210420-Mialet30-2-1024x768-1.jpg\" alt=\"\" width=\"264\" height=\"198\" srcset=\"https:\/\/www.fredonoccitanie.com\/eesh\/wp-content\/uploads\/sites\/5\/2021\/07\/20210420-Mialet30-2-1024x768-1.jpg 1024w, https:\/\/www.fredonoccitanie.com\/eesh\/wp-content\/uploads\/sites\/5\/2021\/07\/20210420-Mialet30-2-1024x768-1-300x225.jpg 300w, https:\/\/www.fredonoccitanie.com\/eesh\/wp-content\/uploads\/sites\/5\/2021\/07\/20210420-Mialet30-2-1024x768-1-768x576.jpg 768w, https:\/\/www.fredonoccitanie.com\/eesh\/wp-content\/uploads\/sites\/5\/2021\/07\/20210420-Mialet30-2-1024x768-1-705x529.jpg 705w\" sizes=\"auto, (max-width: 264px) 100vw, 264px\" \/><p id=\"caption-attachment-336\" class=\"wp-caption-text\">Ambroisie \u00e0 feuille d\u2019armoise &#8211; Photo FREDON Occitanie<\/p><\/div>\n<h4><strong>Ambroisie trifide<\/strong><\/h4>\n<p>Ses cotyl\u00e9dons sont elliptiques, charnus et de grande taille<\/p>\n<div id=\"attachment_1439\" style=\"width: 355px\" class=\"wp-caption aligncenter\"><img loading=\"lazy\" decoding=\"async\" aria-describedby=\"caption-attachment-1439\" class=\"wp-image-1439\" src=\"https:\/\/www.fredonoccitanie.com\/ambroisies\/wp-content\/uploads\/sites\/5\/2023\/04\/Fusion-300x148.png\" alt=\"\" width=\"345\" height=\"170\" srcset=\"https:\/\/www.fredonoccitanie.com\/eesh\/wp-content\/uploads\/sites\/5\/2023\/04\/Fusion-300x148.png 300w, https:\/\/www.fredonoccitanie.com\/eesh\/wp-content\/uploads\/sites\/5\/2023\/04\/Fusion-1030x507.png 1030w, https:\/\/www.fredonoccitanie.com\/eesh\/wp-content\/uploads\/sites\/5\/2023\/04\/Fusion-768x378.png 768w, https:\/\/www.fredonoccitanie.com\/eesh\/wp-content\/uploads\/sites\/5\/2023\/04\/Fusion-705x347.png 705w, https:\/\/www.fredonoccitanie.com\/eesh\/wp-content\/uploads\/sites\/5\/2023\/04\/Fusion.png 1348w\" sizes=\"auto, (max-width: 345px) 100vw, 345px\" \/><p id=\"caption-attachment-1439\" class=\"wp-caption-text\">Ambroisies trifides en train de na\u00eetre, 15.04.2023 \u00e0 Rieumes (31) &#8211; Photo Agricert<\/p><\/div>\n","protected":false},"excerpt":{"rendered":"<p>En conditions favorables, on a d\u00e9j\u00e0 observ\u00e9 les premi\u00e8res sorties d\u2019ambroisies. Ces lev\u00e9es seront \u00e9tal\u00e9es dans le temps selon les conditions m\u00e9t\u00e9o et la perturbation m\u00e9canique des sols. Pour plus d\u2019informations, retrouvez l\u2019encart Ambroisies dans les Bulletins de Sant\u00e9 du V\u00e9g\u00e9tal &#8211; Grandes cultures du 27 Avril 2023 (voir p.15-16 du BSV n\u00b021) Reconnaitre les [&hellip;]<\/p>\n","protected":false},"author":5,"featured_media":342,"comment_status":"closed","ping_status":"closed","sticky":false,"template":"","format":"standard","meta":{"footnotes":""},"categories":[7,2,1],"tags":[],"class_list":["post-1310","post","type-post","status-publish","format-standard","has-post-thumbnail","hentry","category-actualites-ambroisies","category-actualites-fredon","category-non-classe"],"_links":{"self":[{"href":"https:\/\/www.fredonoccitanie.com\/eesh\/wp-json\/wp\/v2\/posts\/1310","targetHints":{"allow":["GET"]}}],"collection":[{"href":"https:\/\/www.fredonoccitanie.com\/eesh\/wp-json\/wp\/v2\/posts"}],"about":[{"href":"https:\/\/www.fredonoccitanie.com\/eesh\/wp-json\/wp\/v2\/types\/post"}],"author":[{"embeddable":true,"href":"https:\/\/www.fredonoccitanie.com\/eesh\/wp-json\/wp\/v2\/users\/5"}],"replies":[{"embeddable":true,"href":"https:\/\/www.fredonoccitanie.com\/eesh\/wp-json\/wp\/v2\/comments?post=1310"}],"version-history":[{"count":5,"href":"https:\/\/www.fredonoccitanie.com\/eesh\/wp-json\/wp\/v2\/posts\/1310\/revisions"}],"predecessor-version":[{"id":1859,"href":"https:\/\/www.fredonoccitanie.com\/eesh\/wp-json\/wp\/v2\/posts\/1310\/revisions\/1859"}],"wp:featuredmedia":[{"embeddable":true,"href":"https:\/\/www.fredonoccitanie.com\/eesh\/wp-json\/wp\/v2\/media\/342"}],"wp:attachment":[{"href":"https:\/\/www.fredonoccitanie.com\/eesh\/wp-json\/wp\/v2\/media?parent=1310"}],"wp:term":[{"taxonomy":"category","embeddable":true,"href":"https:\/\/www.fredonoccitanie.com\/eesh\/wp-json\/wp\/v2\/categories?post=1310"},{"taxonomy":"post_tag","embeddable":true,"href":"https:\/\/www.fredonoccitanie.com\/eesh\/wp-json\/wp\/v2\/tags?post=1310"}],"curies":[{"name":"wp","href":"https:\/\/api.w.org\/{rel}","templated":true}]}}