{"id":1303,"date":"2023-04-20T14:43:39","date_gmt":"2023-04-20T12:43:39","guid":{"rendered":"https:\/\/www.fredonoccitanie.com\/ambroisies\/?p=1303"},"modified":"2023-04-20T15:22:23","modified_gmt":"2023-04-20T13:22:23","slug":"de-nouveaux-capteurs-pour-suivre-les-pollens-dambroisie-en-occitanie","status":"publish","type":"post","link":"https:\/\/www.fredonoccitanie.com\/eesh\/2023\/04\/20\/de-nouveaux-capteurs-pour-suivre-les-pollens-dambroisie-en-occitanie\/","title":{"rendered":"De nouveaux capteurs pour suivre les pollens d\u2019ambroisie en Occitanie"},"content":{"rendered":"<p><strong><img loading=\"lazy\" decoding=\"async\" class=\"alignnone wp-image-1304 aligncenter\" src=\"https:\/\/www.fredonoccitanie.com\/ambroisies\/wp-content\/uploads\/sites\/5\/2023\/04\/Image1.jpg\" alt=\"\" width=\"405\" height=\"304\" srcset=\"https:\/\/www.fredonoccitanie.com\/eesh\/wp-content\/uploads\/sites\/5\/2023\/04\/Image1.jpg 320w, https:\/\/www.fredonoccitanie.com\/eesh\/wp-content\/uploads\/sites\/5\/2023\/04\/Image1-300x225.jpg 300w\" sizes=\"auto, (max-width: 405px) 100vw, 405px\" \/><\/strong><\/p>\n<p style=\"text-align: center;\">Photo P.Mannella CPIE82<\/p>\n<p>&nbsp;<\/p>\n<p>Le 17 avril, Samuel MONNIER du RNSA (<em>R\u00e9seau National de Surveillance A\u00e9robiologique)<\/em> a install\u00e9 les 2 premiers capteurs SLT dans le Lot et l&rsquo;Aveyron.<\/p>\n<p>Ces capteurs passifs capturent par s\u00e9dimentation les pollens de l\u2019air ambiant, qui se d\u00e9posent sur des lames. <strong>Relev\u00e9es toutes les semaines<\/strong> de mars \u00e0 juin, elles sont envoy\u00e9es au RNSA afin de compter et d&rsquo;identifier les pollens.<\/p>\n<p>Cela permet de mettre en \u0153uvre tr\u00e8s rapidement et \u00e0 moindre co\u00fbt des \u00e9tudes de l\u2019impact sanitaire de la v\u00e9g\u00e9tation de proximit\u00e9.<\/p>\n<p>Samuel MONNIER a appr\u00e9ci\u00e9 l&rsquo;accueil chaleureux de la part des d\u00e9l\u00e9gations ARS locales, des CPIE Aveyron et Tarn-et-Garonne et du lyc\u00e9e des territoires de Cahors!\u00a0 Vous pouvez partager librement son post<\/p>\n<p>LinkedIn: <a href=\"https:\/\/www.linkedin.com\/feed\/update\/urn:li:activity:7053982701552328705\">https:\/\/www.linkedin.com\/feed\/update\/urn:li:activity:7053982701552328705<\/a><\/p>\n<p>Encore merci pour le soutien (notamment financier de l\u2019ARS, et logistique des CPIE et lieux d\u2019accueil) pour ce projet.<\/p>\n<p>&nbsp;<\/p>\n<p>La pose de 3 autres capteurs aura lieu le 30 mai dans le Gard (domaine du Petit-Saint-Jean \u00e0 Saint-Laurent d\u2019Aigouze), le Tarn (CPIE \u00e0 R\u00e9almont) et l\u2019Ari\u00e8ge.<\/p>\n<p>&nbsp;<\/p>\n<p>Source : <a href=\"https:\/\/www.pollens.fr\/les-risques\/risques-par-ville\/149\/6\">RNSA<\/a><\/p>\n","protected":false},"excerpt":{"rendered":"<p>Photo P.Mannella CPIE82 &nbsp; Le 17 avril, Samuel MONNIER du RNSA (R\u00e9seau National de Surveillance A\u00e9robiologique) a install\u00e9 les 2 premiers capteurs SLT dans le Lot et l&rsquo;Aveyron. Ces capteurs passifs capturent par s\u00e9dimentation les pollens de l\u2019air ambiant, qui se d\u00e9posent sur des lames. Relev\u00e9es toutes les semaines de mars \u00e0 juin, elles sont [&hellip;]<\/p>\n","protected":false},"author":5,"featured_media":1337,"comment_status":"closed","ping_status":"closed","sticky":false,"template":"","format":"standard","meta":{"footnotes":""},"categories":[7,2],"tags":[],"class_list":["post-1303","post","type-post","status-publish","format-standard","has-post-thumbnail","hentry","category-actualites-ambroisies","category-actualites-fredon"],"_links":{"self":[{"href":"https:\/\/www.fredonoccitanie.com\/eesh\/wp-json\/wp\/v2\/posts\/1303","targetHints":{"allow":["GET"]}}],"collection":[{"href":"https:\/\/www.fredonoccitanie.com\/eesh\/wp-json\/wp\/v2\/posts"}],"about":[{"href":"https:\/\/www.fredonoccitanie.com\/eesh\/wp-json\/wp\/v2\/types\/post"}],"author":[{"embeddable":true,"href":"https:\/\/www.fredonoccitanie.com\/eesh\/wp-json\/wp\/v2\/users\/5"}],"replies":[{"embeddable":true,"href":"https:\/\/www.fredonoccitanie.com\/eesh\/wp-json\/wp\/v2\/comments?post=1303"}],"version-history":[{"count":3,"href":"https:\/\/www.fredonoccitanie.com\/eesh\/wp-json\/wp\/v2\/posts\/1303\/revisions"}],"predecessor-version":[{"id":1336,"href":"https:\/\/www.fredonoccitanie.com\/eesh\/wp-json\/wp\/v2\/posts\/1303\/revisions\/1336"}],"wp:featuredmedia":[{"embeddable":true,"href":"https:\/\/www.fredonoccitanie.com\/eesh\/wp-json\/wp\/v2\/media\/1337"}],"wp:attachment":[{"href":"https:\/\/www.fredonoccitanie.com\/eesh\/wp-json\/wp\/v2\/media?parent=1303"}],"wp:term":[{"taxonomy":"category","embeddable":true,"href":"https:\/\/www.fredonoccitanie.com\/eesh\/wp-json\/wp\/v2\/categories?post=1303"},{"taxonomy":"post_tag","embeddable":true,"href":"https:\/\/www.fredonoccitanie.com\/eesh\/wp-json\/wp\/v2\/tags?post=1303"}],"curies":[{"name":"wp","href":"https:\/\/api.w.org\/{rel}","templated":true}]}}