{"id":1262,"date":"2023-03-20T13:29:05","date_gmt":"2023-03-20T12:29:05","guid":{"rendered":"https:\/\/www.fredonoccitanie.com\/ambroisies\/?p=1262"},"modified":"2023-03-20T13:41:09","modified_gmt":"2023-03-20T12:41:09","slug":"le-25-et-26-mars-2023-aura-lieu-la-6eme-edition-des-rencontres-naturalistes-de-laude","status":"publish","type":"post","link":"https:\/\/www.fredonoccitanie.com\/eesh\/2023\/03\/20\/le-25-et-26-mars-2023-aura-lieu-la-6eme-edition-des-rencontres-naturalistes-de-laude\/","title":{"rendered":"Le 25 et 26 Mars 2023 aura lieu la 6\u00e8me \u00e9dition des Rencontres Naturalistes de l\u2019Aude"},"content":{"rendered":"<h3 id=\"cc-m-header-15111016622\" class=\"\" style=\"text-align: center;\">Les 6\u00e8mes Rencontres Naturalistes de l&rsquo;Aude<\/h3>\n<p>&nbsp;<\/p>\n<p><a href=\"https:\/\/www.audeclaire.org\/rencontres-naturalistes-2023\/\"><img loading=\"lazy\" decoding=\"async\" class=\"size-full wp-image-1264 aligncenter\" src=\"https:\/\/www.fredonoccitanie.com\/ambroisies\/wp-content\/uploads\/sites\/5\/2023\/03\/naturaliste_aude2.png\" alt=\"\" width=\"489\" height=\"691\" srcset=\"https:\/\/www.fredonoccitanie.com\/eesh\/wp-content\/uploads\/sites\/5\/2023\/03\/naturaliste_aude2.png 489w, https:\/\/www.fredonoccitanie.com\/eesh\/wp-content\/uploads\/sites\/5\/2023\/03\/naturaliste_aude2-212x300.png 212w\" sizes=\"auto, (max-width: 489px) 100vw, 489px\" \/><\/a><\/p>\n<p>&nbsp;<\/p>\n<p>Les 3 partenaires organisateurs (Lyc\u00e9e Charlemagne, LPO et F\u00e9d\u00e9ration Aude Claire) vous invitent \u00e0 r\u00e9server cette date dans vos agendas.<\/p>\n<p>Au programme : expositions, conf\u00e9rences, sorties nature, ateliers, stand associatifs, films&#8230; La FREDON Occitanie sera pr\u00e9sente !<\/p>\n<p><strong>Vous trouverez dans la section suivante, le programme des deux jours ainsi qu&rsquo;un plan d&rsquo;acc\u00e8s<\/strong>.<\/p>\n<p>Sachez qu\u2019il y aura comme les fois pr\u00e9c\u00e9dentes des conf\u00e9rences, des expositions d\u2019artistes, des stands d\u2019associations, de mat\u00e9riel et de livres, des ateliers et une restauration sur place.<\/p>\n<p>&nbsp;<\/p>\n<p><a href=\"https:\/\/www.audeclaire.org\/rencontres-naturalistes-2023\/\">Retrouvez le programme ici<\/a><\/p>\n<p>&nbsp;<\/p>\n<p><img loading=\"lazy\" decoding=\"async\" class=\"alignnone size-full wp-image-1268\" src=\"https:\/\/www.fredonoccitanie.com\/ambroisies\/wp-content\/uploads\/sites\/5\/2023\/03\/programme.png\" alt=\"\" width=\"1040\" height=\"738\" srcset=\"https:\/\/www.fredonoccitanie.com\/eesh\/wp-content\/uploads\/sites\/5\/2023\/03\/programme.png 1040w, https:\/\/www.fredonoccitanie.com\/eesh\/wp-content\/uploads\/sites\/5\/2023\/03\/programme-300x213.png 300w, https:\/\/www.fredonoccitanie.com\/eesh\/wp-content\/uploads\/sites\/5\/2023\/03\/programme-1030x731.png 1030w, https:\/\/www.fredonoccitanie.com\/eesh\/wp-content\/uploads\/sites\/5\/2023\/03\/programme-768x545.png 768w, https:\/\/www.fredonoccitanie.com\/eesh\/wp-content\/uploads\/sites\/5\/2023\/03\/programme-260x185.png 260w, https:\/\/www.fredonoccitanie.com\/eesh\/wp-content\/uploads\/sites\/5\/2023\/03\/programme-705x500.png 705w\" sizes=\"auto, (max-width: 1040px) 100vw, 1040px\" \/><\/p>\n<p>Source : <a href=\"https:\/\/www.audeclaire.org\/rencontres-naturalistes-2023\/\">Aude Claire<\/a><\/p>\n<p>&nbsp;<\/p>\n<p>&nbsp;<\/p>\n","protected":false},"excerpt":{"rendered":"<p>Les 6\u00e8mes Rencontres Naturalistes de l&rsquo;Aude &nbsp; &nbsp; Les 3 partenaires organisateurs (Lyc\u00e9e Charlemagne, LPO et F\u00e9d\u00e9ration Aude Claire) vous invitent \u00e0 r\u00e9server cette date dans vos agendas. Au programme : expositions, conf\u00e9rences, sorties nature, ateliers, stand associatifs, films&#8230; La FREDON Occitanie sera pr\u00e9sente ! Vous trouverez dans la section suivante, le programme des deux [&hellip;]<\/p>\n","protected":false},"author":5,"featured_media":1263,"comment_status":"closed","ping_status":"closed","sticky":false,"template":"","format":"standard","meta":{"footnotes":""},"categories":[8,3],"tags":[],"class_list":["post-1262","post","type-post","status-publish","format-standard","has-post-thumbnail","hentry","category-agenda-ambroisies","category-agenda-fredon"],"_links":{"self":[{"href":"https:\/\/www.fredonoccitanie.com\/eesh\/wp-json\/wp\/v2\/posts\/1262","targetHints":{"allow":["GET"]}}],"collection":[{"href":"https:\/\/www.fredonoccitanie.com\/eesh\/wp-json\/wp\/v2\/posts"}],"about":[{"href":"https:\/\/www.fredonoccitanie.com\/eesh\/wp-json\/wp\/v2\/types\/post"}],"author":[{"embeddable":true,"href":"https:\/\/www.fredonoccitanie.com\/eesh\/wp-json\/wp\/v2\/users\/5"}],"replies":[{"embeddable":true,"href":"https:\/\/www.fredonoccitanie.com\/eesh\/wp-json\/wp\/v2\/comments?post=1262"}],"version-history":[{"count":5,"href":"https:\/\/www.fredonoccitanie.com\/eesh\/wp-json\/wp\/v2\/posts\/1262\/revisions"}],"predecessor-version":[{"id":1266,"href":"https:\/\/www.fredonoccitanie.com\/eesh\/wp-json\/wp\/v2\/posts\/1262\/revisions\/1266"}],"wp:featuredmedia":[{"embeddable":true,"href":"https:\/\/www.fredonoccitanie.com\/eesh\/wp-json\/wp\/v2\/media\/1263"}],"wp:attachment":[{"href":"https:\/\/www.fredonoccitanie.com\/eesh\/wp-json\/wp\/v2\/media?parent=1262"}],"wp:term":[{"taxonomy":"category","embeddable":true,"href":"https:\/\/www.fredonoccitanie.com\/eesh\/wp-json\/wp\/v2\/categories?post=1262"},{"taxonomy":"post_tag","embeddable":true,"href":"https:\/\/www.fredonoccitanie.com\/eesh\/wp-json\/wp\/v2\/tags?post=1262"}],"curies":[{"name":"wp","href":"https:\/\/api.w.org\/{rel}","templated":true}]}}