{"id":1256,"date":"2023-02-13T15:42:01","date_gmt":"2023-02-13T14:42:01","guid":{"rendered":"https:\/\/www.fredonoccitanie.com\/ambroisies\/?p=1256"},"modified":"2023-05-09T12:47:53","modified_gmt":"2023-05-09T10:47:53","slug":"formations-de-referents-ambroisies-organisees-par-le-rnsa","status":"publish","type":"post","link":"https:\/\/www.fredonoccitanie.com\/eesh\/2023\/02\/13\/formations-de-referents-ambroisies-organisees-par-le-rnsa\/","title":{"rendered":"Formations de r\u00e9f\u00e9rents ambroisies organis\u00e9es par le RNSA"},"content":{"rendered":"<p>Des formations de r\u00e9f\u00e9rents ambroisies organis\u00e9es par le RNSA\u00a0: Familiarisez-vous avec la plateforme signalement-ambroisie afin de traiter les signalements re\u00e7us en cours de saison<\/p>\n<p><strong>Des formations gratuites en ligne d&rsquo;1h30 sur l\u2019utilisation de la plateforme Signalement-Ambroisie sont programm\u00e9es mardi 28 f\u00e9vrier et mercredi 15 mars et mardi 28 mars 2023\u00a0: vous pouvez vous inscrire\u00a0<\/strong><a href=\"https:\/\/docs.google.com\/forms\/d\/e\/1FAIpQLSdPebBmGw_i7W3GJUpS0uTMjDKtAPWvVYazNlahMZfelOXB2w\/viewform?fbclid=IwAR2CxqnDgRVxH5To3xbnY_tzKtyYWX8reXT7CdCu-GOhU9-2rqqzfLoqyHs\"><strong>en\u00a0cliquant ici \u00e0 celle que vous souhaitez suivre !<\/strong><\/a><\/p>\n<p>Une fois inscrit sur le formulaire en ligne ci-dessus, vous recevrez par mail la veille de la formation, un lien et code de connexion ZOOM pour suivre la formation \u00e0 laquelle vous \u00eates inscrit.<\/p>\n<p>Un grand merci \u00e0 tous pour votre engagement sur le terrain, l&rsquo;ambroisie c&rsquo;est l&rsquo;affaire de tous!<\/p>\n<p>&nbsp;<\/p>\n<div id=\"attachment_1257\" style=\"width: 364px\" class=\"wp-caption alignnone\"><img loading=\"lazy\" decoding=\"async\" aria-describedby=\"caption-attachment-1257\" class=\"wp-image-1257\" src=\"https:\/\/www.fredonoccitanie.com\/ambroisies\/wp-content\/uploads\/sites\/5\/2023\/02\/gg.png\" alt=\"\" width=\"354\" height=\"158\" \/><p id=\"caption-attachment-1257\" class=\"wp-caption-text\">numero1<\/p><\/div>\n","protected":false},"excerpt":{"rendered":"<p>Des formations de r\u00e9f\u00e9rents ambroisies organis\u00e9es par le RNSA\u00a0: Familiarisez-vous avec la plateforme signalement-ambroisie afin de traiter les signalements re\u00e7us en cours de saison Des formations gratuites en ligne d&rsquo;1h30 sur l\u2019utilisation de la plateforme Signalement-Ambroisie sont programm\u00e9es mardi 28 f\u00e9vrier et mercredi 15 mars et mardi 28 mars 2023\u00a0: vous pouvez vous inscrire\u00a0en\u00a0cliquant ici [&hellip;]<\/p>\n","protected":false},"author":5,"featured_media":1258,"comment_status":"closed","ping_status":"closed","sticky":false,"template":"","format":"standard","meta":{"footnotes":""},"categories":[7,2],"tags":[],"class_list":["post-1256","post","type-post","status-publish","format-standard","has-post-thumbnail","hentry","category-actualites-ambroisies","category-actualites-fredon"],"_links":{"self":[{"href":"https:\/\/www.fredonoccitanie.com\/eesh\/wp-json\/wp\/v2\/posts\/1256","targetHints":{"allow":["GET"]}}],"collection":[{"href":"https:\/\/www.fredonoccitanie.com\/eesh\/wp-json\/wp\/v2\/posts"}],"about":[{"href":"https:\/\/www.fredonoccitanie.com\/eesh\/wp-json\/wp\/v2\/types\/post"}],"author":[{"embeddable":true,"href":"https:\/\/www.fredonoccitanie.com\/eesh\/wp-json\/wp\/v2\/users\/5"}],"replies":[{"embeddable":true,"href":"https:\/\/www.fredonoccitanie.com\/eesh\/wp-json\/wp\/v2\/comments?post=1256"}],"version-history":[{"count":3,"href":"https:\/\/www.fredonoccitanie.com\/eesh\/wp-json\/wp\/v2\/posts\/1256\/revisions"}],"predecessor-version":[{"id":1541,"href":"https:\/\/www.fredonoccitanie.com\/eesh\/wp-json\/wp\/v2\/posts\/1256\/revisions\/1541"}],"wp:featuredmedia":[{"embeddable":true,"href":"https:\/\/www.fredonoccitanie.com\/eesh\/wp-json\/wp\/v2\/media\/1258"}],"wp:attachment":[{"href":"https:\/\/www.fredonoccitanie.com\/eesh\/wp-json\/wp\/v2\/media?parent=1256"}],"wp:term":[{"taxonomy":"category","embeddable":true,"href":"https:\/\/www.fredonoccitanie.com\/eesh\/wp-json\/wp\/v2\/categories?post=1256"},{"taxonomy":"post_tag","embeddable":true,"href":"https:\/\/www.fredonoccitanie.com\/eesh\/wp-json\/wp\/v2\/tags?post=1256"}],"curies":[{"name":"wp","href":"https:\/\/api.w.org\/{rel}","templated":true}]}}