{"id":1252,"date":"2023-02-13T15:36:46","date_gmt":"2023-02-13T14:36:46","guid":{"rendered":"https:\/\/www.fredonoccitanie.com\/ambroisies\/?p=1252"},"modified":"2023-02-13T15:36:46","modified_gmt":"2023-02-13T14:36:46","slug":"6-fevrier-ou-15-fevrier-2023-deux-reunions-agir-contre-lambroisie-trifide-a-lacta-a-baziege","status":"publish","type":"post","link":"https:\/\/www.fredonoccitanie.com\/eesh\/2023\/02\/13\/6-fevrier-ou-15-fevrier-2023-deux-reunions-agir-contre-lambroisie-trifide-a-lacta-a-baziege\/","title":{"rendered":"6 f\u00e9vrier ou 15 f\u00e9vrier 2023 &#8211; Deux r\u00e9unions \u00ab\u00a0agir contre l&rsquo;ambroisie trifide\u00a0\u00bb \u00e0 l\u2019ACTA \u00e0 Bazi\u00e8ge"},"content":{"rendered":"<p>Fredon Occitanie, les Instituts techniques et T\u00e9l\u00e9spazio organisent des ateliers de r\u00e9flexion avec les coop\u00e9ratives, les conseillers Chambre d\u2019Agriculture ou Conseil D\u00e9partemental des zones concern\u00e9es (Haute-Garonne, Ari\u00e8ge, Gers, Tarn).<\/p>\n<p><img loading=\"lazy\" decoding=\"async\" class=\"size-full wp-image-1253 aligncenter\" src=\"https:\/\/www.fredonoccitanie.com\/ambroisies\/wp-content\/uploads\/sites\/5\/2023\/02\/reunion_bazege.png\" alt=\"\" width=\"547\" height=\"794\" srcset=\"https:\/\/www.fredonoccitanie.com\/eesh\/wp-content\/uploads\/sites\/5\/2023\/02\/reunion_bazege.png 547w, https:\/\/www.fredonoccitanie.com\/eesh\/wp-content\/uploads\/sites\/5\/2023\/02\/reunion_bazege-207x300.png 207w, https:\/\/www.fredonoccitanie.com\/eesh\/wp-content\/uploads\/sites\/5\/2023\/02\/reunion_bazege-486x705.png 486w\" sizes=\"auto, (max-width: 547px) 100vw, 547px\" \/><\/p>\n","protected":false},"excerpt":{"rendered":"<p>Fredon Occitanie, les Instituts techniques et T\u00e9l\u00e9spazio organisent des ateliers de r\u00e9flexion avec les coop\u00e9ratives, les conseillers Chambre d\u2019Agriculture ou Conseil D\u00e9partemental des zones concern\u00e9es (Haute-Garonne, Ari\u00e8ge, Gers, Tarn).<\/p>\n","protected":false},"author":5,"featured_media":1253,"comment_status":"closed","ping_status":"closed","sticky":false,"template":"","format":"standard","meta":{"footnotes":""},"categories":[8,3],"tags":[],"class_list":["post-1252","post","type-post","status-publish","format-standard","has-post-thumbnail","hentry","category-agenda-ambroisies","category-agenda-fredon"],"_links":{"self":[{"href":"https:\/\/www.fredonoccitanie.com\/eesh\/wp-json\/wp\/v2\/posts\/1252","targetHints":{"allow":["GET"]}}],"collection":[{"href":"https:\/\/www.fredonoccitanie.com\/eesh\/wp-json\/wp\/v2\/posts"}],"about":[{"href":"https:\/\/www.fredonoccitanie.com\/eesh\/wp-json\/wp\/v2\/types\/post"}],"author":[{"embeddable":true,"href":"https:\/\/www.fredonoccitanie.com\/eesh\/wp-json\/wp\/v2\/users\/5"}],"replies":[{"embeddable":true,"href":"https:\/\/www.fredonoccitanie.com\/eesh\/wp-json\/wp\/v2\/comments?post=1252"}],"version-history":[{"count":2,"href":"https:\/\/www.fredonoccitanie.com\/eesh\/wp-json\/wp\/v2\/posts\/1252\/revisions"}],"predecessor-version":[{"id":1255,"href":"https:\/\/www.fredonoccitanie.com\/eesh\/wp-json\/wp\/v2\/posts\/1252\/revisions\/1255"}],"wp:featuredmedia":[{"embeddable":true,"href":"https:\/\/www.fredonoccitanie.com\/eesh\/wp-json\/wp\/v2\/media\/1253"}],"wp:attachment":[{"href":"https:\/\/www.fredonoccitanie.com\/eesh\/wp-json\/wp\/v2\/media?parent=1252"}],"wp:term":[{"taxonomy":"category","embeddable":true,"href":"https:\/\/www.fredonoccitanie.com\/eesh\/wp-json\/wp\/v2\/categories?post=1252"},{"taxonomy":"post_tag","embeddable":true,"href":"https:\/\/www.fredonoccitanie.com\/eesh\/wp-json\/wp\/v2\/tags?post=1252"}],"curies":[{"name":"wp","href":"https:\/\/api.w.org\/{rel}","templated":true}]}}