{"id":1226,"date":"2022-12-12T14:19:27","date_gmt":"2022-12-12T13:19:27","guid":{"rendered":"https:\/\/www.fredonoccitanie.com\/ambroisies\/?p=1226"},"modified":"2023-07-28T08:19:24","modified_gmt":"2023-07-28T06:19:24","slug":"la-lettre-ambroisie-occitanie-n7-2022","status":"publish","type":"post","link":"https:\/\/www.fredonoccitanie.com\/eesh\/2022\/12\/12\/la-lettre-ambroisie-occitanie-n7-2022\/","title":{"rendered":"La lettre ambroisie Occitanie N\u00b07 \/ 2022"},"content":{"rendered":"<h3>C\u2019est la derni\u00e8re lettre ambroisie Occitanie de l\u2019ann\u00e9e\u00a0 !<\/h3>\n<p>Vous trouverez un rapide bilan et un retour d\u2019exp\u00e9rience sur la mobilisation du Conseil D\u00e9partemental des Routes du Tarn contre l\u2019ambroisie, accompagn\u00e9 par le CPIE Pays Tarnais.<\/p>\n<p style=\"text-align: center\"><a href=\"https:\/\/fredonoccitanie189-my.sharepoint.com\/:b:\/g\/personal\/e_algans_fredon-occitanie_fr\/EZ7O4WZtoapDmAUqz9D_bI4BA8Z5Tu1yTfRTKW5JYwcXOQ?e=fhp2Ls\">T\u00e9l\u00e9charger la lettre ambroisie Occitanie N\u00b07<\/a><\/p>\n<p><a href=\"https:\/\/fredonoccitanie189-my.sharepoint.com\/:b:\/g\/personal\/e_algans_fredon-occitanie_fr\/EZ7O4WZtoapDmAUqz9D_bI4BA8Z5Tu1yTfRTKW5JYwcXOQ?e=fhp2Ls\"><img loading=\"lazy\" decoding=\"async\" class=\"size-full wp-image-1225 aligncenter\" src=\"https:\/\/www.fredonoccitanie.com\/ambroisies\/wp-content\/uploads\/sites\/5\/2022\/09\/lettre_7.png\" alt=\"\" width=\"615\" height=\"912\" srcset=\"https:\/\/www.fredonoccitanie.com\/eesh\/wp-content\/uploads\/sites\/5\/2022\/09\/lettre_7.png 615w, https:\/\/www.fredonoccitanie.com\/eesh\/wp-content\/uploads\/sites\/5\/2022\/09\/lettre_7-202x300.png 202w, https:\/\/www.fredonoccitanie.com\/eesh\/wp-content\/uploads\/sites\/5\/2022\/09\/lettre_7-475x705.png 475w\" sizes=\"auto, (max-width: 615px) 100vw, 615px\" \/><\/a><\/p>\n<p>&nbsp;<\/p>\n","protected":false},"excerpt":{"rendered":"<p>C\u2019est la derni\u00e8re lettre ambroisie Occitanie de l\u2019ann\u00e9e\u00a0 ! Vous trouverez un rapide bilan et un retour d\u2019exp\u00e9rience sur la mobilisation du Conseil D\u00e9partemental des Routes du Tarn contre l\u2019ambroisie, accompagn\u00e9 par le CPIE Pays Tarnais. T\u00e9l\u00e9charger la lettre ambroisie Occitanie N\u00b07 &nbsp;<\/p>\n","protected":false},"author":5,"featured_media":481,"comment_status":"closed","ping_status":"closed","sticky":false,"template":"","format":"standard","meta":{"footnotes":""},"categories":[7],"tags":[],"class_list":["post-1226","post","type-post","status-publish","format-standard","has-post-thumbnail","hentry","category-actualites-ambroisies"],"_links":{"self":[{"href":"https:\/\/www.fredonoccitanie.com\/eesh\/wp-json\/wp\/v2\/posts\/1226","targetHints":{"allow":["GET"]}}],"collection":[{"href":"https:\/\/www.fredonoccitanie.com\/eesh\/wp-json\/wp\/v2\/posts"}],"about":[{"href":"https:\/\/www.fredonoccitanie.com\/eesh\/wp-json\/wp\/v2\/types\/post"}],"author":[{"embeddable":true,"href":"https:\/\/www.fredonoccitanie.com\/eesh\/wp-json\/wp\/v2\/users\/5"}],"replies":[{"embeddable":true,"href":"https:\/\/www.fredonoccitanie.com\/eesh\/wp-json\/wp\/v2\/comments?post=1226"}],"version-history":[{"count":5,"href":"https:\/\/www.fredonoccitanie.com\/eesh\/wp-json\/wp\/v2\/posts\/1226\/revisions"}],"predecessor-version":[{"id":2588,"href":"https:\/\/www.fredonoccitanie.com\/eesh\/wp-json\/wp\/v2\/posts\/1226\/revisions\/2588"}],"wp:featuredmedia":[{"embeddable":true,"href":"https:\/\/www.fredonoccitanie.com\/eesh\/wp-json\/wp\/v2\/media\/481"}],"wp:attachment":[{"href":"https:\/\/www.fredonoccitanie.com\/eesh\/wp-json\/wp\/v2\/media?parent=1226"}],"wp:term":[{"taxonomy":"category","embeddable":true,"href":"https:\/\/www.fredonoccitanie.com\/eesh\/wp-json\/wp\/v2\/categories?post=1226"},{"taxonomy":"post_tag","embeddable":true,"href":"https:\/\/www.fredonoccitanie.com\/eesh\/wp-json\/wp\/v2\/tags?post=1226"}],"curies":[{"name":"wp","href":"https:\/\/api.w.org\/{rel}","templated":true}]}}