{"id":9863,"date":"2022-12-01T11:02:34","date_gmt":"2022-12-01T10:02:34","guid":{"rendered":"https:\/\/www.fredonoccitanie.com\/captages\/?p=9863"},"modified":"2022-12-05T11:03:10","modified_gmt":"2022-12-05T10:03:10","slug":"08-11-decembre-2022-regal-sud-de-france-le-salon-regional-de-lagriculture-a-toulouse-31","status":"publish","type":"post","link":"https:\/\/www.fredonoccitanie.com\/captages\/2022\/12\/01\/08-11-decembre-2022-regal-sud-de-france-le-salon-regional-de-lagriculture-a-toulouse-31\/","title":{"rendered":"08-11 d\u00e9cembre 2022 : REGAL Sud de France, le salon r\u00e9gional de l\u2019agriculture \u00e0 Toulouse (31)"},"content":{"rendered":"<h3 style=\"text-align: center\">REGAL Sud de France : savourez l\u2019Occitanie !<\/h3>\n<h5 style=\"text-align: center\">du 8 au 11 d\u00e9cembre 2022 &#8211; Toulouse (31)<\/h5>\n<p>&nbsp;<\/p>\n<p style=\"text-align: center\"><strong>Le salon r\u00e9gional de l\u2019agriculture donne rendez-vous au public pour d\u00e9couvrir et d\u00e9guster le meilleur de l\u2019Occitanie ! Un \u00e9v\u00e8nement qui vise \u00e0 sensibiliser \u00e0 l&rsquo;importance d&rsquo;une bonne alimentation, aux circuits courts et \u00e0 une agriculture durable et de qualit\u00e9.<\/strong><\/p>\n<p>&nbsp;<\/p>\n<p><strong>Pour sa 18e \u00e9dition, le salon <a class=\"spip_out\" title=\"REGAL Sud de France - Nouvelle fen\u00eatre\" href=\"https:\/\/regal.laregion.fr\/\" target=\"_blank\" rel=\"noreferrer noopener\">REGAL Sud de France<\/a> se tiendra au <a class=\"spip_out\" title=\"MEETT - Nouvelle fen\u00eatre\" href=\"https:\/\/meett.fr\/\" target=\"_blank\" rel=\"noreferrer noopener\">MEETT<\/a> de Toulouse du 8 au 11 d\u00e9cembre. <\/strong><\/p>\n<p>Au menu pour le public : un march\u00e9 avec plus de 160 producteurs locaux pour vous faire d\u00e9couvrir 550 produits r\u00e9gionaux, \u00ab La Ferme \u00bb avec une centaine d&rsquo;animaux et des animations culinaires, gastronomiques et sensorielles, mais aussi des temps d\u2019information et de p\u00e9dagogie.<\/p>\n<p>En particulier, un espace d\u00e9di\u00e9 renseignera sur le m\u00e9tier d\u2019agriculteur via des \u00e9changes, des expositions, des animations ludiques\u2026<\/p>\n<p style=\"text-align: center\"><a href=\"https:\/\/www.laregion.fr\/REGAL-Sud-de-France-savourez-l-Occitanie\">Pour plus d\u2019information et inscription ici<\/a><\/p>\n<p style=\"text-align: center\">(entr\u00e9e gratuite)<\/p>\n<p>&nbsp;<\/p>\n<p>Source : <a href=\"https:\/\/www.fredonoccitanie.com\/captages\/wp-admin\/post-new.php\">la R\u00e9gion<\/a><\/p>\n","protected":false},"excerpt":{"rendered":"<p>REGAL Sud de France : savourez l\u2019Occitanie ! du 8 au 11 d\u00e9cembre 2022 &#8211; Toulouse (31) &nbsp; Le salon r\u00e9gional de l\u2019agriculture donne rendez-vous au public pour d\u00e9couvrir et d\u00e9guster le meilleur de l\u2019Occitanie ! Un \u00e9v\u00e8nement qui vise \u00e0 sensibiliser \u00e0 l&rsquo;importance d&rsquo;une bonne alimentation, aux circuits courts et \u00e0 une agriculture durable [&hellip;]<\/p>\n","protected":false},"author":5,"featured_media":9894,"comment_status":"closed","ping_status":"closed","sticky":false,"template":"","format":"standard","meta":{"footnotes":""},"categories":[3,13],"tags":[],"class_list":["post-9863","post","type-post","status-publish","format-standard","has-post-thumbnail","hentry","category-agenda-captages","category-agenda-fredon"],"_links":{"self":[{"href":"https:\/\/www.fredonoccitanie.com\/captages\/wp-json\/wp\/v2\/posts\/9863","targetHints":{"allow":["GET"]}}],"collection":[{"href":"https:\/\/www.fredonoccitanie.com\/captages\/wp-json\/wp\/v2\/posts"}],"about":[{"href":"https:\/\/www.fredonoccitanie.com\/captages\/wp-json\/wp\/v2\/types\/post"}],"author":[{"embeddable":true,"href":"https:\/\/www.fredonoccitanie.com\/captages\/wp-json\/wp\/v2\/users\/5"}],"replies":[{"embeddable":true,"href":"https:\/\/www.fredonoccitanie.com\/captages\/wp-json\/wp\/v2\/comments?post=9863"}],"version-history":[{"count":3,"href":"https:\/\/www.fredonoccitanie.com\/captages\/wp-json\/wp\/v2\/posts\/9863\/revisions"}],"predecessor-version":[{"id":9892,"href":"https:\/\/www.fredonoccitanie.com\/captages\/wp-json\/wp\/v2\/posts\/9863\/revisions\/9892"}],"wp:featuredmedia":[{"embeddable":true,"href":"https:\/\/www.fredonoccitanie.com\/captages\/wp-json\/wp\/v2\/media\/9894"}],"wp:attachment":[{"href":"https:\/\/www.fredonoccitanie.com\/captages\/wp-json\/wp\/v2\/media?parent=9863"}],"wp:term":[{"taxonomy":"category","embeddable":true,"href":"https:\/\/www.fredonoccitanie.com\/captages\/wp-json\/wp\/v2\/categories?post=9863"},{"taxonomy":"post_tag","embeddable":true,"href":"https:\/\/www.fredonoccitanie.com\/captages\/wp-json\/wp\/v2\/tags?post=9863"}],"curies":[{"name":"wp","href":"https:\/\/api.w.org\/{rel}","templated":true}]}}