{"id":9797,"date":"2022-11-30T16:31:46","date_gmt":"2022-11-30T15:31:46","guid":{"rendered":"https:\/\/www.fredonoccitanie.com\/captages\/?p=9797"},"modified":"2022-12-05T11:04:37","modified_gmt":"2022-12-05T10:04:37","slug":"1-6-decembre-journee-mondiale-des-sols-a-toulouse","status":"publish","type":"post","link":"https:\/\/www.fredonoccitanie.com\/captages\/2022\/11\/30\/1-6-decembre-journee-mondiale-des-sols-a-toulouse\/","title":{"rendered":"1-6 d\u00e9cembre : Journ\u00e9e mondiale des sols \u00e0 Toulouse"},"content":{"rendered":"<h3 style=\"text-align: center\">Edition 2022 : Les sols pour la nutrition<\/h3>\n<h5 style=\"text-align: center\">Ev\u00e8nement organis\u00e9 par l&rsquo;AFES \/ association fran\u00e7aise pour l&rsquo;\u00e9tude du sol<\/h5>\n<h5 style=\"text-align: center\">du 1er au 6 d\u00e9cembre 2022 &#8211; Toulouse (31)<\/h5>\n<p><img loading=\"lazy\" decoding=\"async\" class=\"alignnone size-full wp-image-9798\" src=\"https:\/\/www.fredonoccitanie.com\/captages\/wp-content\/uploads\/sites\/3\/2022\/11\/journee_plante.png\" alt=\"\" width=\"1189\" height=\"423\" srcset=\"https:\/\/www.fredonoccitanie.com\/captages\/wp-content\/uploads\/sites\/3\/2022\/11\/journee_plante.png 1189w, https:\/\/www.fredonoccitanie.com\/captages\/wp-content\/uploads\/sites\/3\/2022\/11\/journee_plante-300x107.png 300w, https:\/\/www.fredonoccitanie.com\/captages\/wp-content\/uploads\/sites\/3\/2022\/11\/journee_plante-1030x366.png 1030w, https:\/\/www.fredonoccitanie.com\/captages\/wp-content\/uploads\/sites\/3\/2022\/11\/journee_plante-768x273.png 768w, https:\/\/www.fredonoccitanie.com\/captages\/wp-content\/uploads\/sites\/3\/2022\/11\/journee_plante-705x251.png 705w\" sizes=\"auto, (max-width: 1189px) 100vw, 1189px\" \/><\/p>\n<p style=\"text-align: center\"><a href=\"https:\/\/www.afes.fr\/\">La journ\u00e9e Mondiale des Sols se d\u00e9roule <b>\u00e0 Toulouse<\/b> cette ann\u00e9e sur le th\u00e8me :<\/a><\/p>\n<h3 style=\"text-align: center\"><b>\u00ab\u00a0Les sols pour la nutrition\u00a0\u00bb<\/b><\/h3>\n<p>Les sols sont des \u00e9cosyst\u00e8mes complexes qui remplissent les fonctions \u00e9tonnantes de produire, stocker, transformer et recycler les \u00e9l\u00e9ments essentiels dont nous avons tous besoin et qui sont transf\u00e9r\u00e9s du sol aux plantes, puis aux animaux et \u00e0 l\u2019environnement au sens large. Pour l&rsquo;accomplissement de toutes ces fonctions, il est n\u00e9cessaire de comprendre, valoriser et conserver les processus des sols qui rendent possible la production de nos aliments et leur valeur nutritionnelle, dont d\u00e9pend notre sant\u00e9. <a href=\"https:\/\/www.afes.fr\/actions\/journee-mondiale-des-sols\/journee-mondiale-des-sols-2022\/\">lire la suite &#8230;<\/a><\/p>\n<p>&nbsp;<\/p>\n<p><a href=\"https:\/\/youtu.be\/r686YAbLL0Y\"><img loading=\"lazy\" decoding=\"async\" class=\"wp-image-9801 aligncenter\" src=\"https:\/\/www.fredonoccitanie.com\/captages\/wp-content\/uploads\/sites\/3\/2022\/11\/film_sol.png\" alt=\"\" width=\"615\" height=\"427\" srcset=\"https:\/\/www.fredonoccitanie.com\/captages\/wp-content\/uploads\/sites\/3\/2022\/11\/film_sol.png 583w, https:\/\/www.fredonoccitanie.com\/captages\/wp-content\/uploads\/sites\/3\/2022\/11\/film_sol-300x208.png 300w\" sizes=\"auto, (max-width: 615px) 100vw, 615px\" \/><\/a><\/p>\n<p>&nbsp;<\/p>\n<p>Source : <a href=\"https:\/\/www.afes.fr\/\">AFES<\/a><\/p>\n","protected":false},"excerpt":{"rendered":"<p>Edition 2022 : Les sols pour la nutrition Ev\u00e8nement organis\u00e9 par l&rsquo;AFES \/ association fran\u00e7aise pour l&rsquo;\u00e9tude du sol du 1er au 6 d\u00e9cembre 2022 &#8211; Toulouse (31) La journ\u00e9e Mondiale des Sols se d\u00e9roule \u00e0 Toulouse cette ann\u00e9e sur le th\u00e8me : \u00ab\u00a0Les sols pour la nutrition\u00a0\u00bb Les sols sont des \u00e9cosyst\u00e8mes complexes qui [&hellip;]<\/p>\n","protected":false},"author":5,"featured_media":9821,"comment_status":"closed","ping_status":"closed","sticky":false,"template":"","format":"standard","meta":{"footnotes":""},"categories":[3,13],"tags":[],"class_list":["post-9797","post","type-post","status-publish","format-standard","has-post-thumbnail","hentry","category-agenda-captages","category-agenda-fredon"],"_links":{"self":[{"href":"https:\/\/www.fredonoccitanie.com\/captages\/wp-json\/wp\/v2\/posts\/9797","targetHints":{"allow":["GET"]}}],"collection":[{"href":"https:\/\/www.fredonoccitanie.com\/captages\/wp-json\/wp\/v2\/posts"}],"about":[{"href":"https:\/\/www.fredonoccitanie.com\/captages\/wp-json\/wp\/v2\/types\/post"}],"author":[{"embeddable":true,"href":"https:\/\/www.fredonoccitanie.com\/captages\/wp-json\/wp\/v2\/users\/5"}],"replies":[{"embeddable":true,"href":"https:\/\/www.fredonoccitanie.com\/captages\/wp-json\/wp\/v2\/comments?post=9797"}],"version-history":[{"count":5,"href":"https:\/\/www.fredonoccitanie.com\/captages\/wp-json\/wp\/v2\/posts\/9797\/revisions"}],"predecessor-version":[{"id":9897,"href":"https:\/\/www.fredonoccitanie.com\/captages\/wp-json\/wp\/v2\/posts\/9797\/revisions\/9897"}],"wp:featuredmedia":[{"embeddable":true,"href":"https:\/\/www.fredonoccitanie.com\/captages\/wp-json\/wp\/v2\/media\/9821"}],"wp:attachment":[{"href":"https:\/\/www.fredonoccitanie.com\/captages\/wp-json\/wp\/v2\/media?parent=9797"}],"wp:term":[{"taxonomy":"category","embeddable":true,"href":"https:\/\/www.fredonoccitanie.com\/captages\/wp-json\/wp\/v2\/categories?post=9797"},{"taxonomy":"post_tag","embeddable":true,"href":"https:\/\/www.fredonoccitanie.com\/captages\/wp-json\/wp\/v2\/tags?post=9797"}],"curies":[{"name":"wp","href":"https:\/\/api.w.org\/{rel}","templated":true}]}}