{"id":9732,"date":"2022-10-21T12:02:59","date_gmt":"2022-10-21T10:02:59","guid":{"rendered":"https:\/\/www.fredonoccitanie.com\/captages\/?p=9732"},"modified":"2022-10-21T12:11:16","modified_gmt":"2022-10-21T10:11:16","slug":"zero-phyto-rencontre-technique-pour-les-communes-du-bassin-versant-du-viaur","status":"publish","type":"post","link":"https:\/\/www.fredonoccitanie.com\/captages\/2022\/10\/21\/zero-phyto-rencontre-technique-pour-les-communes-du-bassin-versant-du-viaur\/","title":{"rendered":"Z\u00e9ro Phyto : rencontre technique pour les communes du bassin versant du Viaur"},"content":{"rendered":"<h3 style=\"text-align: center\">Rencontre organis\u00e9e par l&rsquo;EPAGE Viaur, avec la participation de la mission Ecophyto JEVI \/ FREDON Occitanie et du CAUE 12 pour outiller les communes du bassin versant<\/h3>\n<h5 style=\"text-align: center\"><strong>Vendredi 14 octobre 2022 &#8211; <\/strong>Naucelle <strong>(12)<\/strong><\/h5>\n<p>&nbsp;<\/p>\n<p><strong>La r\u00e9cente extension de la Loi Labb\u00e9 intervenue ce mois de juillet suscite nombre d&rsquo;interrogations pour les gestionnaires d&rsquo;espaces verts, dont les collectivit\u00e9s. 35 \u00e9lus et agents ont ainsi particip\u00e9 \u00e0 cette rencontre organis\u00e9e par l&rsquo;EPAGE Viaur, membre du r\u00e9seau <em>Captages d&rsquo;<\/em>Eau<em>ccitanie<\/em>.<\/strong><\/p>\n<p>&nbsp;<\/p>\n<h4><strong>Accompagner les communes vers le Z\u00e9ro Phyto, un engagement de longue date pour l&rsquo;EPAGE Viaur<\/strong><\/h4>\n<p>Suite aux contraintes instaur\u00e9es par la Loi Labb\u00e9 pour les gestionnaires JEVI (jardin, espaces verts et infrastructures), l&rsquo;EPAGE Viaur a d\u00e8s 2017 souhaitait accompagner les communes du bassin versant au changement de pratiques.<\/p>\n<p>Cela s&rsquo;est traduit par plusieurs actions telles que :<\/p>\n<ul>\n<li>accompagnement de 26 communes, sur les 85 du bassin versant, \u00e0 la mise en place de plans de d\u00e9sherbage pour une approche plus diff\u00e9renci\u00e9e des espaces \u00e0 g\u00e9rer et pour s&rsquo;outiller vers une gestion \u00ab\u00a0Z\u00e9ro Phyto\u00a0\u00bb ;<\/li>\n<li>cr\u00e9ation d&rsquo;une exposition ;<\/li>\n<li>actions de communication sur le sujet pour sensibiliser les gestionnaires : consulter le <a href=\"https:\/\/espace.ressources-fredonoccitanie.com\/index.php\/s\/kifPkJdzZPkGJiB\">bulletin d\u00e9di\u00e9 de l&rsquo;EPAGE<\/a> produit en 2017.<\/li>\n<\/ul>\n<p>&nbsp;<\/p>\n<div id=\"attachment_9745\" style=\"width: 310px\" class=\"wp-caption aligncenter\"><img loading=\"lazy\" decoding=\"async\" aria-describedby=\"caption-attachment-9745\" class=\"wp-image-9745 size-medium\" src=\"https:\/\/www.fredonoccitanie.com\/captages\/wp-content\/uploads\/sites\/3\/2022\/10\/expo-300x169.jpg\" alt=\"\" width=\"300\" height=\"169\" srcset=\"https:\/\/www.fredonoccitanie.com\/captages\/wp-content\/uploads\/sites\/3\/2022\/10\/expo-300x169.jpg 300w, https:\/\/www.fredonoccitanie.com\/captages\/wp-content\/uploads\/sites\/3\/2022\/10\/expo-1030x579.jpg 1030w, https:\/\/www.fredonoccitanie.com\/captages\/wp-content\/uploads\/sites\/3\/2022\/10\/expo-768x432.jpg 768w, https:\/\/www.fredonoccitanie.com\/captages\/wp-content\/uploads\/sites\/3\/2022\/10\/expo-1536x864.jpg 1536w, https:\/\/www.fredonoccitanie.com\/captages\/wp-content\/uploads\/sites\/3\/2022\/10\/expo-2048x1152.jpg 2048w, https:\/\/www.fredonoccitanie.com\/captages\/wp-content\/uploads\/sites\/3\/2022\/10\/expo-1500x844.jpg 1500w, https:\/\/www.fredonoccitanie.com\/captages\/wp-content\/uploads\/sites\/3\/2022\/10\/expo-705x397.jpg 705w\" sizes=\"auto, (max-width: 300px) 100vw, 300px\" \/><p id=\"caption-attachment-9745\" class=\"wp-caption-text\">Exposition de l&rsquo;EPAGE Viaur<\/p><\/div>\n<h3><\/h3>\n<h4><strong>Un sujet toujours et encore d&rsquo;actualit\u00e9 !<\/strong><\/h4>\n<p>Quelques ann\u00e9es se sont \u00e9coul\u00e9es depuis et force est de constater qu&rsquo;\u00e0 l&rsquo;heure de l&rsquo;extension de la Loi Labb\u00e9, nombre de collectivit\u00e9s rencontrent encore des difficult\u00e9s de gestion ou d&rsquo;acceptation par la population. Leur int\u00e9r\u00eat pour identifier des alternatives efficientes est donc notoire.<\/p>\n<p>FREDON Occitanie est donc intervenue \u00e0 la demande de l&rsquo;EPAGE Viaur, et en partenariat avec le CAUE 12, pour accompagner les collectivit\u00e9s pr\u00e9sentes (35 \u00e9lus et agents repr\u00e9sentant 19 communes).<\/p>\n<p><strong>L&rsquo;objectif \u00e9tait de sensibiliser les communes du bassin versant sur le \u00ab\u00a0Z\u00e9ro Phyto\u00a0\u00bb et de les accompagner vers un changement de pratiques compatibles avec les enjeux du territoire (qualit\u00e9 de l&rsquo;eau, imperm\u00e9abilisation des sols limit\u00e9e&#8230;).<\/strong><\/p>\n<div id=\"attachment_9746\" style=\"width: 310px\" class=\"wp-caption aligncenter\"><img loading=\"lazy\" decoding=\"async\" aria-describedby=\"caption-attachment-9746\" class=\"wp-image-9746 size-medium\" src=\"https:\/\/www.fredonoccitanie.com\/captages\/wp-content\/uploads\/sites\/3\/2022\/10\/salle-300x169.jpg\" alt=\"\" width=\"300\" height=\"169\" srcset=\"https:\/\/www.fredonoccitanie.com\/captages\/wp-content\/uploads\/sites\/3\/2022\/10\/salle-300x169.jpg 300w, https:\/\/www.fredonoccitanie.com\/captages\/wp-content\/uploads\/sites\/3\/2022\/10\/salle-1030x579.jpg 1030w, https:\/\/www.fredonoccitanie.com\/captages\/wp-content\/uploads\/sites\/3\/2022\/10\/salle-768x432.jpg 768w, https:\/\/www.fredonoccitanie.com\/captages\/wp-content\/uploads\/sites\/3\/2022\/10\/salle-1536x864.jpg 1536w, https:\/\/www.fredonoccitanie.com\/captages\/wp-content\/uploads\/sites\/3\/2022\/10\/salle-2048x1152.jpg 2048w, https:\/\/www.fredonoccitanie.com\/captages\/wp-content\/uploads\/sites\/3\/2022\/10\/salle-1500x844.jpg 1500w, https:\/\/www.fredonoccitanie.com\/captages\/wp-content\/uploads\/sites\/3\/2022\/10\/salle-705x397.jpg 705w\" sizes=\"auto, (max-width: 300px) 100vw, 300px\" \/><p id=\"caption-attachment-9746\" class=\"wp-caption-text\">Rencontre technique \u00e0 Naucelle (12)<\/p><\/div>\n<p>3 th\u00e9matiques techniques ont ainsi \u00e9t\u00e9 abord\u00e9es :<\/p>\n<ul>\n<li><strong>Loi Labb\u00e9, les nouvelles obligations et des outils pour les gestionnaires<\/strong><\/li>\n<li><strong>Le v\u00e9g\u00e9tal, une r\u00e9elle alternative aux intrants : focus sur les erreurs \u00e0 ne pas faire et les bons r\u00e9flexes \u00e0 avoir<\/strong><\/li>\n<li><strong>Zoom sur la gestion des cimeti\u00e8res\u2026 sans pesticides\u00a0!<\/strong><\/li>\n<\/ul>\n<p>Des solutions techniques, op\u00e9rationnelles, concr\u00e8tes ont \u00e9taient mises en avant, tout comme l&rsquo;importance de les accompagner d&rsquo;actions de communication et sensibilisation des usagers.<\/p>\n<p>Les \u00e9changes ont \u00e9t\u00e9 compl\u00e9t\u00e9s par les t\u00e9moignages de deux communes sur leurs exp\u00e9riences autour de la mise en \u0153uvre d&rsquo;une gestion \u00ab\u00a0Z\u00e9ro Phyto\u00a0\u00bb : Centr\u00e8s et Naucelle, avec d\u00e9monstration d&rsquo;outils.<\/p>\n<div id=\"attachment_9734\" style=\"width: 310px\" class=\"wp-caption aligncenter\"><img loading=\"lazy\" decoding=\"async\" aria-describedby=\"caption-attachment-9734\" class=\"wp-image-9734 size-medium\" src=\"https:\/\/www.fredonoccitanie.com\/captages\/wp-content\/uploads\/sites\/3\/2022\/10\/demo-300x169.jpg\" alt=\"\" width=\"300\" height=\"169\" srcset=\"https:\/\/www.fredonoccitanie.com\/captages\/wp-content\/uploads\/sites\/3\/2022\/10\/demo-300x169.jpg 300w, https:\/\/www.fredonoccitanie.com\/captages\/wp-content\/uploads\/sites\/3\/2022\/10\/demo-1030x579.jpg 1030w, https:\/\/www.fredonoccitanie.com\/captages\/wp-content\/uploads\/sites\/3\/2022\/10\/demo-768x432.jpg 768w, https:\/\/www.fredonoccitanie.com\/captages\/wp-content\/uploads\/sites\/3\/2022\/10\/demo-1536x864.jpg 1536w, https:\/\/www.fredonoccitanie.com\/captages\/wp-content\/uploads\/sites\/3\/2022\/10\/demo-2048x1152.jpg 2048w, https:\/\/www.fredonoccitanie.com\/captages\/wp-content\/uploads\/sites\/3\/2022\/10\/demo-1500x844.jpg 1500w, https:\/\/www.fredonoccitanie.com\/captages\/wp-content\/uploads\/sites\/3\/2022\/10\/demo-705x397.jpg 705w\" sizes=\"auto, (max-width: 300px) 100vw, 300px\" \/><p id=\"caption-attachment-9734\" class=\"wp-caption-text\">D\u00e9monstration de mat\u00e9riel par la commune de Naucelle (12)<\/p><\/div>\n<h3><\/h3>\n<h4>Pour un engagement collectif du territoire sur les enjeux \u00ab\u00a0eau\u00a0\u00bb !<\/h4>\n<p>Les enjeux \u00ab\u00a0eau\u00a0\u00bb sont nombreux sur ce bassin versant (essentiellement localis\u00e9 sur le d\u00e9partement de l&rsquo;Aveyron) tant du point de vue de la qualit\u00e9 que de la quantit\u00e9. Pollutions diffuses, pr\u00e9l\u00e8vement de grandes quantit\u00e9 d&rsquo;eau pour l&rsquo;alimentation de centrales hydro-\u00e9lectriques, plans d&rsquo;eau \u00e0 fort enjeu touristique&#8230;<\/p>\n<p><strong>Partant de la question du \u00ab\u00a0Z\u00e9ro Phyto\u00a0\u00bb, les \u00e9changes lors de cette rencontre ont plus largement permis de sensibiliser les gestionnaires pr\u00e9sents aux enjeux \u00ab\u00a0eau\u00a0\u00bb,<\/strong> entourant leurs choix de modes de gestion :<\/p>\n<ul>\n<li>r\u00e9duction des pollutions diffuses alt\u00e9rant la qualit\u00e9 de l&rsquo;eau,<\/li>\n<li>ma\u00eetrise de l&rsquo;usage de l&rsquo;eau d&rsquo;arrosage,<\/li>\n<li>alternatives face au risque d&rsquo;imperm\u00e9abilisation des sols&#8230;<\/li>\n<\/ul>\n<p>&nbsp;<\/p>\n<h3 style=\"text-align: center\"><strong>Mobiliser les acteurs JEVI au c\u0153ur des aires d&rsquo;alimentation de captages (AAC) et des territoires \u00e0 enjeu \u00ab\u00a0eau\u00a0\u00bb : <\/strong><\/h3>\n<h3 style=\"text-align: center\"><strong>un catalyseur pour le territoire en vue d&rsquo;<\/strong><strong>une action collective pour pr\u00e9server la qualit\u00e9 de l\u2019eau !<\/strong><\/h3>\n<p>&nbsp;<\/p>\n<p style=\"text-align: center\"><a href=\"https:\/\/www.fredonoccitanie.com\/jevi\/\">En savoir plus lien mission ECOPHYTO JEVI d\u00e9di\u00e9e \u00e0 l&rsquo;accompagner des gestionnaires, anim\u00e9e par FREDON Occitanie<\/a><\/p>\n<p>&nbsp;<\/p>\n<p>&nbsp;<\/p>\n<p>Sources : EPAGE Viaur et FREDON Occitanie<\/p>\n<p>Cr\u00e9dits images : (c) FREDON Occitanie<\/p>\n<p>&nbsp;<\/p>\n<p>&nbsp;<\/p>\n<p>&nbsp;<\/p>\n","protected":false},"excerpt":{"rendered":"<p>Rencontre organis\u00e9e par l&rsquo;EPAGE Viaur, avec la participation de la mission Ecophyto JEVI \/ FREDON Occitanie et du CAUE 12 pour outiller les communes du bassin versant Vendredi 14 octobre 2022 &#8211; Naucelle (12) &nbsp; La r\u00e9cente extension de la Loi Labb\u00e9 intervenue ce mois de juillet suscite nombre d&rsquo;interrogations pour les gestionnaires d&rsquo;espaces verts, [&hellip;]<\/p>\n","protected":false},"author":10,"featured_media":9733,"comment_status":"closed","ping_status":"closed","sticky":false,"template":"","format":"standard","meta":{"footnotes":""},"categories":[2,12],"tags":[8],"class_list":["post-9732","post","type-post","status-publish","format-standard","has-post-thumbnail","hentry","category-actualites-captages","category-actualites-fredon","tag-actualites-captages"],"_links":{"self":[{"href":"https:\/\/www.fredonoccitanie.com\/captages\/wp-json\/wp\/v2\/posts\/9732","targetHints":{"allow":["GET"]}}],"collection":[{"href":"https:\/\/www.fredonoccitanie.com\/captages\/wp-json\/wp\/v2\/posts"}],"about":[{"href":"https:\/\/www.fredonoccitanie.com\/captages\/wp-json\/wp\/v2\/types\/post"}],"author":[{"embeddable":true,"href":"https:\/\/www.fredonoccitanie.com\/captages\/wp-json\/wp\/v2\/users\/10"}],"replies":[{"embeddable":true,"href":"https:\/\/www.fredonoccitanie.com\/captages\/wp-json\/wp\/v2\/comments?post=9732"}],"version-history":[{"count":5,"href":"https:\/\/www.fredonoccitanie.com\/captages\/wp-json\/wp\/v2\/posts\/9732\/revisions"}],"predecessor-version":[{"id":9907,"href":"https:\/\/www.fredonoccitanie.com\/captages\/wp-json\/wp\/v2\/posts\/9732\/revisions\/9907"}],"wp:featuredmedia":[{"embeddable":true,"href":"https:\/\/www.fredonoccitanie.com\/captages\/wp-json\/wp\/v2\/media\/9733"}],"wp:attachment":[{"href":"https:\/\/www.fredonoccitanie.com\/captages\/wp-json\/wp\/v2\/media?parent=9732"}],"wp:term":[{"taxonomy":"category","embeddable":true,"href":"https:\/\/www.fredonoccitanie.com\/captages\/wp-json\/wp\/v2\/categories?post=9732"},{"taxonomy":"post_tag","embeddable":true,"href":"https:\/\/www.fredonoccitanie.com\/captages\/wp-json\/wp\/v2\/tags?post=9732"}],"curies":[{"name":"wp","href":"https:\/\/api.w.org\/{rel}","templated":true}]}}