{"id":9635,"date":"2022-09-26T12:40:04","date_gmt":"2022-09-26T10:40:04","guid":{"rendered":"https:\/\/www.fredonoccitanie.com\/captages\/?p=9635"},"modified":"2022-09-29T16:23:29","modified_gmt":"2022-09-29T14:23:29","slug":"cailar-formation-fertilisation-sols","status":"publish","type":"post","link":"https:\/\/www.fredonoccitanie.com\/captages\/2022\/09\/26\/cailar-formation-fertilisation-sols\/","title":{"rendered":"Le Cailar (30) : rendez-vous le 5 octobre pour apprendre \u00e0 piloter la fertilisation organique et biologique des sols"},"content":{"rendered":"<h3 style=\"text-align: center\">Une formation sur mesure pour les agricultrices et agriculteurs du secteur de la Vistrenque<\/h3>\n<p>Organis\u00e9e par l&rsquo;<a href=\"https:\/\/fr-fr.facebook.com\/EPTBVistreVistrenque\/\">EPTB Vistre-Vistrenque<\/a>, cette formation s&rsquo;inscrit dans la d\u00e9marche de reconqu\u00eate de la qualit\u00e9 des eaux brutes des captages prioritaires localis\u00e9s sur la nappe de la Vistrenque, captages vuln\u00e9rables aux pollutions diffuses.<\/p>\n<p>En partenariat avec <a href=\"https:\/\/celesta-lab.fr\/\">Celesta Lab<\/a>, laboratoire h\u00e9raultais de r\u00e9f\u00e9rence sur\u00a0 la biologie des sols et la valorisation des produits organiques, les stagiaires auront l&rsquo;occasion d&rsquo;\u00e9tudier, puis voir par eux-m\u00eames, les leviers d&rsquo;une bonne gestion de la fertilit\u00e9 des sols :<\/p>\n<ul>\n<li>crit\u00e8res du fonctionnement du sol<\/li>\n<li>d\u00e9cryptage des analyses<\/li>\n<li>impact des pratiques culturales comme l&rsquo;enherbement, le travail du sol, la fertilisation, etc.<\/li>\n<li>observations de profils de sol et pr\u00e9conisations<\/li>\n<\/ul>\n<p><strong>La formation se tiendra le mercredi 5 octobre de 8h45 \u00e0 17h \u00e0 la commune du Cailar (30), d&rsquo;abord en mairie puis sur le terrain.<br \/>\n<\/strong><\/p>\n<p>Pour s&rsquo;inscrire, contactez sans tarder les animateurs captages prioritaires :<br \/>\nHugo Gibert : hugo.gibert@vistre-vistrenque.fr, 06 07 30 69 93<br \/>\nCamille Grigis : camille.grigis@vistre-vistrenque.fr, 07 85 88 54 06<br \/>\nMarie-Dominique Gras : marie-dominique.gras@vistre-vistrenque.fr, 06 47 90 16 26<strong><br \/>\n<\/strong><\/p>\n\n<style type=\"text\/css\" data-created_by=\"avia_inline_auto\" id=\"style-css-av-2u3ej7-c915e0b499521038e8aa13fc282f1e78\">\n.avia-image-container.av-2u3ej7-c915e0b499521038e8aa13fc282f1e78 img.avia_image{\nbox-shadow:none;\n}\n.avia-image-container.av-2u3ej7-c915e0b499521038e8aa13fc282f1e78 .av-image-caption-overlay-center{\ncolor:#ffffff;\n}\n<\/style>\n<div  class='avia-image-container av-2u3ej7-c915e0b499521038e8aa13fc282f1e78 av-styling- avia-align-center  avia-builder-el-0  avia-builder-el-no-sibling '   itemprop=\"image\" itemscope=\"itemscope\" itemtype=\"https:\/\/schema.org\/ImageObject\" ><div class=\"avia-image-container-inner\"><div class=\"avia-image-overlay-wrap\"><img decoding=\"async\" fetchpriority=\"high\" class='wp-image-9637 avia-img-lazy-loading-not-9637 avia_image ' src=\"https:\/\/www.fredonoccitanie.com\/captages\/wp-content\/uploads\/sites\/3\/2022\/09\/221005_eptbvv_celesta-300x171.png\" alt='' title='221005_eptbvv_celesta'  height=\"171\" width=\"300\"  itemprop=\"thumbnailUrl\" srcset=\"https:\/\/www.fredonoccitanie.com\/captages\/wp-content\/uploads\/sites\/3\/2022\/09\/221005_eptbvv_celesta-300x171.png 300w, https:\/\/www.fredonoccitanie.com\/captages\/wp-content\/uploads\/sites\/3\/2022\/09\/221005_eptbvv_celesta-1030x588.png 1030w, https:\/\/www.fredonoccitanie.com\/captages\/wp-content\/uploads\/sites\/3\/2022\/09\/221005_eptbvv_celesta-768x438.png 768w, https:\/\/www.fredonoccitanie.com\/captages\/wp-content\/uploads\/sites\/3\/2022\/09\/221005_eptbvv_celesta-1500x856.png 1500w, https:\/\/www.fredonoccitanie.com\/captages\/wp-content\/uploads\/sites\/3\/2022\/09\/221005_eptbvv_celesta-705x402.png 705w, https:\/\/www.fredonoccitanie.com\/captages\/wp-content\/uploads\/sites\/3\/2022\/09\/221005_eptbvv_celesta.png 1523w\" sizes=\"(max-width: 300px) 100vw, 300px\" \/><\/div><\/div><\/div>\n<p>Sources et photo: (c) FREDON Occitanie<\/p>\n","protected":false},"excerpt":{"rendered":"<p>Une formation sur mesure pour les agricultrices et agriculteurs du secteur de la Vistrenque Organis\u00e9e par l&rsquo;EPTB Vistre-Vistrenque, cette formation s&rsquo;inscrit dans la d\u00e9marche de reconqu\u00eate de la qualit\u00e9 des eaux brutes des captages prioritaires localis\u00e9s sur la nappe de la Vistrenque, captages vuln\u00e9rables aux pollutions diffuses. En partenariat avec Celesta Lab, laboratoire h\u00e9raultais de [&hellip;]<\/p>\n","protected":false},"author":13,"featured_media":9642,"comment_status":"closed","ping_status":"closed","sticky":false,"template":"","format":"standard","meta":{"footnotes":""},"categories":[3,13],"tags":[],"class_list":["post-9635","post","type-post","status-publish","format-standard","has-post-thumbnail","hentry","category-agenda-captages","category-agenda-fredon"],"_links":{"self":[{"href":"https:\/\/www.fredonoccitanie.com\/captages\/wp-json\/wp\/v2\/posts\/9635","targetHints":{"allow":["GET"]}}],"collection":[{"href":"https:\/\/www.fredonoccitanie.com\/captages\/wp-json\/wp\/v2\/posts"}],"about":[{"href":"https:\/\/www.fredonoccitanie.com\/captages\/wp-json\/wp\/v2\/types\/post"}],"author":[{"embeddable":true,"href":"https:\/\/www.fredonoccitanie.com\/captages\/wp-json\/wp\/v2\/users\/13"}],"replies":[{"embeddable":true,"href":"https:\/\/www.fredonoccitanie.com\/captages\/wp-json\/wp\/v2\/comments?post=9635"}],"version-history":[{"count":5,"href":"https:\/\/www.fredonoccitanie.com\/captages\/wp-json\/wp\/v2\/posts\/9635\/revisions"}],"predecessor-version":[{"id":9711,"href":"https:\/\/www.fredonoccitanie.com\/captages\/wp-json\/wp\/v2\/posts\/9635\/revisions\/9711"}],"wp:featuredmedia":[{"embeddable":true,"href":"https:\/\/www.fredonoccitanie.com\/captages\/wp-json\/wp\/v2\/media\/9642"}],"wp:attachment":[{"href":"https:\/\/www.fredonoccitanie.com\/captages\/wp-json\/wp\/v2\/media?parent=9635"}],"wp:term":[{"taxonomy":"category","embeddable":true,"href":"https:\/\/www.fredonoccitanie.com\/captages\/wp-json\/wp\/v2\/categories?post=9635"},{"taxonomy":"post_tag","embeddable":true,"href":"https:\/\/www.fredonoccitanie.com\/captages\/wp-json\/wp\/v2\/tags?post=9635"}],"curies":[{"name":"wp","href":"https:\/\/api.w.org\/{rel}","templated":true}]}}