{"id":9631,"date":"2022-09-26T16:08:59","date_gmt":"2022-09-26T14:08:59","guid":{"rendered":"https:\/\/www.fredonoccitanie.com\/captages\/?p=9631"},"modified":"2022-12-20T09:56:21","modified_gmt":"2022-12-20T08:56:21","slug":"reseau-adour-garonne-journee-technique","status":"publish","type":"post","link":"https:\/\/www.fredonoccitanie.com\/captages\/2022\/09\/26\/reseau-adour-garonne-journee-technique\/","title":{"rendered":"Le r\u00e9seau Adour-Garonne et ses partenaires r\u00e9unis pour \u00e9changer autour de la pr\u00e9servation de la qualit\u00e9 de l\u2019eau"},"content":{"rendered":"<h3 style=\"text-align: center\"><strong>Une journ\u00e9e technique d\u00e9di\u00e9e aux outils d\u2019accompagnement pour lutter contre les pollutions diffuses et pr\u00e9server la qualit\u00e9 de l\u2019eau<\/strong><\/h3>\n<h5 style=\"text-align: center\"><strong><em>Captages d\u2019<\/em>Eau<em>ccitanie<\/em> \u2013 Adour-Garonne <\/strong><\/h5>\n<h5 style=\"text-align: center\"><strong>Mardi 13 septembre \u00e0 <\/strong>Ramonville-Saint-Agne <strong>(31)<\/strong><\/h5>\n<p>&nbsp;<\/p>\n<p><strong>A la mi-septembre se r\u00e9unissaient les membres du r\u00e9seau <em>Captages d\u2019<\/em>Eau<em>ccitanie<\/em> \u2013 Adour-Garonne et leurs partenaires institutionnels et techniques, pour une premi\u00e8re journ\u00e9e de rencontre en pr\u00e9sentiel !<\/strong><\/p>\n<p>&nbsp;<\/p>\n<h3><strong>Des outils pour accompagner la lutte contre les pollutions diffuses<\/strong><\/h3>\n<p>&nbsp;<\/p>\n<p><strong>Identifier les bons outils financiers ou techniques pour agir<\/strong> sur les aires d\u2019alimentation de captages (AAC) est souvent une op\u00e9ration complexe pour les animateurs captages. Or, une bonne connaissance des outils est indispensable pour le pilotage des d\u00e9marches pr\u00e9ventives, mais aussi pour accompagner les acteurs de ces territoires \u00e0 enjeux vers un changement de pratiques.<\/p>\n<p>Cette th\u00e9matique a donc \u00e9t\u00e9 le fil rouge de cette journ\u00e9e de rencontre, lors de laquelle 26 participants ont pu partager leurs connaissances et leurs exp\u00e9riences dans le cadre d\u2019ateliers participatifs.<\/p>\n<p>Ce f\u00fbt aussi l\u2019occasion pour les animateurs de captages prioritaires de mieux conna\u00eetre leurs pairs sur le bassin Adour-Garonne en r\u00e9gion Occitanie. Si les r\u00e9alit\u00e9s et probl\u00e9matiques territoriales sont distinctes selon les secteurs, les exp\u00e9riences convergent et nombreux sont les apprentissages \u00e0 partager. Plusieurs repr\u00e9sentants de PRPDE (*) concern\u00e9s par des captages d\u00e9grad\u00e9s (eau distribu\u00e9e affect\u00e9e par les pesticides et leurs m\u00e9tabolites) ont \u00e9galement particip\u00e9 \u00e0 cette rencontre et b\u00e9n\u00e9fici\u00e9 de ces \u00e9changes.<\/p>\n<p>&nbsp;<\/p>\n<p><img loading=\"lazy\" decoding=\"async\" class=\" wp-image-9673 aligncenter\" src=\"https:\/\/www.fredonoccitanie.com\/captages\/wp-content\/uploads\/sites\/3\/2022\/09\/j-reseau-atelier-300x176.png\" alt=\"\" width=\"327\" height=\"192\" srcset=\"https:\/\/www.fredonoccitanie.com\/captages\/wp-content\/uploads\/sites\/3\/2022\/09\/j-reseau-atelier-300x176.png 300w, https:\/\/www.fredonoccitanie.com\/captages\/wp-content\/uploads\/sites\/3\/2022\/09\/j-reseau-atelier.png 454w\" sizes=\"auto, (max-width: 327px) 100vw, 327px\" \/><\/p>\n<p>&nbsp;<\/p>\n<h3><strong>Des ressources mobilisables par tous les animateurs<\/strong><\/h3>\n<p>&nbsp;<\/p>\n<p>En d\u00e9but d\u2019apr\u00e8s-midi, la parole fut laiss\u00e9e aux partenaires institutionnels (DREAL, DRAAF, ARS, AEAG et R\u00e9gion) ainsi qu&rsquo;aux partenaires techniques (GIP Transitions, CRAO et FREDON Occitanie), pour pr\u00e9senter leurs r\u00f4les respectifs, puis\u00a0 les outils et ressources \u00e0 disposition des animateurs.<\/p>\n<p>Pour finir la journ\u00e9e, partenaires et animateurs se sont livr\u00e9s \u00e0 un <em>\u00ab\u00a0aqua-speed-dating\u00a0\u00bb <\/em>afin de <strong>dialoguer sur les probl\u00e9matiques rencontr\u00e9es sur le terrain, puis identifier les pistes de solution<\/strong> pour agir ensemble au service de la pr\u00e9servation de la qualit\u00e9 de l\u2019eau.<\/p>\n<p>Nous tenons \u00e0 remercier l\u2019ensemble des participants et esp\u00e9rons vivement que cette rencontre aura permis d\u2019amorcer un cercle vertueux pour ce r\u00e9seau.<\/p>\n<p><strong>\u00a0<\/strong><\/p>\n<p>Pour aller plus loin, consultez la page d\u00e9di\u00e9e aux<strong> outils num\u00e9riques utiles aux gestionnaires de bassins d\u2019alimentation de captages (BAC) ici :<br \/>\n<\/strong><\/p>\n<p><a href=\"https:\/\/www.fredonoccitanie.com\/captages\/ressources\/outils-web\/\">Outils et donn\u00e9es cl\u00e9s Occitanie \u2013 Captages d&rsquo;Eauccitanie (fredonoccitanie.com)<\/a><\/p>\n<p>Consultez d&rsquo;autres ressources disponibles sur les sites de nos partenaires ainsi que sur les autres sites de FREDON Occitanie, afin d&rsquo;explorer l&rsquo;ensemble des leviers pour servir un objectif de r\u00e9duction des pollutions diffuses sur vos territoires d\u2019action :<\/p>\n<ul>\n<li style=\"list-style-type: none\">\n<ul>\n<li>Autour du Z\u00e9ro Phyto dans les espaces non agricoles\u00a0: <a href=\"https:\/\/www.fredonoccitanie.com\/jevi\/\">https:\/\/www.fredonoccitanie.com\/jevi\/<\/a><\/li>\n<li>Sur la lutte contre les ambroisies\u00a0: <a href=\"https:\/\/www.fredonoccitanie.com\/ambroisies\/\">https:\/\/www.fredonoccitanie.com\/ambroisies\/<\/a><\/li>\n<li>Sur la sant\u00e9 du v\u00e9g\u00e9tal\u00a0: <a href=\"https:\/\/www.fredonoccitanie.com\/surveillance\/\">https:\/\/www.fredonoccitanie.com\/surveillance\/<\/a><\/li>\n<\/ul>\n<\/li>\n<\/ul>\n<p>&nbsp;<\/p>\n<p>(*) PRPDE : Personne responsable de la production et distribution de l&rsquo;eau<\/p>\n<p>&nbsp;<\/p>\n<p>Sources et cr\u00e9dits images : (c) FREDON Occitanie<\/p>\n<p>&nbsp;<\/p>\n<p>&nbsp;<\/p>\n<p>&nbsp;<\/p>\n","protected":false},"excerpt":{"rendered":"<p>Une journ\u00e9e technique d\u00e9di\u00e9e aux outils d\u2019accompagnement pour lutter contre les pollutions diffuses et pr\u00e9server la qualit\u00e9 de l\u2019eau Captages d\u2019Eauccitanie \u2013 Adour-Garonne Mardi 13 septembre \u00e0 Ramonville-Saint-Agne (31) &nbsp; A la mi-septembre se r\u00e9unissaient les membres du r\u00e9seau Captages d\u2019Eauccitanie \u2013 Adour-Garonne et leurs partenaires institutionnels et techniques, pour une premi\u00e8re journ\u00e9e de rencontre [&hellip;]<\/p>\n","protected":false},"author":10,"featured_media":9654,"comment_status":"closed","ping_status":"closed","sticky":false,"template":"","format":"standard","meta":{"footnotes":""},"categories":[2,12],"tags":[8],"class_list":["post-9631","post","type-post","status-publish","format-standard","has-post-thumbnail","hentry","category-actualites-captages","category-actualites-fredon","tag-actualites-captages"],"_links":{"self":[{"href":"https:\/\/www.fredonoccitanie.com\/captages\/wp-json\/wp\/v2\/posts\/9631","targetHints":{"allow":["GET"]}}],"collection":[{"href":"https:\/\/www.fredonoccitanie.com\/captages\/wp-json\/wp\/v2\/posts"}],"about":[{"href":"https:\/\/www.fredonoccitanie.com\/captages\/wp-json\/wp\/v2\/types\/post"}],"author":[{"embeddable":true,"href":"https:\/\/www.fredonoccitanie.com\/captages\/wp-json\/wp\/v2\/users\/10"}],"replies":[{"embeddable":true,"href":"https:\/\/www.fredonoccitanie.com\/captages\/wp-json\/wp\/v2\/comments?post=9631"}],"version-history":[{"count":5,"href":"https:\/\/www.fredonoccitanie.com\/captages\/wp-json\/wp\/v2\/posts\/9631\/revisions"}],"predecessor-version":[{"id":9931,"href":"https:\/\/www.fredonoccitanie.com\/captages\/wp-json\/wp\/v2\/posts\/9631\/revisions\/9931"}],"wp:featuredmedia":[{"embeddable":true,"href":"https:\/\/www.fredonoccitanie.com\/captages\/wp-json\/wp\/v2\/media\/9654"}],"wp:attachment":[{"href":"https:\/\/www.fredonoccitanie.com\/captages\/wp-json\/wp\/v2\/media?parent=9631"}],"wp:term":[{"taxonomy":"category","embeddable":true,"href":"https:\/\/www.fredonoccitanie.com\/captages\/wp-json\/wp\/v2\/categories?post=9631"},{"taxonomy":"post_tag","embeddable":true,"href":"https:\/\/www.fredonoccitanie.com\/captages\/wp-json\/wp\/v2\/tags?post=9631"}],"curies":[{"name":"wp","href":"https:\/\/api.w.org\/{rel}","templated":true}]}}