{"id":9310,"date":"2022-02-11T11:03:49","date_gmt":"2022-02-11T10:03:49","guid":{"rendered":"https:\/\/www.fredonoccitanie.com\/captages\/?p=9310"},"modified":"2022-03-07T11:11:01","modified_gmt":"2022-03-07T10:11:01","slug":"14-15-mars-colloque-national-acces-metabolites-des-produits-phytosanitaires-et-eaux-souterraines","status":"publish","type":"post","link":"https:\/\/www.fredonoccitanie.com\/captages\/2022\/02\/11\/14-15-mars-colloque-national-acces-metabolites-des-produits-phytosanitaires-et-eaux-souterraines\/","title":{"rendered":"14 &amp; 15 mars : Colloque National Acc\u00e8s \u00ab\u00a0M\u00e9tabolites des produits phytosanitaires et eaux souterraines\u00a0\u00bb"},"content":{"rendered":"<p>&nbsp;<\/p>\n<p style=\"text-align: center\"><strong>14 &amp; 15 mars 2022 <\/strong><\/p>\n<p style=\"text-align: center\"><strong>vers P\u00e9rigueux &#8211; Amphith\u00e9\u00e2tre du P\u00f4le interconsulaire Coulounieix-Chamiers (24)<\/strong><b><\/b><\/p>\n<p>&nbsp;<\/p>\n<p><img loading=\"lazy\" decoding=\"async\" class=\"wp-image-9313 aligncenter\" src=\"https:\/\/www.fredonoccitanie.com\/captages\/wp-content\/uploads\/sites\/3\/2022\/03\/colloqueAcces-300x222.png\" alt=\"\" width=\"528\" height=\"390\" srcset=\"https:\/\/www.fredonoccitanie.com\/captages\/wp-content\/uploads\/sites\/3\/2022\/03\/colloqueAcces-300x222.png 300w, https:\/\/www.fredonoccitanie.com\/captages\/wp-content\/uploads\/sites\/3\/2022\/03\/colloqueAcces-768x568.png 768w, https:\/\/www.fredonoccitanie.com\/captages\/wp-content\/uploads\/sites\/3\/2022\/03\/colloqueAcces-705x522.png 705w, https:\/\/www.fredonoccitanie.com\/captages\/wp-content\/uploads\/sites\/3\/2022\/03\/colloqueAcces.png 942w\" sizes=\"auto, (max-width: 528px) 100vw, 528px\" \/><\/p>\n<p>&nbsp;<\/p>\n<p>Le BRGM, la Chambre d\u2019agriculture de Dordogne, le Syndicat mixte des eaux de la Dordogne et l&rsquo;ICOA (universit\u00e9 d\u2019Orl\u00e9ans) organisent <strong>le Colloque national ACCES en ce mois de mars, sur le bassin Adour-Garonne.<\/strong><\/p>\n<p>&nbsp;<\/p>\n<h4>Au programme<\/h4>\n<p>Le colloque s&rsquo;organise sur deux jours, avec en temps forts :<\/p>\n<ul>\n<li><strong><span style=\"font-size: 10.5pt;font-family: 'Trebuchet MS',sans-serif;color: #3c3c38\">Pr\u00e9sentation du <\/span><\/strong><span style=\"font-size: 10.5pt;font-family: 'Trebuchet MS',sans-serif;color: #3c3c38\"><a href=\"https:\/\/dordogne.chambre-agriculture.fr\/territoire-environnement\/gestion-et-protection-de-leau\/projet-acces-qualite-des-eaux-souterraines\/\"><strong><span style=\"font-family: 'Trebuchet MS',sans-serif\">projet ACCES <\/span><\/strong><\/a>(<i>ACcro\u00eetre les <strong><span style=\"font-family: 'Trebuchet MS',sans-serif\">C<\/span><\/strong>apacit\u00e9s analytiques pour la surveillance des\u00a0<strong><span style=\"font-family: 'Trebuchet MS',sans-serif\">E<\/span><\/strong>aux\u00a0<strong><span style=\"font-family: 'Trebuchet MS',sans-serif\">S<\/span><\/strong>outerraines : d\u00e9veloppement d\u2019une m\u00e9thode de screening, d\u00e9termination des occurrences dans des sites de r\u00e9f\u00e9rence et hi\u00e9rarchisation des besoins analytiques)\u00a0<\/i>et des r\u00e9sultats. <\/span><\/li>\n<\/ul>\n<p><b><span style=\"font-size: 10.5pt;font-family: 'Trebuchet MS',sans-serif;color: #3c3c38\">Le projet ACCES<\/span><\/b><i><span style=\"font-size: 10.5pt;font-family: 'Trebuchet MS',sans-serif;color: #3c3c38\">\u00a0<\/span><\/i><span style=\"font-size: 10.5pt;font-family: 'Trebuchet MS',sans-serif;color: #3c3c38\">propose une approche diff\u00e9rente et innovante pour aider \u00e0 la surveillance de la qualit\u00e9 des eaux souterraines. Elle repose sur l\u2019utilisation d\u2019un nouveau type d\u2019\u00e9quipements analytiques, la spectrom\u00e9trie de masse haute r\u00e9solution.<\/span><\/p>\n<p><span style=\"font-size: 10.5pt;font-family: 'Trebuchet MS',sans-serif;color: #3c3c38\">Du fait de sa diversit\u00e9 agricole et hydrog\u00e9ologique, la Dordogne a \u00e9t\u00e9 choisie comme site test pour d\u00e9cliner cette approche et \u00e9valuer ses potentialit\u00e9s. <\/span><span style=\"font-size: 10.5pt;font-family: 'Trebuchet MS',sans-serif;color: #3c3c38\">Si la composante m\u00e9trologie est le pilier central\u00a0de ce projet de recherche, les r\u00e9sultats obtenus serviront de base \u00e0 la r\u00e9flexion des agriculteurs, des distributeurs de produits phytopharmaceutiques, des conseillers agricoles, des gestionnaires d\u2019eau ou encore des organismes en charge de la surveillance.<\/span><\/p>\n<p>&nbsp;<\/p>\n<p><div  class='avia-button-wrap av-38207u-4e85e6b08b86cc5b99e62b6caceaf230-wrap avia-button-center  avia-builder-el-0  el_before_av_button  avia-builder-el-first '><a href='https:\/\/dordogne.chambre-agriculture.fr\/territoire-environnement\/gestion-et-protection-de-leau\/projet-acces-qualite-des-eaux-souterraines\/f'  class='avia-button av-38207u-4e85e6b08b86cc5b99e62b6caceaf230 av-link-btn avia-icon_select-no avia-size-small avia-position-center avia-color-theme-color'  target=\"_blank\"  rel=\"noopener noreferrer\"  aria-label=\"En savoir plus sur le projet ACCES\"><span class='avia_iconbox_title' >En savoir plus sur le projet ACCES<\/span><\/a><\/div><span style=\"font-size: 11.5pt;font-family: 'Arial',sans-serif;color: white\">\u200b\u200b<\/span><\/p>\n<p><span style=\"font-size: 11.5pt;font-family: 'Arial',sans-serif;color: white\">\u00a0<\/span><\/p>\n<ul>\n<li><strong>Pr\u00e9sentation des visions compl\u00e9mentaires sur la th\u00e9matique des produits phytosanitaires et leurs m\u00e9tabolites ainsi que la surveillance :<\/strong>\n<ul>\n<li>Campagne nationale en EDCH (eaux brutes et trait\u00e9es) : les premi\u00e8res tendances sur certains produits phytosanitaires et leurs m\u00e9tabolites, par l\u2019ANSES, laboratoire d\u2019hydrologie de Nancy<\/li>\n<li>Le dispositif national de phytopharmacovigilance : une vigilance tous azimuts des effets li\u00e9s \u00e0 l\u2019utilisation de ces produits, par Fabrizio Botta, Anses, adjoint au chef d\u2019unit\u00e9 phytopharmacovigilance<\/li>\n<li>Signalements d\u2019effets ind\u00e9sirables dus \u00e0 l\u2019utilisation de PPP aupr\u00e8s de l\u2019Anses : exemple du m\u00e9tolachlore, par Franck Eymery, Anses, charg\u00e9 de projet, unit\u00e9 phytopharmacovigilance<\/li>\n<li>Aquaref, le laboratoire de r\u00e9f\u00e9rence pour l\u2019am\u00e9lioration de la stabilit\u00e9 et de l\u2019exploitabilit\u00e9 des donn\u00e9es de surveillance r\u00e9glementaire des milieux aquatiques, par Jean-Philippe Ghestem, BRGM, chef de projet Chimie Environnementale, Direction de l\u2019Eau, de l\u2019Environnement, des Proc\u00e9d\u00e9s et Analyses<\/li>\n<\/ul>\n<\/li>\n<\/ul>\n<p>&nbsp;<\/p>\n<div  class='avia-button-wrap av-38207u-2eb4c85825660d0992160895482539c2-wrap avia-button-center  avia-builder-el-1  el_after_av_button  el_before_av_button '><a href=':\/\/public.message-business.com\/files\/48873\/AGRI INFO 24\/2022\/A4_Colloque_Acces_200PPP.pdf'  class='avia-button av-38207u-2eb4c85825660d0992160895482539c2 av-link-btn avia-icon_select-no avia-size-small avia-position-center avia-color-theme-color'  target=\"_blank\"  rel=\"noopener noreferrer\"  aria-label=\"Consulter le programme complet\"><span class='avia_iconbox_title' >Consulter le programme complet<\/span><\/a><\/div>\n<p>&nbsp;<\/p>\n<p>&nbsp;<\/p>\n<h4>A qui s&rsquo;adresse-t-il ?<\/h4>\n<p>Il s&rsquo;adresse aux agent de collectivit\u00e9 ou \u00e9lu en charge des questions li\u00e9es \u00e0 l&rsquo;eau potable, gestionnaire de l&rsquo;eau, hydrog\u00e9ologue ou chercheur dans le domaine de la qualit\u00e9 de l&rsquo;eau, repr\u00e9sentant de l&rsquo;Etat au niveau des questions de sant\u00e9 (ARS), de l&rsquo;agriculture (DRAAF), de l&rsquo;environnement (DREAL), ou territoriales (DDT), <strong>animateur de captage<\/strong> ou de plan d&rsquo;action Grenelle ou \u00ab\u00a0Conf\u00e9rence\u00a0\u00bb, un laboratoire d&rsquo;analyses ou encore membre du r\u00e9seau des Chambres d&rsquo;agriculture impliqu\u00e9 dans les questions de qualit\u00e9 de l&rsquo;eau.<\/p>\n<p>&nbsp;<\/p>\n<div  class='avia-button-wrap av-38207u-2d94f8518a162e85935ff631473a1e12-wrap avia-button-center  avia-builder-el-2  el_after_av_button  avia-builder-el-last '><a href='https:\/\/forms.office.com\/pages\/responsepage.aspx?id=l5GK4XsCCkis6wvl_bQpICzfxeP89BdOipeSXFzsqi9UMDlLRjY3MTg2OUY5VzU4QVg1TTFBNEgxSi4u'  class='avia-button av-38207u-2d94f8518a162e85935ff631473a1e12 av-link-btn avia-icon_select-no avia-size-small avia-position-center avia-color-theme-color'  target=\"_blank\"  rel=\"noopener noreferrer\"  aria-label=\"Inscrivez-vous ici\"><span class='avia_iconbox_title' >Inscrivez-vous ici<\/span><\/a><\/div>\n<p>&nbsp;<\/p>\n<p>&nbsp;<\/p>\n<p><img loading=\"lazy\" decoding=\"async\" class=\"wp-image-9351 aligncenter\" src=\"https:\/\/www.fredonoccitanie.com\/captages\/wp-content\/uploads\/sites\/3\/2022\/03\/Acces-300x31.png\" alt=\"\" width=\"445\" height=\"46\" srcset=\"https:\/\/www.fredonoccitanie.com\/captages\/wp-content\/uploads\/sites\/3\/2022\/03\/Acces-300x31.png 300w, https:\/\/www.fredonoccitanie.com\/captages\/wp-content\/uploads\/sites\/3\/2022\/03\/Acces-1030x107.png 1030w, https:\/\/www.fredonoccitanie.com\/captages\/wp-content\/uploads\/sites\/3\/2022\/03\/Acces-768x80.png 768w, https:\/\/www.fredonoccitanie.com\/captages\/wp-content\/uploads\/sites\/3\/2022\/03\/Acces-705x73.png 705w, https:\/\/www.fredonoccitanie.com\/captages\/wp-content\/uploads\/sites\/3\/2022\/03\/Acces.png 1284w\" sizes=\"auto, (max-width: 445px) 100vw, 445px\" \/><\/p>\n<p>&nbsp;<\/p>\n<p>&nbsp;<\/p>\n","protected":false},"excerpt":{"rendered":"<p>&nbsp; 14 &amp; 15 mars 2022 vers P\u00e9rigueux &#8211; Amphith\u00e9\u00e2tre du P\u00f4le interconsulaire Coulounieix-Chamiers (24) &nbsp; &nbsp; Le BRGM, la Chambre d\u2019agriculture de Dordogne, le Syndicat mixte des eaux de la Dordogne et l&rsquo;ICOA (universit\u00e9 d\u2019Orl\u00e9ans) organisent le Colloque national ACCES en ce mois de mars, sur le bassin Adour-Garonne. &nbsp; Au programme Le colloque [&hellip;]<\/p>\n","protected":false},"author":5,"featured_media":9321,"comment_status":"closed","ping_status":"closed","sticky":false,"template":"","format":"standard","meta":{"footnotes":""},"categories":[3,13],"tags":[],"class_list":["post-9310","post","type-post","status-publish","format-standard","has-post-thumbnail","hentry","category-agenda-captages","category-agenda-fredon"],"_links":{"self":[{"href":"https:\/\/www.fredonoccitanie.com\/captages\/wp-json\/wp\/v2\/posts\/9310","targetHints":{"allow":["GET"]}}],"collection":[{"href":"https:\/\/www.fredonoccitanie.com\/captages\/wp-json\/wp\/v2\/posts"}],"about":[{"href":"https:\/\/www.fredonoccitanie.com\/captages\/wp-json\/wp\/v2\/types\/post"}],"author":[{"embeddable":true,"href":"https:\/\/www.fredonoccitanie.com\/captages\/wp-json\/wp\/v2\/users\/5"}],"replies":[{"embeddable":true,"href":"https:\/\/www.fredonoccitanie.com\/captages\/wp-json\/wp\/v2\/comments?post=9310"}],"version-history":[{"count":5,"href":"https:\/\/www.fredonoccitanie.com\/captages\/wp-json\/wp\/v2\/posts\/9310\/revisions"}],"predecessor-version":[{"id":9339,"href":"https:\/\/www.fredonoccitanie.com\/captages\/wp-json\/wp\/v2\/posts\/9310\/revisions\/9339"}],"wp:featuredmedia":[{"embeddable":true,"href":"https:\/\/www.fredonoccitanie.com\/captages\/wp-json\/wp\/v2\/media\/9321"}],"wp:attachment":[{"href":"https:\/\/www.fredonoccitanie.com\/captages\/wp-json\/wp\/v2\/media?parent=9310"}],"wp:term":[{"taxonomy":"category","embeddable":true,"href":"https:\/\/www.fredonoccitanie.com\/captages\/wp-json\/wp\/v2\/categories?post=9310"},{"taxonomy":"post_tag","embeddable":true,"href":"https:\/\/www.fredonoccitanie.com\/captages\/wp-json\/wp\/v2\/tags?post=9310"}],"curies":[{"name":"wp","href":"https:\/\/api.w.org\/{rel}","templated":true}]}}