{"id":8005,"date":"2020-09-17T10:11:00","date_gmt":"2020-09-17T08:11:00","guid":{"rendered":"https:\/\/www.fredonoccitanie.com\/captageslr\/?p=8005"},"modified":"2022-02-08T16:01:37","modified_gmt":"2022-02-08T15:01:37","slug":"nouvel-outil-cartographique-aac","status":"publish","type":"post","link":"https:\/\/www.fredonoccitanie.com\/captages\/2020\/09\/17\/nouvel-outil-cartographique-aac\/","title":{"rendered":"AAC&rsquo;s d&rsquo;Occitanie : un nouvel outil cartographique interactif !"},"content":{"rendered":"\r\n<h4 class=\"wp-block-heading\">Un nouvel outil est disponible dans le cadre de la d\u00e9marche <em>Captages d\u2019<\/em>Eau<em>ccitanie<\/em>\u00a0: la cartographie interactive ! Au del\u00e0 de la visualisation facile des aires d&rsquo;alimentation de captage (AAC) r\u00e9gionales, vous y trouverez des informations g\u00e9n\u00e9rales sur ces p\u00e9rim\u00e8tres et sur les d\u00e9marches de protection qui les concernent.<\/h4>\r\n\r\n\r\n\r\n<h4 class=\"wp-block-heading\">Tour d\u2019horizon des fonctionnalit\u00e9s propos\u00e9es\u2026<\/h4>\r\n\r\n\r\n\r\n<p>Ce nouvel outil cartographique, dans la lign\u00e9e de son pr\u00e9d\u00e9cesseur, int\u00e8gre des donn\u00e9es relatives aux plus de <strong>50 d\u00e9marches d\u2019animation de captages prioritaires sur le bassin Rh\u00f4ne-M\u00e9diterran\u00e9e de la r\u00e9gion Occitanie<\/strong>.<\/p>\r\n\r\n\r\n\r\n<p>En cliquant sur chaque AAC, un pop-up vous permet de d\u00e9couvrir :<\/p>\r\n\r\n\r\n\r\n<ul class=\"wp-block-list\">\r\n<li><strong>La localisation et le p\u00e9rim\u00e8tre des diff\u00e9rentes aires d\u2019alimentation de captages (AAC)<\/strong>, voire parfois de leurs zones de protection (ZPAAC) ;<\/li>\r\n<li>L<strong>es donn\u00e9es cl\u00e9s de chaque AAC<\/strong> , notamment\u00a0:\r\n<ul>\r\n<li>les diff\u00e9rents captages prioritaires qu&rsquo;elle alimente et -si pertinent- les noms d&rsquo;usage distincts utilis\u00e9s par les propres ma\u00eetres d&rsquo;ouvrage\u00a0;<\/li>\r\n<\/ul>\r\n<ul>\r\n<li>les donn\u00e9es d&rsquo;identit\u00e9 de l\u2019aire d\u2019alimentation\u00a0;<\/li>\r\n<\/ul>\r\n<ul>\r\n<li>les donn\u00e9es associ\u00e9es \u00e0 la d\u00e9marche d&rsquo;animation en cours (dont les coordonn\u00e9es de l&rsquo;animateur ou gestionnaire BAC)\u00a0;<\/li>\r\n<\/ul>\r\n<ul>\r\n<li>des \u00e9l\u00e9ments concernant le suivi de la qualit\u00e9 des ressources en eau (ann\u00e9e 2019)<\/li>\r\n<\/ul>\r\n<\/li>\r\n<\/ul>\r\n\r\n\r\n\r\n<h4 class=\"wp-block-heading\">Bon \u00e0 savoir<\/h4>\r\n\r\n\r\n\r\n<p>Toutes les donn\u00e9es sont <strong>t\u00e9l\u00e9chargeables<\/strong>.<\/p>\r\n\r\n\r\n\r\n<p>Cet outil se veut <strong>\u00e9volutif <\/strong>: une actualisation annuelle des donn\u00e9es des pop-up est vis\u00e9e, ainsi que l&rsquo;ajout progressif de nouveaux p\u00e9rim\u00e8tres au fur et \u00e0 mesure de l\u2019\u00e9mergence de nouvelles d\u00e9marches de protection en r\u00e9gion. Pour tout nouvel ajout, correction ou remarque, <a href=\"https:\/\/www.fredonoccitanie.com\/captages\/nous-contacter\/\">contactez-nous<\/a>.<\/p>\r\n\r\n\r\n\r\n<p>Par ailleurs, le croisement des donn\u00e9es avec celles disponibles sur le<strong> site de r\u00e9f\u00e9rence national <a href=\"https:\/\/aires-captages.fr\/\"><span class=\"has-inline-color has-vivid-cyan-blue-color\">aires-captages.fr<\/span><\/a><\/strong> est en cours. <strong><span class=\"has-inline-color has-vivid-red-color\">Important<\/span> <\/strong>: les donn\u00e9es de cet outil cartographique ne se substituent pas \u00e0 celles d\u2019<strong>aires-captages.fr<\/strong> mais lui sont compl\u00e9mentaires. Les donn\u00e9es de r\u00e9f\u00e9rence pour le bassin Rh\u00f4ne-M\u00e9diterran\u00e9e sont celles contenues dans <a href=\"https:\/\/aires-captages.fr\/\"><strong>aires-captages.fr<\/strong> <\/a>mais aussi dans l&rsquo;<span class=\"has-inline-color has-vivid-cyan-blue-color\"><a href=\"https:\/\/eaurmc.lizmap.com\/map\/index.php\/view\/map\/?repository=rep6&amp;project=zonages_eauagri\">outil cartographique LizMap<\/a> <\/span>de l&rsquo;Agence de l&rsquo;eau RMC.<\/p>\r\n\r\n\r\n\r\n<div class=\"wp-block-buttons aligncenter is-layout-flex wp-block-buttons-is-layout-flex\">\r\n<div class=\"wp-block-button\"><a class=\"wp-block-button__link has-background\" style=\"background-color: #d6970a;\" href=\"http:\/\/www.fredonoccitanie.com\/carte_interactive\/captage.html\"><strong>D\u00e9couvrez le nouvel outil cartographique ici<\/strong><\/a><\/div>\r\n<\/div>\r\n\r\n\r\n\r\n<p class=\"has-text-color\" style=\"color: #ffffff;\">_<\/p>\r\n\r\n\r\n\r\n<p>Source\u00a0: <a href=\"http:\/\/www.fredonoccitanie.com\/carte_interactive\/captage.html\">FREDON Occitanie<\/a><\/p>\r\n\r\n\r\n\r\n<p>Cr\u00e9dit image : \u00a9 FREDON Occitanie<\/p>\r\n","protected":false},"excerpt":{"rendered":"<p>Un nouvel outil est disponible dans le cadre de la d\u00e9marche Captages d\u2019Eauccitanie\u00a0: la cartographie interactive ! Au del\u00e0 de la visualisation facile des aires d&rsquo;alimentation de captage (AAC) r\u00e9gionales, vous y trouverez des informations g\u00e9n\u00e9rales sur ces p\u00e9rim\u00e8tres et sur les d\u00e9marches de protection qui les concernent. Tour d\u2019horizon des fonctionnalit\u00e9s propos\u00e9es\u2026 Ce nouvel [&hellip;]<\/p>\n","protected":false},"author":1,"featured_media":8133,"comment_status":"closed","ping_status":"open","sticky":false,"template":"","format":"standard","meta":{"footnotes":""},"categories":[2],"tags":[8],"class_list":["post-8005","post","type-post","status-publish","format-standard","has-post-thumbnail","hentry","category-actualites-captages","tag-actualites-captages"],"_links":{"self":[{"href":"https:\/\/www.fredonoccitanie.com\/captages\/wp-json\/wp\/v2\/posts\/8005","targetHints":{"allow":["GET"]}}],"collection":[{"href":"https:\/\/www.fredonoccitanie.com\/captages\/wp-json\/wp\/v2\/posts"}],"about":[{"href":"https:\/\/www.fredonoccitanie.com\/captages\/wp-json\/wp\/v2\/types\/post"}],"author":[{"embeddable":true,"href":"https:\/\/www.fredonoccitanie.com\/captages\/wp-json\/wp\/v2\/users\/1"}],"replies":[{"embeddable":true,"href":"https:\/\/www.fredonoccitanie.com\/captages\/wp-json\/wp\/v2\/comments?post=8005"}],"version-history":[{"count":3,"href":"https:\/\/www.fredonoccitanie.com\/captages\/wp-json\/wp\/v2\/posts\/8005\/revisions"}],"predecessor-version":[{"id":9128,"href":"https:\/\/www.fredonoccitanie.com\/captages\/wp-json\/wp\/v2\/posts\/8005\/revisions\/9128"}],"wp:featuredmedia":[{"embeddable":true,"href":"https:\/\/www.fredonoccitanie.com\/captages\/wp-json\/wp\/v2\/media\/8133"}],"wp:attachment":[{"href":"https:\/\/www.fredonoccitanie.com\/captages\/wp-json\/wp\/v2\/media?parent=8005"}],"wp:term":[{"taxonomy":"category","embeddable":true,"href":"https:\/\/www.fredonoccitanie.com\/captages\/wp-json\/wp\/v2\/categories?post=8005"},{"taxonomy":"post_tag","embeddable":true,"href":"https:\/\/www.fredonoccitanie.com\/captages\/wp-json\/wp\/v2\/tags?post=8005"}],"curies":[{"name":"wp","href":"https:\/\/api.w.org\/{rel}","templated":true}]}}