{"id":7787,"date":"2020-05-30T10:15:00","date_gmt":"2020-05-30T08:15:00","guid":{"rendered":"https:\/\/www.fredonoccitanie.com\/captageslr\/?p=7787"},"modified":"2021-10-05T10:39:14","modified_gmt":"2021-10-05T08:39:14","slug":"cconsultation-commission-europeenne-usage-pesticides","status":"publish","type":"post","link":"https:\/\/www.fredonoccitanie.com\/captages\/2020\/05\/30\/cconsultation-commission-europeenne-usage-pesticides\/","title":{"rendered":"Consultations publiques en cours : usage des pesticides et droit de pr\u00e9emption sur les AAC"},"content":{"rendered":"\n<p><\/p>\n\n\n\n<h4 class=\"wp-block-heading\">Plusieurs consultations du public sont actuellement ouvertes sur la question de l&rsquo;usage des pesticides, ainsi que sur le droit de pr\u00e9emption pour la pr\u00e9servation des ressources en eau potable. Zoom sur trois consultations publiques d&rsquo;actualit\u00e9, au niveau national ou communautaire&#8230;<\/h4>\n\n\n\n<h4 class=\"has-text-color wp-block-heading\" style=\"color:#0c4e67\">Minist\u00e8re de la transition \u00e9cologique et solidaire (MTES) : consultation en cours autour du droit de pr\u00e9emption pour la pr\u00e9servation des ressources en eau potable, jusqu\u2019au 16 ao\u00fbt 2020<\/h4>\n\n\n\n<p><strong>Le minist\u00e8re a r\u00e9cemment lanc\u00e9 une consultation publique sur un <a href=\"http:\/\/www.consultations-publiques.developpement-durable.gouv.fr\/IMG\/pdf\/projet_decret_droit_preemption_ressources_eau.pdf\">projet de d\u00e9cret relatif au droit de pr\u00e9emption pour la pr\u00e9servation des ressources en eau destin\u00e9es \u00e0 la consommation humaine<\/a>.<\/strong><\/p>\n\n\n\n<p>Ce projet de d\u00e9cret pr\u00e9voit de pr\u00e9ciser les conditions d\u2019application d\u2019une disposition introduite dans la loi n\u00b0&nbsp;2019-1461 du&nbsp;27 d\u00e9cembre 2019&nbsp;relative \u00e0 l\u2019engagement dans la vie locale et \u00e0 la proximit\u00e9 de l\u2019action publique, article 118, ouvrant pour l\u2019autorit\u00e9 administrative la possibilit\u00e9 d\u2019\u00ab&nbsp;instituer un droit de pr\u00e9emption des surfaces agricoles dans l&rsquo;aire d&rsquo;alimentation de captages (AAC) utilis\u00e9s pour l&rsquo;alimentation en eau destin\u00e9e \u00e0 la consommation humaine, au b\u00e9n\u00e9fice des personnes publiques disposant de la comp\u00e9tence \u00ab eau potable \u00bb&nbsp;\u00bb (cf. articles L. 218-8 et L. 218-14 du code de l\u2019urbanisme).<\/p>\n\n\n\n<p>Autorit\u00e9 administrative en charge de l\u2019institution de ce droit, contenu de la demande d\u2019institution et modalit\u00e9s d\u2019instruction, proc\u00e9dure de pr\u00e9emption, harmonisation avec le droit de pr\u00e9emption relevant des SAFER, r\u00e9gime des biens acquis\u2026 font partie des conditions trait\u00e9es sur lesquelles vous pouvez r\u00e9agir.<\/p>\n\n\n\n<p>La p\u00e9riode de consultation est <strong>ouverte du 6 juillet au 16 ao\u00fbt 2020.<\/strong><\/p>\n\n\n\n<p><a href=\"http:\/\/www.consultations-publiques.developpement-durable.gouv.fr\/projet-de-decret-relatif-au-droit-de-preemption-a2174.html\">&gt; Acc\u00e9dez ici \u00e0 la consultation en ligne sur le site du Minist\u00e8re de la Transition \u00e9cologique et solidaire <\/a><\/p>\n\n\n\n<p><\/p>\n\n\n\n<h4 class=\"has-text-color wp-block-heading\" style=\"color:#0c4e67\">Commission europ\u00e9enne : consultation ouverte sur l&rsquo;usage durable des pesticides, jusqu&rsquo;au 7 ao\u00fbt 2020<\/h4>\n\n\n\n<p><strong>La commission europ\u00e9enne consulte actuellement le public sur une feuille de route abordant l\u2019usage durable des pesticides, avec l\u2019objectif de pr\u00e9server la sant\u00e9 humaine et l\u2019environnement face aux impacts et risques possibles des pesticides. Elle porte sur la r\u00e9vision de la <span class=\"has-inline-color has-vivid-cyan-blue-color\">Directive de 2009<\/span> relative \u00e0 cette question.<\/strong><\/p>\n\n\n\n<p>Cette consultation fait suite \u00e0 la publication d&rsquo;un <a href=\"https:\/\/www.eca.europa.eu\/fr\/Pages\/DocItem.aspx?did=53001\">premier rapport sp\u00e9cial de la Cour des comptes europ\u00e9enne<\/a>, en date du 5 f\u00e9vrier 2020, qui a mis en \u00e9vidence le fait que \u00ab\u00a0l&rsquo;action de l&rsquo;UE n&rsquo;a pas permis de v\u00e9ritables progr\u00e8s\u00a0\u00bb en mati\u00e8re de r\u00e9duction de l&rsquo;usage des pesticides dans les pays membres. Parall\u00e8lement, la PAC est jug\u00e9e insuffisamment contraignante et peu incitative vis-\u00e0-vis des m\u00e9thodes alternatives aux produits phytopharmaceutiques.<\/p>\n\n\n\n<p>Face \u00e0 ce constat, la Commission recueille les avis des citoyens, qui seront compil\u00e9s dans un rapport de synth\u00e8se indiquant les modalit\u00e9s de leur prise en compte.<\/p>\n\n\n\n<p>Cette consultation et les \u00e9volutions de la feuille de route relative \u00e0 l\u2019utilisation durable des pesticides, seront un levier majeur pour l&rsquo;atteinte des objectifs de la <a rel=\"noreferrer noopener\" href=\"https:\/\/www.actu-environnement.com\/ae\/news\/strategie-europe-biodiversite-livre-blanc-france-35521.php4\" target=\"_blank\">strat\u00e9gie pour la biodiversit\u00e9<\/a> et de la <a rel=\"noreferrer noopener\" href=\"https:\/\/www.supagro.fr\/capeye\/2020\/05\/28\/de-la-ferme-a-la-fourchette-la-strategie-de-la-commission-europeenne\/\" target=\"_blank\">strat\u00e9gie de la fer<\/a><a rel=\"noreferrer noopener\" href=\"https:\/\/www.actu-environnement.com\/ae\/news\/etiquette-strategie-ferme-fourchette-commission-europeenne-35520.php4\" target=\"_blank\">me \u00e0 la fourchette<\/a> (Farm to fork), pr\u00e9sent\u00e9es le 20&nbsp;mai par la Commission europ\u00e9enne. <\/p>\n\n\n\n<p>Via ces strat\u00e9gies, la Commission affirme ainsi sa volont\u00e9 de r\u00e9duire l\u2019utilisation des pesticides chimiques et les risques associ\u00e9s de 50% d\u2019ici \u00e0 2030, et r\u00e9duire l\u2019utilisation d\u2019engrais chimiques d\u2019au moins 20% d\u2019ici 2030. Une bonne nouvelle pour les captages prioritaires !<\/p>\n\n\n\n<p> La p\u00e9riode de consultation est <strong>ouverte du 29 mai au 7 ao\u00fbt 2020<\/strong>. A vos claviers ! <\/p>\n\n\n\n<p style=\"color:#0c4e67\" class=\"has-text-color\"><a rel=\"noreferrer noopener\" href=\"https:\/\/ec.europa.eu\/info\/law\/better-regulation\/have-your-say\/initiatives\/12413-Sustainable-use-of-pesticides-revision-of-the-EU-rules\" target=\"_blank\">&gt; Acc\u00e9dez ici \u00e0 la consultation en ligne sur le site de la Commission europ\u00e9enne<\/a><\/p>\n\n\n\n<p><\/p>\n\n\n\n<h4 class=\"has-text-color wp-block-heading\" style=\"color:#0c4e67\">Minist\u00e8re de la Transition \u00e9cologique et solidaire (MTES): consultation en cours sur l\u2019extension des interdictions d\u2019usage de produits phytosanitaires dans les lieux de vie, jusqu\u2019au 16 ao\u00fbt 2020<\/h4>\n\n\n\n<p><strong>Le minist\u00e8re a r\u00e9cemment lanc\u00e9 une consultation publique relative \u00e0 un projet d\u2019arr\u00eat\u00e9 visant \u00e0 \u00e9tendre le champ d\u2019application de la \u00ab&nbsp;loi Labb\u00e9&nbsp;\u00bb du 6 f\u00e9vrier 2014&nbsp;: \u00ab&nbsp;<a href=\"http:\/\/www.consultations-publiques.developpement-durable.gouv.fr\/IMG\/pdf\/projetarrete_extension_interdiction_arrete-2017_pdf.pdf\">Projet d\u2019arr\u00eat\u00e9 relatif aux mesures de protection des personnes lors de l\u2019utilisation de produits phytopharmaceutiques \u00e0 proximit\u00e9 des zones d\u2019habitation et des lieux \u00e0 usage collectif et modifiant l\u2019arr\u00eat\u00e9 du 4 mai 2017 relatif \u00e0 la mise sur le march\u00e9 et \u00e0 l\u2019utilisation des produits phytopharmaceutiques et de leurs adjuvants vis\u00e9s \u00e0 l\u2019article L. 253-1 du code rural et de la p\u00eache maritime<\/a>&nbsp;\u00bb<a href=\"http:\/\/www.consultations-publiques.developpement-durable.gouv.fr\/projet-d-arrete-relatif-aux-mesures-de-protection-a2173.html?id_rubrique=2\">.<\/a><\/strong><\/p>\n\n\n\n<p>La \u00ab<strong>&nbsp;loi Labb\u00e9<\/strong>&nbsp;\u00bb interdit, depuis le 1er janvier 2017, aux personnes publiques d\u2019utiliser ou de faire utiliser des produits phytopharmaceutiques (\u00e0 l&rsquo;exception des produits de biocontr\u00f4le, produits \u00e0 faible risque et produits utilisables en agriculture biologique) pour l\u2019entretien des espaces verts, for\u00eats, promenades et voiries accessibles ou ouverts au public. Les utilisateurs non professionnels ont \u00e9galement l\u2019interdiction d\u2019acqu\u00e9rir et d\u2019utiliser les m\u00eames types de produits, depuis le 1 janvier 2019.<\/p>\n\n\n\n<p>Ce nouveau projet d\u2019arr\u00eat\u00e9 pr\u00e9voit d\u2019\u00e9tendre la liste des lieux de vie sur lesquels s\u2019appliquent ces interdictions, \u00e0 compter du 1<sup>er<\/sup> juillet 2022. Sont ainsi concern\u00e9s les parcs et jardins priv\u00e9s, les campings, les parcs d\u2019attraction, les zones commerciales, les lieux de travail, les cimeti\u00e8res, entre autres lieux. Les \u00e9quipements sportifs sont aussi associ\u00e9s, avec des d\u00e9rogations sp\u00e9cifiques pour les \u00e9quipements de haut niveau.<\/p>\n\n\n\n<p>La p\u00e9riode de consultation est <strong>ouverte du 2 juillet au 16 ao\u00fbt 2020<\/strong>.<\/p>\n\n\n\n<p><a href=\"http:\/\/www.consultations-publiques.developpement-durable.gouv.fr\/projet-d-arrete-relatif-aux-mesures-de-protection-a2173.html?id_rubrique=2\">&gt; Acc\u00e9dez ici \u00e0 la consultation en ligne sur le site du Minist\u00e8re de la Transition \u00e9cologique et solidaire<\/a><\/p>\n\n\n\n<p><\/p>\n\n\n\n<p>Cr\u00e9dit photo : (c) FREDON France<\/p>\n\n\n\n<p>Sources : <a href=\"https:\/\/ec.europa.eu\/info\/law\/better-regulation\/have-your-say\/initiatives\/12413-Sustainable-use-of-pesticides-revision-of-the-EU-rules\">Commission europ\u00e9enne<\/a>, <a href=\"http:\/\/www.consultations-publiques.developpement-durable.gouv.fr\/spip.php?page=sommaire\">Minist\u00e8re de la Transition \u00e9cologique et solidaire<\/a>, <a href=\"https:\/\/www.vie-publique.fr\/consultations\">Vie publique<\/a><\/p>\n","protected":false},"excerpt":{"rendered":"<p>Plusieurs consultations du public sont actuellement ouvertes sur la question de l&rsquo;usage des pesticides, ainsi que sur le droit de pr\u00e9emption pour la pr\u00e9servation des ressources en eau potable. Zoom sur trois consultations publiques d&rsquo;actualit\u00e9, au niveau national ou communautaire&#8230; Minist\u00e8re de la transition \u00e9cologique et solidaire (MTES) : consultation en cours autour du droit [&hellip;]<\/p>\n","protected":false},"author":1,"featured_media":7789,"comment_status":"closed","ping_status":"open","sticky":false,"template":"","format":"standard","meta":{"footnotes":""},"categories":[2],"tags":[8],"class_list":["post-7787","post","type-post","status-publish","format-standard","has-post-thumbnail","hentry","category-actualites-captages","tag-actualites-captages"],"_links":{"self":[{"href":"https:\/\/www.fredonoccitanie.com\/captages\/wp-json\/wp\/v2\/posts\/7787","targetHints":{"allow":["GET"]}}],"collection":[{"href":"https:\/\/www.fredonoccitanie.com\/captages\/wp-json\/wp\/v2\/posts"}],"about":[{"href":"https:\/\/www.fredonoccitanie.com\/captages\/wp-json\/wp\/v2\/types\/post"}],"author":[{"embeddable":true,"href":"https:\/\/www.fredonoccitanie.com\/captages\/wp-json\/wp\/v2\/users\/1"}],"replies":[{"embeddable":true,"href":"https:\/\/www.fredonoccitanie.com\/captages\/wp-json\/wp\/v2\/comments?post=7787"}],"version-history":[{"count":1,"href":"https:\/\/www.fredonoccitanie.com\/captages\/wp-json\/wp\/v2\/posts\/7787\/revisions"}],"predecessor-version":[{"id":8679,"href":"https:\/\/www.fredonoccitanie.com\/captages\/wp-json\/wp\/v2\/posts\/7787\/revisions\/8679"}],"wp:featuredmedia":[{"embeddable":true,"href":"https:\/\/www.fredonoccitanie.com\/captages\/wp-json\/wp\/v2\/media\/7789"}],"wp:attachment":[{"href":"https:\/\/www.fredonoccitanie.com\/captages\/wp-json\/wp\/v2\/media?parent=7787"}],"wp:term":[{"taxonomy":"category","embeddable":true,"href":"https:\/\/www.fredonoccitanie.com\/captages\/wp-json\/wp\/v2\/categories?post=7787"},{"taxonomy":"post_tag","embeddable":true,"href":"https:\/\/www.fredonoccitanie.com\/captages\/wp-json\/wp\/v2\/tags?post=7787"}],"curies":[{"name":"wp","href":"https:\/\/api.w.org\/{rel}","templated":true}]}}