{"id":6016,"date":"2019-12-10T17:59:00","date_gmt":"2019-12-10T16:59:00","guid":{"rendered":"https:\/\/www.fredonoccitanie.com\/captageslr\/?p=6016"},"modified":"2019-12-10T17:59:00","modified_gmt":"2019-12-10T16:59:00","slug":"interview-frederic-launay","status":"publish","type":"post","link":"https:\/\/www.fredonoccitanie.com\/captages\/2019\/12\/10\/interview-frederic-launay\/","title":{"rendered":"Interview : Fr\u00e9d\u00e9ric Launay, 20 ans d&rsquo;action pour prot\u00e9ger les ressources en eau"},"content":{"rendered":"<h4>Apr\u00e8s 20 ans de carri\u00e8re \u00e0 l\u2019Agence de l\u2019eau Rh\u00f4ne M\u00e9diterran\u00e9e Corse (d\u00e9l\u00e9gation de Montpellier), Fr\u00e9d\u00e9ric Launay change radicalement son projet de vie.\u00a0 Quelques mois apr\u00e8s son d\u00e9part, nous revenons sur les temps forts de sa carri\u00e8re administrative et gravons, ici, les bons conseils qu\u2019il l\u00e8gue aux acteurs engag\u00e9s sur les territoires<em>. <\/em><strong>Cette interview a \u00e9t\u00e9 donn\u00e9e \u00e0 titre personnel et n\u2019engage pas l\u2019Agence de l\u2019eau.<\/strong> <em><br \/><\/em><\/h4>\n<p>Ceux qui l\u2019ont c\u00f4toy\u00e9 le savent, les membres du R\u00e9seau Captages d\u2019eauccitanie tout particuli\u00e8rement : il a les pieds sur terre et une connaissance fine du terrain. Sa mission cl\u00e9 : r\u00e9duire l\u2019usage de produits phytosanitaires pour pr\u00e9server les ressources en eau potable et prot\u00e9ger les milieux aquatiques. C\u2019est l\u2019enjeu de taille qui l&rsquo;a pouss\u00e9 \u00e0 accompagner des centaines d\u2019acteurs locaux en tant qu\u2019expert de la transition agro\u00e9cologique et du d\u00e9veloppement des territoires.<\/p>\n<p>Dans cet interview de 40 minutes, au fil d&rsquo;une vingtaine de questions, Fr\u00e9d\u00e9ric nous livre son avis personnel sur cette th\u00e9matique complexe et la situation r\u00e9gionale. Il partage avec nous un peu de son v\u00e9cu professionnel, riche en exp\u00e9riences.<\/p>\n<p>Retrouvez cet interview sous forme de podcast (en 2 parties), int\u00e9gralement transcrit . Vous pouvez \u00e9galement l&rsquo;\u00e9couter question par question (voir ci-dessous).<\/p>\n<p>Bon podcast !<\/p>\n<h5><span style=\"color: #008080\"><em>Podcast &#8211; 1\u00e8re partie &#8211; questions 1 \u00e0 10<\/em><\/span><\/h5>\n<audio class=\"wp-audio-shortcode\" id=\"audio-6016-1\" preload=\"none\" style=\"width: 100%;\" controls=\"controls\"><source type=\"audio\/mpeg\" src=\"https:\/\/www.fredonoccitanie.com\/captages\/wp-content\/uploads\/sites\/3\/2019\/09\/190625_Inter_FL_partie1sur2.mp3?_=1\" \/><a href=\"https:\/\/www.fredonoccitanie.com\/captages\/wp-content\/uploads\/sites\/3\/2019\/09\/190625_Inter_FL_partie1sur2.mp3\">https:\/\/www.fredonoccitanie.com\/captages\/wp-content\/uploads\/sites\/3\/2019\/09\/190625_Inter_FL_partie1sur2.mp3<\/a><\/audio>\n<p>\u00a0<\/p>\n<h5><em><span style=\"color: #008080\">Podcast &#8211; 2nde partie &#8211; questions 11 \u00e0 20<\/span><\/em><\/h5>\n<audio class=\"wp-audio-shortcode\" id=\"audio-6016-2\" preload=\"none\" style=\"width: 100%;\" controls=\"controls\"><source type=\"audio\/mpeg\" src=\"https:\/\/www.fredonoccitanie.com\/captages\/wp-content\/uploads\/sites\/3\/2019\/09\/190625_Inter_FL_partie2sur2.mp3?_=2\" \/><a href=\"https:\/\/www.fredonoccitanie.com\/captages\/wp-content\/uploads\/sites\/3\/2019\/09\/190625_Inter_FL_partie2sur2.mp3\">https:\/\/www.fredonoccitanie.com\/captages\/wp-content\/uploads\/sites\/3\/2019\/09\/190625_Inter_FL_partie2sur2.mp3<\/a><\/audio>\n<p>\u00a0<\/p>\n<h5><span style=\"color: #008080\"><em>\u00c9couter question par question (<\/em><\/span><em><span style=\"color: #008080\">enregistrements audio + transcription)<\/span><br \/><\/em><\/h5>\n<p><a href=\"#_Toc19545320\">Q1. Fr\u00e9d\u00e9ric, pourriez-vous nous rappeler vos missions et leurs \u00e9volutions au sein de l\u2019Agence de l\u2019eau ?<\/a><\/p>\n<p><a href=\"#_Toc19545321\">Q2. Fr\u00e9d\u00e9ric, pourquoi est-il si important pr\u00e9server nos ressources en eau potable ? S\u2019agit-il un enjeu d\u2019avenir ?<\/a><\/p>\n<p><a href=\"#_Toc19545322\">Q3. Etiez-vous d\u00e9j\u00e0 sensibilis\u00e9 \u00e0 cette probl\u00e9matique\u00a0avant d\u2019assumer vos missions \u00e0 l\u2019Agence de l\u2019eau ?<\/a><\/p>\n<p><a href=\"#_Toc19545323\">Q4. En ce sens, pourrait-on dire que l&rsquo;eau est un indicateur de l&rsquo;\u00e9quilibre, justement, du territoire ? Est-ce que, si on regarde une analyse de qualit\u00e9 de l\u2019eau, ceci refl\u00e8te quelque chose sur l\u2019\u00e9quilibre ou le bon fonctionnement du territoire, pour le dire ainsi ?<\/a><\/p>\n<p><a href=\"#_Toc19545324\">Q5. En dehors du cadre professionnel, quel est votre grain de sel quotidien \u00e0 la d\u00e9marche de protection des ressources en eau ? Comment contribuez-vous \u00e0 pr\u00e9server les ressources en eau\u00a0?<\/a><\/p>\n<p><a href=\"#_Toc19545325\">Q6. Est-ce que la qualit\u00e9 de l&rsquo;eau, d&rsquo;apr\u00e8s vous, est un sujet qui pr\u00e9occupe franchement les Fran\u00e7ais ?<\/a><\/p>\n<p><a href=\"#_Toc19545326\">Q7. Des acteurs locaux vous en avez suivi de centaines dans ces presque 20 ans de carri\u00e8re. Des collectivit\u00e9s, des associations, des organisations professionnelles ou bien les agriculteurs individuels, entre autres.\u00a0 Sentez-vous que les mentalit\u00e9s ont chang\u00e9 au sujet des pollutions de l&rsquo;eau ? Qu&rsquo;est-ce que vous, Fr\u00e9d\u00e9ric, avez mis dans la balance pour tenter de faire les gens changer d&rsquo;avis ?<\/a><\/p>\n<p><a href=\"#_Toc19545327\">Q8. D\u00e9veloppement territorial et concertation locale autour de la probl\u00e9matique \u00ab\u00a0qualit\u00e9 de l\u2019eau\u00a0\u00bb ont d\u00fb \u00eatre tr\u00e8s certainement deux aspects forts de votre mission. Dites-nous Fr\u00e9d\u00e9ric, sur ce volet, quel a \u00e9t\u00e9 votre apprentissage le plus marquant ?<\/a><\/p>\n<p><a href=\"#_Toc19545328\">Q9. Fr\u00e9d\u00e9ric, de quel projet ou quelle l&rsquo;action vous sentez-vous le plus fier, aujourd\u2019hui ?<\/a><\/p>\n<p><a href=\"#_Toc19545329\">Q10. En parlant d\u2019agriculture\u00a0: changer ses pratiques agricoles ou sa strat\u00e9gie de fili\u00e8re -pour une organisation de producteurs- ce n&rsquo;est pas une mince affaire, surtout lorsque ceci affecte profond\u00e9ment son outil de production et son revenu. D&rsquo;apr\u00e8s vous, comment s&rsquo;y prendre sans prendre trop de risques ?<\/a><\/p>\n<p><a href=\"#_Toc19545330\">Q11. Et puisqu\u2019on parle de temps, d&rsquo;apr\u00e8s vous combien de temps cela peut prendre de changer ses pratiques agro-environnementales et d\u2019avoir, en quelque sorte, un effet r\u00e9el sur l\u2019environnement ?<\/a><\/p>\n<p><a href=\"#_Toc19545331\">Q12.\u00a0 Je me permets une question un peu plus controvers\u00e9e, Fr\u00e9d\u00e9ric. Le principe pollueur-payeur est appliqu\u00e9 pour les pollutions chimiques de l&rsquo;eau, notamment les pesticides. Je me r\u00e9f\u00e8re notamment aux taxes et redevances per\u00e7ues par les Agences de l&rsquo;eau. Certains d\u00e9fendent l&rsquo;id\u00e9e d\u2019aller plus loin et de renforcer la sanction p\u00e9cuniaire sur le monde agricole. Qu&rsquo;en pensez-vous ?<\/a><\/p>\n<p><a href=\"#_Toc19545332\">Q13. Avec le recul et l&rsquo;exp\u00e9rience, quels ont \u00e9t\u00e9 les points forts de la politique \u00ab qualit\u00e9 de l&rsquo;eau \u00bb au niveau national ou r\u00e9gional ? Disons, quels outils de politique publique et quelles actions locales ont eu, d&rsquo;apr\u00e8s vous, le plus d&rsquo;effet sur l\u2019abandon des pesticides ?<\/a><\/p>\n<p><a href=\"#_Toc19545333\">Q14. Malgr\u00e9 une prise de conscience g\u00e9n\u00e9ralis\u00e9e de la population et une transition agro\u00e9cologique franchement engag\u00e9e, avec une croissance jamais vue de l\u2019agriculture biologique, les chiffres montrent que l\u2019usage de pesticides s\u2019est accru ces derni\u00e8res ann\u00e9es et, par voie de cons\u00e9quence, l\u2019on continue de fermer des captages d\u2019eau qui sont pollu\u00e9s. Le travail est donc loin d\u2019\u00eatre fini\u2026. Avez-vous un conseil \u00e0 donner \u00e0 ceux qui continueront d\u2019\u0153uvrer pour la reconqu\u00eate de la qualit\u00e9 des ressources en eau ?<\/a><\/p>\n<p><a href=\"#_Toc19545334\">Q15. Est-ce que travailler sur cette th\u00e9matique \u00ab\u00a0agriculture et eau\u00a0\u00bb fut gratifiant pour vous ?<\/a><\/p>\n<p><a href=\"#_Toc19545335\">Q16. Qu\u2019est ce qui est rest\u00e9 dans les tiroirs de \u00ab\u00a0Fr\u00e9d\u00e9ric Launay, le charg\u00e9 de mission\u00a0\u00bb ? Qu\u2019auriez-vous souhait\u00e9 faire de plus\u00a0? Avec, peut-\u00eatre, un peu plus de temps ?<\/a><\/p>\n<p><a href=\"#_Toc19545336\">Q17. Sans indiscr\u00e9tion, Fr\u00e9d\u00e9ric, quels sont les projets pour la suite ? Aurez-vous l\u2019occasion de recycler vos acquis et apprentissages ?<\/a><\/p>\n<p><a href=\"#_Toc19545337\">Q18. Les caves coop\u00e9ratives sont structurelles pour le territoire. Est-ce que vous serez amen\u00e9 \u00e0 travailler en collectif l\u00e0 o\u00f9 vous partez vous installer ?<\/a><\/p>\n<p><a href=\"#_Toc19545338\">Q19. Enfin, sur un tout plus personnel, en dehors de l\u2019agriculture et de l\u2019eau qu\u2019est-ce qui vous passionne, Fr\u00e9d\u00e9ric ?<\/a><\/p>\n<p><a href=\"#_Toc19545339\">Q20. Avant de finir, avez-vous quelque chose \u00e0 ajouter ?<\/a><\/p>\n<p>\u00a0<\/p>\n<p>Montpellier, le 25 juin 2019<\/p>\n<p><span style=\"color: #008080\">Bonjour Fr\u00e9d\u00e9ric Launay.<\/span><\/p>\n<p>Bonjour.<\/p>\n<p><span style=\"color: #3366ff\"><span style=\"color: #008080\">Merci d&rsquo;\u00eatre avec nous ce matin<\/span>.<\/span><\/p>\n<h4><a name=\"_Toc19545320\"><\/a>Fr\u00e9d\u00e9ric, pourriez-vous nous rappeler vos missions et leurs \u00e9volutions au sein de l\u2019Agence de l\u2019eau ?<\/h4>\n<audio class=\"wp-audio-shortcode\" id=\"audio-6016-3\" preload=\"none\" style=\"width: 100%;\" controls=\"controls\"><source type=\"audio\/mpeg\" src=\"https:\/\/www.fredonoccitanie.com\/captages\/wp-content\/uploads\/sites\/3\/2019\/09\/190625_Inter_FL_Question_1.mp3?_=3\" \/><a href=\"https:\/\/www.fredonoccitanie.com\/captages\/wp-content\/uploads\/sites\/3\/2019\/09\/190625_Inter_FL_Question_1.mp3\">https:\/\/www.fredonoccitanie.com\/captages\/wp-content\/uploads\/sites\/3\/2019\/09\/190625_Inter_FL_Question_1.mp3<\/a><\/audio>\n<p>\u00a0<\/p>\n<p>Je suis arriv\u00e9 lors de la cr\u00e9ation du poste \u00ab\u00a0agriculture\u00a0\u00bb \u00e0 la d\u00e9l\u00e9gation, au moment o\u00f9 la d\u00e9l\u00e9gation territoriale de Montpellier assumait cette comp\u00e9tence. Auparavant, ces comp\u00e9tences \u00e9taient assur\u00e9es au niveau du si\u00e8ge \u00e0 Lyon, sur tout le territoire Rh\u00f4ne M\u00e9diterran\u00e9e. \u00a0Ce poste visait \u00e0 prendre en charge les diff\u00e9rentes actualit\u00e9s en lien avec la relation agriculture-eau. Le poste a \u00e9volu\u00e9 en fonction de ces actualit\u00e9s.<\/p>\n<p>Au tout d\u00e9but il y a eu les Op\u00e9rations \u201cMIEUX\u201d\u00a0: des op\u00e9rations de lutte contre la pollution diffuse mais \u00e0 des \u00e9chelles tr\u00e8s longues. \u00c7a a dur\u00e9 de la fin des ann\u00e9es 1990 jusqu\u2019au milieu des ann\u00e9es 2000. Puis, on a fait une \u00e9tude \u00e9valuative qui a montr\u00e9 les limites de ce type de d\u00e9marche et qui nous a conduit \u00e0 nous orienter vers les acteurs locaux\u00a0: les organisations de producteurs (OP), les coop\u00e9ratives, les collectivit\u00e9s. On a donc initi\u00e9 les actions intitul\u00e9es \u00ab\u00a0DEFI TERRITORIAL\u00a0\u00bb. C\u2019\u00e9tait une nouveaut\u00e9 du 8<sup>\u00e8me<\/sup> programme d\u2019intervention, dans les ann\u00e9es 2004-2005.<\/p>\n<p>C\u2019est \u00e0 ce moment-l\u00e0 qu\u2019on a commenc\u00e9 \u00e0 travailler sur le th\u00e8me de la <em>pollution diffuse par les pesticides<\/em> et que l\u2019on s\u2019est attach\u00e9 \u00e0 travailler avec les acteurs locaux : les coop\u00e9ratives, les organismes de d\u00e9fense et de gestion et les mairies. On s\u2019est aussi int\u00e9ress\u00e9, \u00e0 ce moment-l\u00e0, \u00e0 des <em>captages d\u2019eau potable<\/em>. C\u2019\u00e9tait donc bien avant les d\u00e9marches Zone Soumise \u00e0 Contrainte Environnementale (ZSCE) et les captages Grenelle ou prioritaires.<\/p>\n<p>En somme, le poste a vraiment \u00e9volu\u00e9 au fil de l\u2019actualit\u00e9. A partir de 2007, c\u2019est devenu un poste d\u2019expert en pilotage de politiques sur les captages prioritaires, un poste d\u2019expertise agronomique. Ensuite, est arriv\u00e9 le financement dans le cadre des Programmes de D\u00e9veloppement Rural (PDR).<\/p>\n<p><span style=\"color: #008080\">Le PDR, c\u2019\u00e9tait en quelle ann\u00e9e ?<\/span><\/p>\n<p>L\u2019Agence est intervenue dans le cadre du PDR hexagonal (PDRH) \u00e0 partir de 2009. Puis, dans le cadre du PDR r\u00e9gional (PDRR) et ce jusqu\u2019\u00e0 pr\u00e9sent.<\/p>\n<p><span style=\"color: #008080\">Tr\u00e8s bien. Vous avez \u00e9galement \u00e9t\u00e9 r\u00e9f\u00e9rent captage prioritaire pendant un certain temps, n\u2019est-ce pas ?<\/span><\/p>\n<p>Oui, j\u2019ai \u00e9t\u00e9 r\u00e9f\u00e9rent captage prioritaire \u00e0 partir de la publication du texte Zone Soumise \u00e0 Contrainte Environnementale (ZSCE) en 2007, jusqu\u2019en 2018.<\/p>\n<p><span style=\"color: #008080\">Plus de 10 ans.<\/span><\/p>\n<p>C\u2019est \u00e7a.<\/p>\n<p>\u00a0<\/p>\n<h4><a name=\"_Toc19545321\"><\/a>Fr\u00e9d\u00e9ric, pourquoi est-il si important pr\u00e9server nos ressources en eau potable ? S\u2019agit-il un enjeu d\u2019avenir ?<\/h4>\n<audio class=\"wp-audio-shortcode\" id=\"audio-6016-4\" preload=\"none\" style=\"width: 100%;\" controls=\"controls\"><source type=\"audio\/mpeg\" src=\"https:\/\/www.fredonoccitanie.com\/captages\/wp-content\/uploads\/sites\/3\/2019\/09\/190625_Inter_FL_Question_2.mp3?_=4\" \/><a href=\"https:\/\/www.fredonoccitanie.com\/captages\/wp-content\/uploads\/sites\/3\/2019\/09\/190625_Inter_FL_Question_2.mp3\">https:\/\/www.fredonoccitanie.com\/captages\/wp-content\/uploads\/sites\/3\/2019\/09\/190625_Inter_FL_Question_2.mp3<\/a><\/audio>\n<p>\u00a0<\/p>\n<p>C&rsquo;est vraiment important et c\u2019est un enjeu d\u2019avenir, dans la mesure o\u00f9 les ressources concern\u00e9es sont des ressources en eau <em>locales<\/em>.<\/p>\n<p>\u00c7a renvoie \u00e0 la perception de chacun mais, pour moi, cela renvoie \u00e0 la vie d\u2019un territoire.<\/p>\n<p>Le territoire est valoris\u00e9 par des activit\u00e9s \u00e9conomiques, qui sont en lien avec les activit\u00e9s sociales. En ce sens,<span style=\"color: #000000\"> pr\u00e9server l\u2019environnement et les ressources en eau c\u2019est quelque chose qui apparait comme logique. \u00a0Puis, \u00e7a renvoie \u00e0 des \u00e9quilibres de vie, des choix et des d\u00e9cisions \u00e0 l&rsquo;\u00e9chelle des territoires qui sont importants et qui correspondent \u00e0 des <em>identit\u00e9s de territoire<\/em>, quelque part.<\/span><\/p>\n<p>Aussi et de fa\u00e7on tr\u00e8s \u00e9conomique, valoriser des ressources en eau locales c\u2019est aussi s\u2019attacher \u00e0 limiter les co\u00fbts de production de l\u2019eau potable, ce qui parait normal.<\/p>\n<p>\u00a0<\/p>\n<h4><a name=\"_Toc19545322\"><\/a>Etiez-vous d\u00e9j\u00e0 sensibilis\u00e9 \u00e0 cette probl\u00e9matique avant d\u2019assumer vos missions \u00e0 l\u2019Agence de l\u2019eau ?<\/h4>\n<audio class=\"wp-audio-shortcode\" id=\"audio-6016-5\" preload=\"none\" style=\"width: 100%;\" controls=\"controls\"><source type=\"audio\/mpeg\" src=\"https:\/\/www.fredonoccitanie.com\/captages\/wp-content\/uploads\/sites\/3\/2019\/09\/190625_Inter_FL_Question_3.mp3?_=5\" \/><a href=\"https:\/\/www.fredonoccitanie.com\/captages\/wp-content\/uploads\/sites\/3\/2019\/09\/190625_Inter_FL_Question_3.mp3\">https:\/\/www.fredonoccitanie.com\/captages\/wp-content\/uploads\/sites\/3\/2019\/09\/190625_Inter_FL_Question_3.mp3<\/a><\/audio>\n<p>\u00a0<\/p>\n<p>Je n\u2019\u00e9tais pas sp\u00e9cifiquement sensibilis\u00e9 \u00e0 la th\u00e9matique \u00ab\u00a0eau potable\u00a0\u00bb, non. J\u2019ai, en fait, une formation agricole. Mais me suis toujours int\u00e9ress\u00e9 \u00e0 la relation agriculture-environnement. C\u2019est ma sp\u00e9cialit\u00e9 et c\u2019est ce qui m&rsquo;int\u00e9resse encore aujourd&rsquo;hui.<\/p>\n<p>L\u2019alimentation en eau potable est un des aspects, auquel je n\u2019avais pas sp\u00e9cialement r\u00e9fl\u00e9chi auparavant. C\u2019est une th\u00e9matique qui est \u00e0 l\u2019interface entre l\u2019agriculture et l\u2019environnement.<\/p>\n<p>Donc non, je n\u2019avais pas cette sensibilit\u00e9. Mais ce qui m\u2019a toujours int\u00e9ress\u00e9 et m\u2019int\u00e9resse toujours aujourd\u2019hui c\u2019est la relation \u00e0 l\u2019<em>animation des territoires<\/em>.<\/p>\n<p>J\u2019en reviens \u00e0 ma r\u00e9ponse de tout \u00e0 l\u2019heure. Ce sont les choix des d\u00e9cisionnaires et les \u00e9quilibres locaux, la vie du territoire en somme qui constitue un des \u00e9l\u00e9ments d\u2019int\u00e9r\u00eat des d\u00e9marches \u00ab\u00a0eau potable\u00a0\u00bb.<\/p>\n<p>\u00a0<\/p>\n<h4><a name=\"_Toc19545323\"><\/a>En ce sens, pourrait-on dire que l&rsquo;eau est un indicateur de l&rsquo;\u00e9quilibre, justement, du territoire ? Est-ce que, si on regarde une analyse de qualit\u00e9 de l\u2019eau, ceci refl\u00e8te quelque chose sur l\u2019\u00e9quilibre ou le bon fonctionnement du territoire, pour le dire ainsi ?<\/h4>\n<audio class=\"wp-audio-shortcode\" id=\"audio-6016-6\" preload=\"none\" style=\"width: 100%;\" controls=\"controls\"><source type=\"audio\/mpeg\" src=\"https:\/\/www.fredonoccitanie.com\/captages\/wp-content\/uploads\/sites\/3\/2019\/09\/190625_Inter_FL_Question_4.mp3?_=6\" \/><a href=\"https:\/\/www.fredonoccitanie.com\/captages\/wp-content\/uploads\/sites\/3\/2019\/09\/190625_Inter_FL_Question_4.mp3\">https:\/\/www.fredonoccitanie.com\/captages\/wp-content\/uploads\/sites\/3\/2019\/09\/190625_Inter_FL_Question_4.mp3<\/a><\/audio>\n<p>\u00a0<\/p>\n<p>Je dirais que non, qu\u2019il faut prendre un peu de hauteur. D\u00e9j\u00e0 une analyse, \u00e7a n\u2019indique pas grande chose.<\/p>\n<p>Mais de fait, l\u2019eau et les milieux aquatiques, leur fonctionnement et leur \u00e9tat de pr\u00e9servation sont effectivement un bon indicateur de la relation que l\u2019homme entretient avec son environnement sur un territoire donn\u00e9, y compris les agriculteurs.<\/p>\n<p>Par exemple, on a des territoires o\u00f9 les zones humides sont pr\u00e9serv\u00e9es. Mais on a aussi des territoires o\u00f9 les chambres d\u2019agriculture pr\u00f4nent le drainage de ces zones humides encore aujourd\u2019hui, ce qui est compl\u00e8tement paradoxal\u2026<\/p>\n<p>\u00a0<\/p>\n<h4><a name=\"_Toc19545324\"><\/a>En dehors du cadre professionnel, quel est votre grain de sel quotidien \u00e0 la d\u00e9marche de protection des ressources en eau ? Comment contribuez-vous \u00e0 pr\u00e9server les ressources en eau ?<\/h4>\n<audio class=\"wp-audio-shortcode\" id=\"audio-6016-7\" preload=\"none\" style=\"width: 100%;\" controls=\"controls\"><source type=\"audio\/mpeg\" src=\"https:\/\/www.fredonoccitanie.com\/captages\/wp-content\/uploads\/sites\/3\/2019\/09\/190625_Inter_FL_Question_5.mp3?_=7\" \/><a href=\"https:\/\/www.fredonoccitanie.com\/captages\/wp-content\/uploads\/sites\/3\/2019\/09\/190625_Inter_FL_Question_5.mp3\">https:\/\/www.fredonoccitanie.com\/captages\/wp-content\/uploads\/sites\/3\/2019\/09\/190625_Inter_FL_Question_5.mp3<\/a><\/audio>\n<p>\u00a0<\/p>\n<p>\u00c7a rel\u00e8ve de mes comportements citoyens ! Forc\u00e9ment, je suis conditionn\u00e9 sur la gestion de la ressource et, plus globalement, sur les gestes du quotidien qui ont un impact sur l\u2019environnement, dont la gestion des d\u00e9chets.<\/p>\n<p>Oui, dans mes gestes du quotidien je fais particuli\u00e8rement attention \u00e0 la gestion de l\u2019eau. Je r\u00e9alise m\u00eame un suivi tr\u00e8s pr\u00e9cis de mes consommations d\u2019eau. Ce n\u2019est pas bon d\u2019avoir une adolescente \u00e0 la maison !<\/p>\n<p>Mes enfants sont tr\u00e8s sensibilis\u00e9s. Ma fille est actuellement aux Etats-Unis. Arriv\u00e9e l\u00e0-bas, sa 1<sup>ere<\/sup> r\u00e9flexion a \u00e9t\u00e9 de se dire que \u00e7a ne servait \u00e0 rien que l\u2019on s\u2019attache \u00e0 lutter contre le changement climatique ou contre les pollutions, vu le comportement des am\u00e9ricains\u00a0!<\/p>\n<p>Aussi, je soutiens vraiment l\u2019agriculture locale par mes actes d\u2019achat, ainsi que l\u2019agriculture biologique.<\/p>\n<p>\u00a0<\/p>\n<h4><a name=\"_Toc19545325\"><\/a>Est-ce que la qualit\u00e9 de l&rsquo;eau, d&rsquo;apr\u00e8s vous, est un sujet qui pr\u00e9occupe franchement les Fran\u00e7ais ?<\/h4>\n<audio class=\"wp-audio-shortcode\" id=\"audio-6016-8\" preload=\"none\" style=\"width: 100%;\" controls=\"controls\"><source type=\"audio\/mpeg\" src=\"https:\/\/www.fredonoccitanie.com\/captages\/wp-content\/uploads\/sites\/3\/2019\/09\/190625_Inter_FL_Question_6.mp3?_=8\" \/><a href=\"https:\/\/www.fredonoccitanie.com\/captages\/wp-content\/uploads\/sites\/3\/2019\/09\/190625_Inter_FL_Question_6.mp3\">https:\/\/www.fredonoccitanie.com\/captages\/wp-content\/uploads\/sites\/3\/2019\/09\/190625_Inter_FL_Question_6.mp3<\/a><\/audio>\n<p>\u00a0<\/p>\n<p>Oui, la qualit\u00e9 de l\u2019eau et de l\u2019environnement est une grande pr\u00e9occupation des citoyens, c\u2019est un constat que l\u2019on peut faire. J\u2019ai envie de dire \u00ab\u00a0jusqu\u2019\u00e0 l\u2019exc\u00e8s\u00a0\u00bb dans une certaine mesure car \u2013 et c\u2019est l\u00e0 mon c\u00f4t\u00e9 agricole qui ressort &#8211; sur la base d\u2019un d\u00e9faut de communication on en arrive \u00e0 voir des comportements qui impactent vraiment les agriculteurs.<\/p>\n<p>J\u2019ai en t\u00eate une discussion que j\u2019ai eu avec un arboriculteur biologique, qui se fait menacer et klaxonner quand il traite [ses parcelles]. Vraiment, il y a des d\u00e9fauts de communication. Ceci prouve \u00e9galement l\u2019int\u00e9r\u00eat que les citoyens portent sur la qualit\u00e9 de leur alimentation, la pr\u00e9servation de l\u2019eau et de l\u2019environnement. Mais \u00e7a prouve aussi qu\u2019il y a un besoin de la part du monde agricole de <em>communiquer<\/em>.<\/p>\n<p><span style=\"color: #008080\">De rassurer la population locale, en somme.<\/span><\/p>\n<p>Oui. Mais, bien s\u00fbr, l\u2019agriculture doit aussi s\u2019attacher \u00e0 progresser. Tout n\u2019est pas blanc et tout n\u2019est pas noir\u2026<\/p>\n<p>\u00a0<\/p>\n<h4><a name=\"_Toc19545326\"><\/a>Des acteurs locaux vous en avez suivi de centaines dans ces presque 20 ans de carri\u00e8re. Des collectivit\u00e9s, des associations, des organisations professionnelles ou bien les agriculteurs individuels, entre autres. \u00a0Sentez-vous que les mentalit\u00e9s ont chang\u00e9 au sujet des pollutions de l&rsquo;eau ? Qu&rsquo;est-ce que vous, Fr\u00e9d\u00e9ric, avez mis dans la balance pour tenter de faire les gens changer d&rsquo;avis ?<\/h4>\n<audio class=\"wp-audio-shortcode\" id=\"audio-6016-9\" preload=\"none\" style=\"width: 100%;\" controls=\"controls\"><source type=\"audio\/mpeg\" src=\"https:\/\/www.fredonoccitanie.com\/captages\/wp-content\/uploads\/sites\/3\/2019\/09\/190625_Inter_FL_Question_7.mp3?_=9\" \/><a href=\"https:\/\/www.fredonoccitanie.com\/captages\/wp-content\/uploads\/sites\/3\/2019\/09\/190625_Inter_FL_Question_7.mp3\">https:\/\/www.fredonoccitanie.com\/captages\/wp-content\/uploads\/sites\/3\/2019\/09\/190625_Inter_FL_Question_7.mp3<\/a><\/audio>\n<p>\u00a0<\/p>\n<p>Je pense effectivement que les mentalit\u00e9s ont chang\u00e9 au sujet des pollutions de l&rsquo;eau. Et heureusement\u00a0! \u00a0\u00c7a fait plus de 10 ans que l\u2019on y travaille et je dis <em>on<\/em> collectivement \u2013 avec un r\u00e9seau important d&rsquo;acteur de la r\u00e9gion &#8211; sur la pr\u00e9servation de la ressource en eau. Avec une tr\u00e8s forte pr\u00e9sence humaine, de l&rsquo;animation et de la concertation. Evidemment, \u00e7a a port\u00e9 ses fruits. Il y a eu une \u00e9volution des mentalit\u00e9s et des savoirs faire ainsi que de tr\u00e8s nombreux projets.<\/p>\n<p>Il y a 10 ans, on ne savait pas lutter contre la pollution diffuse. On ne connaissait m\u00eame pas l\u2019argumentation que l\u2019on pouvait d\u00e9velopper pour convaincre des agriculteurs ou des \u00e9lus de collectivit\u00e9 pour s&rsquo;engager sur ce type de projet.<\/p>\n<h5><span style=\"color: #333399\">Notre premi\u00e8re d\u00e9marche a \u00e9t\u00e9 de convaincre les \u00e9lus. Ne serait-ce que cr\u00e9er des postes d\u2019animation au sein des collectivit\u00e9s, fut une \u00e9tape tr\u00e8s importante. Mais cette \u00e9tape est d\u00e9j\u00e0 loin. Il y a eu une vraie \u00e9volution dans les mentalit\u00e9s et dans les savoir-faire.<\/span><\/h5>\n<p>Chez les agriculteurs aussi, il y a une \u00e9volution dans les dans les mentalit\u00e9s. Les gens \u00e0 qui je m&rsquo;adresse, qui ne sont peut-\u00eatre pas un \u00e9chantillon repr\u00e9sentatif, ont d\u00e9velopp\u00e9 une sensibilit\u00e9. Ils sont tr\u00e8s conscients de l&rsquo;impact de leurs gestes et de leurs actions sur leur environnement et les ressources en eau.<\/p>\n<p>C&rsquo;est vrai qu&rsquo;aujourd&rsquo;hui, aussi, il y a une demande tr\u00e8s importante des acheteurs et du march\u00e9, surtout depuis de 3 ans. Maintenant, on est dans une dynamique de fond. Les acteurs agricoles, soit par motivation personnelle soit par int\u00e9r\u00eat compte tenu de la demande des acheteurs, d\u00e9veloppent des pratiques visant \u00e0 limiter les impacts de leurs activit\u00e9s sur l&rsquo;environnement et les ressources en eau.<\/p>\n<p>Et au sujet de l&rsquo;\u00e9volution des mentalit\u00e9s, notamment chez le monde agricole,<\/p>\n<h5><span style=\"color: #333399\">il est vrai que s&rsquo;attacher \u00e0 <em>aborder le sujet de mani\u00e8re positive,<\/em> non pas en parlant de pollution mais en parlant de \u201cprojet\u201d, permet d\u2019entamer une relation de construction et non pas de jugement.<\/span><\/h5>\n<p>C&rsquo;est une base \u00e9vidente d&rsquo;\u00e9change, pour moi, que l&rsquo;on doit respecter lorsque l\u2019on s&rsquo;adresse au monde agricole.<\/p>\n<p>Et en r\u00e9ponse \u00e0 la 2\u00e8me question, l\u2019important c\u2019est de respecter la coh\u00e9rence des choix des agriculteurs et s&rsquo;attacher \u00e0 les faire \u00e9voluer sans revenir o\u00f9 s&rsquo;arr\u00eater sur la notion de pollution. Il faut donc parler de projets plut\u00f4t que de pollution.<\/p>\n<p><span style=\"color: #008080\">Vous parlez d\u2019argumentation. On met souvent en contradiction l\u2019&rsquo;argument \u201csant\u00e9\u201d et l\u2019argument \u201cenvironnement\u201d. Est-ce qu&rsquo;il faut utiliser davantage un argument plut\u00f4t que l\u2019autre ?<\/span><\/p>\n<p>Cela renvoie \u00e0 la sensibilit\u00e9 de chacun. En Languedoc-Roussillon il y a des projets &#8211; plus qu\u2019on ne le croit &#8211; dont l&rsquo;\u00e9mergence a \u00e9t\u00e9 facilit\u00e9e pour des questions de sant\u00e9. Tout de suite, \u00e7a touche les hommes et les femmes en tant qu&rsquo;individu. Ce sont donc deux entr\u00e9es compl\u00e9mentaires.<\/p>\n<p>\u00a0<\/p>\n<h4><a name=\"_Toc19545327\"><\/a>D\u00e9veloppement territorial et concertation locale autour de la probl\u00e9matique \u00ab qualit\u00e9 de l\u2019eau \u00bb ont d\u00fb \u00eatre tr\u00e8s certainement deux aspects forts de votre mission. Dites-nous Fr\u00e9d\u00e9ric, sur ce volet, quel a \u00e9t\u00e9 votre apprentissage le plus marquant ? \u00a0<\/h4>\n<audio class=\"wp-audio-shortcode\" id=\"audio-6016-10\" preload=\"none\" style=\"width: 100%;\" controls=\"controls\"><source type=\"audio\/mpeg\" src=\"https:\/\/www.fredonoccitanie.com\/captages\/wp-content\/uploads\/sites\/3\/2019\/09\/190625_Inter_FL_Question_8.mp3?_=10\" \/><a href=\"https:\/\/www.fredonoccitanie.com\/captages\/wp-content\/uploads\/sites\/3\/2019\/09\/190625_Inter_FL_Question_8.mp3\">https:\/\/www.fredonoccitanie.com\/captages\/wp-content\/uploads\/sites\/3\/2019\/09\/190625_Inter_FL_Question_8.mp3<\/a><\/audio>\n<p>\u00a0<\/p>\n<p>La concertation locale, \u00e7a renvoie ce que je disais tout \u00e0 l&rsquo;heure.\u00a0 Ce n&rsquo;est pas quelque chose que l&rsquo;on fait spontan\u00e9ment\u00a0: \u00e7a demande de la disponibilit\u00e9, des moyens d&rsquo;animation, du temps et du savoir-faire en termes d&rsquo;organisation. Il y a un certain nombre de pr\u00e9alables \u00e0 respecter, ce n&rsquo;est pas quelque chose qui s&rsquo;improvise\u00a0!<\/p>\n<p>Dans mon parcours, je suis retourn\u00e9 \u00e0 l&rsquo;\u00e9cole en tant qu\u2019adulte pour suivre une sp\u00e9cialit\u00e9 du dipl\u00f4me d\u2019Ing\u00e9nieur de SupAgro, au sein de la sp\u00e9cialit\u00e9 Territoires et Ressources Politiques Publiques et Acteurs (TERPPA).<\/p>\n<p>C&rsquo;est \u00e0 ce moment-l\u00e0 que j&rsquo;ai d\u00e9couvert ces notions. J&rsquo;ai pris conscience de l&rsquo;int\u00e9r\u00eat de construire un certain nombre de protocoles et un format projet pour avoir la capacit\u00e9 d&rsquo;organiser une concertation.<\/p>\n<p><span style=\"color: #008080\">Pour pr\u00e9parer le terrain au changement, en fait.<\/span><\/p>\n<p>Tout \u00e0 fait. J&rsquo;ai progress\u00e9 \u00e0 ce moment-l\u00e0. Le d\u00e9veloppement territorial en revanche, c&rsquo;est plus dans mes cordes dans la mesure o\u00f9 je poss\u00e8de cette sensibilit\u00e9 personnelle, qui a \u00e9t\u00e9 renforc\u00e9e par ce temps de retour \u00e0 l&rsquo;\u00e9cole.<\/p>\n<p><span style=\"color: #008080\">C\u2019est super que vous vous soyez form\u00e9 en tant qu\u2019adulte. \u00c7a a d\u00fb vous ouvrir un nouveau prisme.<\/span><\/p>\n<p>Oui, ce fut vraiment int\u00e9ressant. C&rsquo;est \u00e0 ce moment-l\u00e0 que je me suis pench\u00e9 sur la formation pour adultes et j\u2019ai fait mon retour \u00e0 l&rsquo;\u00e9cole. C&rsquo;est une exp\u00e9rience que j&rsquo;ai reproduite par la suite puisque je suis retourn\u00e9 sur les bancs de l&rsquo;\u00e9cole \u00e0 SupAgro pour suivre des modules de la sp\u00e9cialit\u00e9 viticulture-\u0153nologie, il y a 2 ou 3 ans. \u00a0J\u2019ai donc suivi un module qui a \u00e9t\u00e9 validant et l&rsquo;autre non.<\/p>\n<p>\u00a0<\/p>\n<h4><a name=\"_Toc19545328\"><\/a>Fr\u00e9d\u00e9ric, de quel projet ou quelle l&rsquo;action vous sentez-vous le plus fier, aujourd\u2019hui ?<\/h4>\n<audio class=\"wp-audio-shortcode\" id=\"audio-6016-11\" preload=\"none\" style=\"width: 100%;\" controls=\"controls\"><source type=\"audio\/mpeg\" src=\"https:\/\/www.fredonoccitanie.com\/captages\/wp-content\/uploads\/sites\/3\/2019\/09\/190625_Inter_FL_Question_9.mp3?_=11\" \/><a href=\"https:\/\/www.fredonoccitanie.com\/captages\/wp-content\/uploads\/sites\/3\/2019\/09\/190625_Inter_FL_Question_9.mp3\">https:\/\/www.fredonoccitanie.com\/captages\/wp-content\/uploads\/sites\/3\/2019\/09\/190625_Inter_FL_Question_9.mp3<\/a><\/audio>\n<p>\u00a0<\/p>\n<p>Ce n&rsquo;est pas facile, parce qu&rsquo;il y en a eu beaucoup !<\/p>\n<p>Aujourd&rsquo;hui nous accompagnons, \u00e0 l&rsquo;Agence de l&rsquo;eau, quasiment une cinquantaine de projets port\u00e9s par les organisations de producteurs. Une dizaine en cours d&rsquo;\u00e9mergence, imm\u00e9diatement. Il y a aussi tous les projets port\u00e9s par les collectivit\u00e9s sur les captages [prioritaires] puis les projets port\u00e9s par les chambres d&rsquo;agriculture. En fait, une partie de mon travail consiste \u00e0 animer les partenariats avec les chambres d\u2019agriculture avec lesquelles il y a des contrats, dans chaque d\u00e9partement.<\/p>\n<p>[Pour commencer] je vais citer un projet qui me tient \u00e0 c\u0153ur. Mais lequel vais-je citer en premier ? Bon, disons que je vais en citer trois.<\/p>\n<p>En 2019 et 2018, on a initi\u00e9 quelque chose d&rsquo;int\u00e9ressant vis-\u00e0-vis des plantations de haies sur les [aires d\u2019alimentation de] captages prioritaires et par les agriculteurs.<\/p>\n<p><span style=\"color: #008080\">Pourriez-vous juste nous rappeler le but de planter des haies\u00a0?<\/span><\/p>\n<p>Planter des haies, ce n&rsquo;est pas tout \u00e0 fait naturel. Et ce n&rsquo;est pas la tradition en Languedoc Roussillon. Pourtant, les haies font partie du paysage : il existe une sorte de maille &#8211; sans parler toutefois de maille bocag\u00e8re &#8211; qui structure le paysage traditionnel languedocien avec des murets, des terrasses, des banc\u00e8ls et parfois des haies ou des bosquets. Tout cela a du sens.<\/p>\n<h5><span style=\"color: #333399\">Les haies sont \u00e0 la crois\u00e9e entre plusieurs enjeux et objectifs. Ils contribuent par exemple, \u00e0 lutter contre les transferts de pollution par les ruissellements, limitant le transfert des pesticides en retenant les flux d&rsquo;eau le plus possible en amont du bassin versant. Il s\u2019agit donc de limiter les forces \u00e9rosives du ruissellement.<\/span><\/h5>\n<p>Un autre exemple d\u2019enjeu [auquel les haies contribuent] c\u2019est la biodiversit\u00e9. Les haies sont des corridors \u00e9cologiques qui ont une fonction d\u2019\u00e9cotone entre les bosquets.<\/p>\n<p>Il y a aussi une relation au changement climatique \u00e0 travers les [fonctions d\u2019] ombri\u00e8res, qui limitent l\u2019\u00e9vapotranspiration et ont un effet brise vent.<\/p>\n<p>Puis, les haies produisent du bois et des fruits, ce qui est tr\u00e8s historique et traditionnel dans le syst\u00e8me agricole local.<\/p>\n<p>C&rsquo;est un aspect sur lequel on a bien progress\u00e9 en 2018 et surtout 2019. L\u2019Agence de l&rsquo;eau va financer quasiment une dizaine de kilom\u00e8tres cette ann\u00e9e, d\u2019abord dans l&rsquo;Aude puis dans l\u2019H\u00e9rault. J&rsquo;esp\u00e8re bien que c&rsquo;est quelque chose qui se d\u00e9veloppera dans les Pyr\u00e9n\u00e9es-Orientales et dans le Gard plus tard. Je sais qu\u2019il y a des agriculteurs qui sont int\u00e9ress\u00e9s.<\/p>\n<p>C\u2019est un projet dont je suis assez fier, m\u00eame si je n&rsquo;ai pas fait grand-chose pour \u00e7a ! Mais nous pouvons collectivement \u00eatre assez fiers d&rsquo;avoir r\u00e9ussi \u00e0 mettre un pied dans ce sujet et j&rsquo;esp\u00e8re que \u00e7a va se d\u00e9velopper.<\/p>\n<p><span style=\"color: #008080\">Puis ce sont des moments int\u00e9ressants, les inaugurations de plantation de haie. J\u2019ai l\u2019impression que sont des moments conviviaux et enrichissants pour les acteurs locaux.<\/span><\/p>\n<p>Oui. D\u00e8s que l&rsquo;on met en lumi\u00e8re des initiatives locales c&rsquo;est int\u00e9ressant, puisque l\u2019on d\u00e9couvre la r\u00e9flexion individuelle et les strat\u00e9gies collectives d\u00e9velopp\u00e9es. Puis \u00e7a nous renvoie nous \u00e0 notre capacit\u00e9 \u00e0 communiquer. Souvent, nous ne sommes pas tr\u00e8s forts sur la communication.<\/p>\n<p>Le 2<sup>\u00e8me<\/sup> projet que je citerais ce sont les zones humides. En Languedoc-Roussillon il y a beaucoup de zones humides qui sont plus ou moins entretenues par le p\u00e2turage. Prendre un peu de recul [et s\u2019attacher \u00e0] la gestion des zones humides par le p\u00e2turage, c\u2019est mieux valoriser et g\u00e9rer ces espaces.<\/p>\n<p>On l\u2019a fait r\u00e9cemment sur les Prades dans les Pyr\u00e9n\u00e9es-Orientales. C\u2019est tr\u00e8s satisfaisant de r\u00e9ussir \u00e0 [travailler sur cette th\u00e9matique] puisqu\u2019on est sur du gagnant-gagnant, tr\u00e8s facile de mettre en place. Encore faut-il le faire\u00a0!<\/p>\n<p>Le 3<sup>\u00e8me<\/sup> projet est bien s\u00fbr en relation avec la vigne, puisque c&rsquo;est l&rsquo;essentiel de mon activit\u00e9 \u00e0 l&rsquo;Agence de l&rsquo;eau. Je pourrais citer un des projets port\u00e9s par les organisations de producteurs.<\/p>\n<p>En fait, je ne vais pas identifier de projet. J\u2019aimerais juste mettre en \u00e9vidence le fait que<\/p>\n<h5><span style=\"color: #333399\">des organisations de producteurs d&rsquo;envergure r\u00e9gionale sont vraiment engag\u00e9es et actrices de la pr\u00e9servation de l&rsquo;environnement et de la ressource en eau. C&rsquo;est le cas, par exemple, de l\u2019AOC Languedoc ou du groupement Val d&rsquo;Orbieu.<\/span><\/h5>\n<p><span style=\"color: #008080\">Est-ce autant le fruit du travail des partenaires de la politique r\u00e9gionale, que de la tendance nationale du march\u00e9 ?<\/span><\/p>\n<p>Oui, c&rsquo;est un peu des deux. C&rsquo;est \u00e0 la fois la sensibilit\u00e9 des personnes qui d\u00e9cident et le fait d&rsquo;une demande et d\u2019une orientation du march\u00e9 qui est de plus en plus forte. \u00a0Aussi, l&rsquo;Agence de l&rsquo;eau intervient comme facilitatrice en apportant du savoir-faire, de la m\u00e9thode, des financements. Notre r\u00f4le est celui-l\u00e0 : faciliter l&rsquo;\u00e9mergence et la conduite des projets.<\/p>\n<p><span style=\"color: #008080\">Vous pouvez \u00eatre fier de ces actions !<\/span><\/p>\n<p>Merci.<\/p>\n<p>\u00a0<\/p>\n<h4><a name=\"_Toc19545329\"><\/a>En parlant d\u2019agriculture : changer ses pratiques agricoles ou sa strat\u00e9gie de fili\u00e8re -pour une organisation de producteurs- ce n&rsquo;est pas une mince affaire, surtout lorsque ceci affecte profond\u00e9ment son outil de production et son revenu. D&rsquo;apr\u00e8s vous, comment s&rsquo;y prendre sans prendre trop de risques ?<\/h4>\n<audio class=\"wp-audio-shortcode\" id=\"audio-6016-12\" preload=\"none\" style=\"width: 100%;\" controls=\"controls\"><source type=\"audio\/mpeg\" src=\"https:\/\/www.fredonoccitanie.com\/captages\/wp-content\/uploads\/sites\/3\/2019\/09\/190625_Inter_FL_Question_10.mp3?_=12\" \/><a href=\"https:\/\/www.fredonoccitanie.com\/captages\/wp-content\/uploads\/sites\/3\/2019\/09\/190625_Inter_FL_Question_10.mp3\">https:\/\/www.fredonoccitanie.com\/captages\/wp-content\/uploads\/sites\/3\/2019\/09\/190625_Inter_FL_Question_10.mp3<\/a><\/audio>\n<p>\u00a0<\/p>\n<p>Il y a une chose qui est \u00e9vidente, c&rsquo;est un constat que l\u2019on ne peut que partager : \u00a0l\u2019importance de la progressivit\u00e9.<\/p>\n<h5><span style=\"color: #333399\">On ne peut pas demander \u00e0 une entreprise agricole de changer du tout au tout, brutalement. Il faut respecter la progressivit\u00e9. La premi\u00e8re \u00e9tape consiste \u00e0 engager une <em>exp\u00e9rimentation<\/em>, pour donner la latitude \u00e0 chacun de progresser, de d\u00e9couvrir ou de tester sur son exploitation, \u00e0 l&rsquo;\u00e9chelle qui lui convient.<\/span><\/h5>\n<p>C&rsquo;est un peu ce que l&rsquo;on a fait avec les mesures agro-environnementales et climatiques (MAEC) o\u00f9 l\u2019on a beaucoup insist\u00e9 sur une MAE qui vise \u00e0 ne plus d\u00e9sherber chimiquement l&rsquo;inter-rang. On a demand\u00e9 aux agriculteurs qui pr\u00e9tendaient souscrire \u00e0 cette MAE qu\u2019ils d\u00e9veloppent \u00e9galement, sur une fraction de leur parcellaire, une MAE qui vise \u00e0 ne plus utiliser du tout d&rsquo;herbicides.<\/p>\n<p><span style=\"color: #008080\">Faire du z\u00e9ro-herbicide, donc.<\/span><\/p>\n<p>Oui. C&rsquo;\u00e9tait tr\u00e8s ambitieux comme affichage. Les agriculteurs ont jou\u00e9 le jeu progressivement, [pour aboutir \u00e0] un vrai succ\u00e8s que l&rsquo;on constate maintenant \u00e0 l\u2019issue de la derni\u00e8re ann\u00e9e de contractualisation des MAEC, en 2019.<\/p>\n<p>C\u2019est tr\u00e8s int\u00e9ressant d&rsquo;avoir proc\u00e9d\u00e9 de cette mani\u00e8re. Cela a conduit les agriculteurs \u00e0 tester et exp\u00e9rimenter sur leurs exploitations, puis tirer des conclusions par eux-m\u00eames pour \u00e9voluer dans leur projet. Aujourd&rsquo;hui, on se rend compte qu&rsquo;il y a une vraie \u00e9volution vers le moindre emploi, voire le z\u00e9ro-herbicide.<\/p>\n<p><span style=\"color: #008080\">Commencer petit, pour v\u00e9rifier la faisabilit\u00e9 de cette pratique.<\/span><\/p>\n<p>Tout \u00e0 fait, se convaincre soi-m\u00eame et regarder ce que fait le voisin. En fait, il faut que l\u2019on s&rsquo;attache \u00e0 ce qu&rsquo;il y ait de <em>l&rsquo;animation individuelle et collective<\/em>, c&rsquo;est le seul pr\u00e9alable \u00e0 respecter. A partir de l\u00e0, on sait que les agriculteurs \u00e9voluent dans l\u2019ambition de leurs pratiques.<\/p>\n<p><span style=\"color: #008080\">Progressivit\u00e9 donc &#8211; se donner le temps &#8211; et accompagnement, un pr\u00e9alable.<\/span><\/p>\n<p>\u00a0<\/p>\n<h4><a name=\"_Toc19545330\"><\/a>Et puisqu\u2019on parle de temps, d&rsquo;apr\u00e8s vous combien de temps cela peut prendre de changer ses pratiques agro-environnementales et d\u2019avoir, en quelque sorte, un effet r\u00e9el sur l\u2019environnement ? \u00a0<\/h4>\n<audio class=\"wp-audio-shortcode\" id=\"audio-6016-13\" preload=\"none\" style=\"width: 100%;\" controls=\"controls\"><source type=\"audio\/mpeg\" src=\"https:\/\/www.fredonoccitanie.com\/captages\/wp-content\/uploads\/sites\/3\/2019\/09\/190625_Inter_FL_Question_11.mp3?_=13\" \/><a href=\"https:\/\/www.fredonoccitanie.com\/captages\/wp-content\/uploads\/sites\/3\/2019\/09\/190625_Inter_FL_Question_11.mp3\">https:\/\/www.fredonoccitanie.com\/captages\/wp-content\/uploads\/sites\/3\/2019\/09\/190625_Inter_FL_Question_11.mp3<\/a><\/audio>\n<p>\u00a0<\/p>\n<p>Il y a deux choses dans cette question. Pour changer de pratiques, \u00e7a d\u00e9pend des al\u00e9as. Il peut y avoir beaucoup d&rsquo;al\u00e9as qui nuisent au bon d\u00e9roulement du projet. Les al\u00e9as climatiques, par exemple, comme le mildiou de l&rsquo;an dernier ou le black-rot que l\u2019on peut rencontrer dans le Gard et dans l&rsquo;H\u00e9rault. \u00c7a d\u00e9pend aussi de l\u2019animation, bien s\u00fbr. Il y a plein d\u2019al\u00e9as humains, \u00e9conomiques&#8230;<\/p>\n<h5><span style=\"color: #333399\">Je dirais que 5 ann\u00e9es d&rsquo;animation et d\u2019accompagnement technique des agriculteurs, individuel et collectif, marquent vraiment le syst\u00e8me d&rsquo;exploitation. Les pratiques auront largement \u00e9volu\u00e9 en 5 ann\u00e9es.<\/span><\/h5>\n<p>Au sujet de la 2<sup>\u00e8me<\/sup> question (effet r\u00e9el sur l\u2019environnement), il est moins facile de r\u00e9pondre.<\/p>\n<p>L\u2019efficacit\u00e9 sur les captages [in fine reconqu\u00e9rir la qualit\u00e9 de la ressource en eau puis\u00e9e au captage, NDLR] renvoie \u00e0 la repr\u00e9sentativit\u00e9 du projet agricole local que l&rsquo;on accompagne mais aussi au fonctionnement hydrog\u00e9ologique de la ressource. C\u2019est donc tr\u00e8s variable.<\/p>\n<p>Sur des ressources peu profondes, comme on en a g\u00e9n\u00e9ralement en Languedoc-Roussillon &#8211; on peut avoir une bonne r\u00e9activit\u00e9 et des r\u00e9sultats assez rapides. Tout d\u00e9pend donc du contexte agricole et hydrog\u00e9ologique.<\/p>\n<p>D&rsquo;o\u00f9 l&rsquo;importance d&rsquo;avoir un diagnostic initial pour savoir o\u00f9 est-ce que l\u2019on met les pieds et du coup d\u00e9finir un projet en coh\u00e9rence. Et c\u2019est bien ce que l\u2019on fait\u00a0: c&rsquo;est la base de la m\u00e9thode Zone Soumise \u00e0 Contrainte Environnementale (ZSCE).<\/p>\n<p>\u00a0<\/p>\n<h4><a name=\"_Toc19545331\"><\/a>Je me permets une question un peu plus controvers\u00e9e, Fr\u00e9d\u00e9ric. Le principe pollueur-payeur est appliqu\u00e9 pour les pollutions chimiques de l&rsquo;eau, notamment les pesticides. Je me r\u00e9f\u00e8re notamment aux taxes et redevances per\u00e7ues par les Agences de l&rsquo;eau. Certains d\u00e9fendent l&rsquo;id\u00e9e d\u2019aller plus loin et de renforcer la sanction p\u00e9cuniaire sur le monde agricole. Qu&rsquo;en pensez-vous ?<\/h4>\n<audio class=\"wp-audio-shortcode\" id=\"audio-6016-14\" preload=\"none\" style=\"width: 100%;\" controls=\"controls\"><source type=\"audio\/mpeg\" src=\"https:\/\/www.fredonoccitanie.com\/captages\/wp-content\/uploads\/sites\/3\/2019\/09\/190625_Inter_FL_Question_12.mp3?_=14\" \/><a href=\"https:\/\/www.fredonoccitanie.com\/captages\/wp-content\/uploads\/sites\/3\/2019\/09\/190625_Inter_FL_Question_12.mp3\">https:\/\/www.fredonoccitanie.com\/captages\/wp-content\/uploads\/sites\/3\/2019\/09\/190625_Inter_FL_Question_12.mp3<\/a><\/audio>\n<p>\u00a0<\/p>\n<p>Je vais donc m&rsquo;exprimer \u00e0 titre personnel. Globalement sur cette interview, il convient de dire que je m&rsquo;exprime plut\u00f4t \u00e0 titre personnel.<\/p>\n<p>En fait, la taxe \u00e0 laquelle fait allusion cette question c&rsquo;est la redevance pollution diffuse (RPD) qui est per\u00e7ue aupr\u00e8s des distributeurs de produits phytosanitaires et pay\u00e9e, en fin de compte, par les agriculteurs.<\/p>\n<p>Je pense que [la sanction p\u00e9cuniaire] est un aspect du sujet.<\/p>\n<h5><span style=\"color: #333399\">Pour faire \u00e9voluer les agriculteurs, il y a plusieurs \u00e9l\u00e9ments de r\u00e9ponse qui sont compl\u00e9mentaires\u00a0: c&rsquo;est effectivement, pourquoi pas, la redevance pour pollution diffuse. Mais c&rsquo;est surtout la capacit\u00e9 \u00e0 accompagner les projets de l\u2019agriculteur et sa relation \u00e0 la r\u00e9alit\u00e9 de march\u00e9 qui porte [des changements de pratiques].<\/span><\/h5>\n<p><span style=\"color: #000000\"> A mon avis, plus que la redevance pollution diffuse.<\/span><\/p>\n<p>La r\u00e9glementation aussi, bien \u00e9videmment\u00a0: interdire telle ou telle substance active a un impact sur le fait de retrouver de moins en moins de mati\u00e8res actives dans l\u2019eau mais \u00e0 des concentrations de plus en plus \u00e9lev\u00e9es.<\/p>\n<p>En somme, non. Je ne pense pas que renforcer la sanction p\u00e9cuniaire porte beaucoup d&rsquo;int\u00e9r\u00eat. Ce n&rsquo;est pas un \u00e9l\u00e9ment de solution, \u00e0 mon avis.<\/p>\n<p><span style=\"color: #008080\">Si ce n&rsquo;est, comment dire, de d\u00e9gager des fonds de financement pour des politiques publiques.<\/span><\/p>\n<p>Oui. \u00c7a renvoie au d\u00e9bat sur la pr\u00e9gnance de la repr\u00e9sentativit\u00e9 des redevances pay\u00e9es par les agriculteurs au sein du budget des Agences de l&rsquo;eau. C\u2019est un sujet qui me d\u00e9passe et nous \u00e9chappe.<\/p>\n<p>En somme non, je ne pense pas que ce soit une r\u00e9ponse \u00e0 privil\u00e9gier aujourd&rsquo;hui. L\u2019on a plus int\u00e9r\u00eat, au niveau des politiques publiques, \u00e0 soutenir une politique autour de la qualit\u00e9 de l&rsquo;alimentation et la relation aux grandes et moyennes surfaces (GMS).<\/p>\n<p>Note de la r\u00e9dactrice : <strong>Au 11\u00e8me programme (2019-2022), les collectivit\u00e9s et les usagers domestiques contribuent pour 86% au budget de l\u2019Agence de l&rsquo;eau, les agriculteurs \u00e0 hauteur de 4%.<\/strong><\/p>\n<h4><a name=\"_Toc19545332\"><\/a>Avec le recul et l&rsquo;exp\u00e9rience, quels ont \u00e9t\u00e9 les points forts de la politique \u00ab qualit\u00e9 de l&rsquo;eau \u00bb au niveau national ou r\u00e9gional ? Disons, quels outils de politique publique et quelles actions locales ont eu, d&rsquo;apr\u00e8s vous, le plus d&rsquo;effet sur l\u2019abandon des pesticides ?<\/h4>\n<audio class=\"wp-audio-shortcode\" id=\"audio-6016-15\" preload=\"none\" style=\"width: 100%;\" controls=\"controls\"><source type=\"audio\/mpeg\" src=\"https:\/\/www.fredonoccitanie.com\/captages\/wp-content\/uploads\/sites\/3\/2019\/09\/190625_Inter_FL_Question_13.mp3?_=15\" \/><a href=\"https:\/\/www.fredonoccitanie.com\/captages\/wp-content\/uploads\/sites\/3\/2019\/09\/190625_Inter_FL_Question_13.mp3\">https:\/\/www.fredonoccitanie.com\/captages\/wp-content\/uploads\/sites\/3\/2019\/09\/190625_Inter_FL_Question_13.mp3<\/a><\/audio>\n<p>\u00a0<\/p>\n<p>Ce que l\u2019on peut valoriser, pour commencer, c\u2019est tout ce qui a trait aux usages non agricoles.<\/p>\n<p>On a d\u00e9velopp\u00e9 une m\u00e9thode \u00e0 l\u2019\u00e9chelle r\u00e9gionale, les fameux \u00ab\u00a0plan d\u2019am\u00e9lioration des pratiques phytosanitaires et horticoles\u00a0\u00bb (PAPPH). Ce faisant, nous avons accompagn\u00e9 de plus en plus de collectivit\u00e9s dans leur prise du recul sur l\u2019usage des produits phytopharmaceutiques. Et nous nous sommes attach\u00e9s \u00e0 strat\u00e9giser l\u2019abandon de l\u2019usage des produits phytopharmaceutiques par les collectivit\u00e9s. A mon avis, cette action a port\u00e9 [ses fruits]. On aurait pu esp\u00e9rer que \u00e7a porte davantage, notamment vis-\u00e0-vis des particuliers. Mais la formation et la sensibilisation des particuliers c\u2019est toujours compliqu\u00e9. Maintenant, c\u2019est devenu r\u00e8glementaire.<\/p>\n<p>Effectivement, la d\u00e9marche pro-active et volontariste a port\u00e9 ses fruits et un savoir-faire. Elle a permis aux collectivit\u00e9s de ne pas subir pleinement l\u2019interdiction de l\u2019usage de produits phytopharmaceutiques. Idem pour les particuliers.<\/p>\n<h5><span style=\"color: #333399\">Vis-\u00e0-vis de l\u2019usage agricole, ce qui a bien fonctionn\u00e9 au niveau r\u00e9gional c\u2019est l\u2019organisation d\u2019un <em>r\u00e9seau d\u2019acteurs de l\u2019eau<\/em> qui s\u2019est attach\u00e9 \u00e0 concerter et \u00e0 faire \u00e9merger des projets. Ceci a permis de d\u00e9passer les <em>a priori<\/em>, d\u2019investir les r\u00e9seaux d\u2019acteurs et de mieux se connaitre entre acteurs de l\u2019eau et acteurs de l&rsquo;agriculture, globalement. Et d\u2019\u00e9tablir par ce biais des relations constructives porteuses de projets.<\/span><\/h5>\n<p>Un axe de la politique d\u2019intervention de l\u2019Agence de l\u2019eau a consist\u00e9 \u00e0 d\u00e9velopper des postes et des comp\u00e9tences agricoles au sein des structures de bassin versant et des collectivit\u00e9s gestionnaires de captages prioritaires.<\/p>\n<p><span style=\"color: #008080\">Le travailler ensemble, en fait.<\/span><\/p>\n<p>Ce n\u2019est pas quelque chose qui s&rsquo;improvise\u00a0!<\/p>\n<p>\u00a0<\/p>\n<h4><a name=\"_Toc19545333\"><\/a>Malgr\u00e9 une prise de conscience g\u00e9n\u00e9ralis\u00e9e de la population et une transition agro\u00e9cologique franchement engag\u00e9e, avec une croissance jamais vue de l\u2019agriculture biologique, les chiffres montrent que l\u2019usage de pesticides s\u2019est accru ces derni\u00e8res ann\u00e9es et, par voie de cons\u00e9quence, l\u2019on continue de fermer des captages d\u2019eau qui sont pollu\u00e9s. Le travail est donc loin d\u2019\u00eatre fini\u2026. Avez-vous un conseil \u00e0 donner \u00e0 ceux qui continueront d\u2019\u0153uvrer pour la reconqu\u00eate de la qualit\u00e9 des ressources en eau ?<\/h4>\n<audio class=\"wp-audio-shortcode\" id=\"audio-6016-16\" preload=\"none\" style=\"width: 100%;\" controls=\"controls\"><source type=\"audio\/mpeg\" src=\"https:\/\/www.fredonoccitanie.com\/captages\/wp-content\/uploads\/sites\/3\/2019\/09\/190625_Inter_FL_Question_14.mp3?_=16\" \/><a href=\"https:\/\/www.fredonoccitanie.com\/captages\/wp-content\/uploads\/sites\/3\/2019\/09\/190625_Inter_FL_Question_14.mp3\">https:\/\/www.fredonoccitanie.com\/captages\/wp-content\/uploads\/sites\/3\/2019\/09\/190625_Inter_FL_Question_14.mp3<\/a><\/audio>\n<p>\u00a0<\/p>\n<p><span style=\"color: #008080\">Les chiffres sont bien s\u00fbr \u00e0 prendre avec pr\u00e9caution.<\/span><\/p>\n<p>De fait, les chiffres avanc\u00e9s indiquent que l\u2019usage de produits phytopharmaceutiques est accru. Il s\u2019agit de volumes. Souvent, quand on parle d\u2019usage de phytopharmaceutiques, on s\u2019exprime en volume vendu, des tonnes de substance active. Alors que l\u2019on sait pertinemment qu\u2019un agriculteur biologique utilise plus de produits phytopharmaceutiques, en tonnes, que lorsqu\u2019il \u00e9tait conventionnel.<\/p>\n<p><span style=\"color: #008080\">Vous vous referrez au cuivre, en fait\u00a0?<\/span><\/p>\n<p>Tout \u00e0 fait, mais pas seulement. A mon avis, il faut prendre ces chiffres avec prudence et les relativiser.<\/p>\n<p>En termes de conseil, je peux redire l&rsquo;int\u00e9r\u00eat de maintenir [active] cette relation avec le monde agricole. C\u2019est l\u2019importance de s\u2019\u00e9couter et de travailler ensemble.<\/p>\n<p>L\u2019agriculture est face \u00e0 des enjeux [de taille]. Dans l\u2019imm\u00e9diat, l\u2019enjeu de <em>renouvellement de la population agricole<\/em>, notamment. 30% des agriculteurs partent \u00e0 la retraite d\u2019ici 18 \u00e0 24 mois. C\u2019est imm\u00e9diat, la question se pose maintenant\u00a0!<\/p>\n<p>Puis il y a la relation [des agriculteurs] aux citoyens et \u00e0 la soci\u00e9t\u00e9, cette question de l\u2019image de l\u2019agriculture. Il y a quelque chose \u00e0 construire en termes de communication. Une vraie strat\u00e9gie \u00e0 d\u00e9velopper. La place de l\u2019environnement est li\u00e9e \u00e0 ce 2<sup>\u00e8me<\/sup> sujet, [la relation de l\u2019agriculture \u00e0 la soci\u00e9t\u00e9], c\u2019est une demande soci\u00e9tale.<\/p>\n<p>Ce sont deux enjeux imm\u00e9diats que l\u2019agriculture doit relever.<\/p>\n<p>Le contexte peut \u00eatre favorable, mais le d\u00e9part des agriculteurs \u00e0 la retraite c\u2019est un sujet \u00e0 part enti\u00e8re. Surtout en Languedoc Roussillon o\u00f9 existent des outils coop\u00e9ratifs qui doivent maintenir une surface d\u2019amortissement minimal. \u00a0Des questions de fond se posent \u00e0 tr\u00e8s court terme.<\/p>\n<p>En somme,<\/p>\n<h5><span style=\"color: #333399\">si j\u2019ai un conseil \u00e0 donner aux acteurs de l\u2019eau ce serait de s\u2019appuyer sur ce contexte mouvant qui est celui des acteurs agricoles, pour organiser au mieux des postures gagnant-gagnant, des postures projet qui permettent vraiment aux structures agricoles de s\u2019engager sur la protection de la ressource en eau mais \u00e9galement de satisfaire les besoins propres de cette phase d\u2019amortissement et de renouvellement des populations.<\/span><\/h5>\n<p>Sans parler du changement climatique !<\/p>\n<p><span style=\"color: #008080\">A ne jamais oublier, ce changement climatique\u00a0!<\/span><\/p>\n<p>Et on ne peut pas y r\u00e9pondre que par le d\u00e9veloppement de l\u2019irrigation ! Il faut une approche un peu plus compl\u00e8te.<\/p>\n<p>\u00a0<\/p>\n<h4><a name=\"_Toc19545334\"><\/a>Est-ce que travailler sur cette th\u00e9matique \u00ab agriculture et eau \u00bb fut gratifiant pour vous ?<\/h4>\n<audio class=\"wp-audio-shortcode\" id=\"audio-6016-17\" preload=\"none\" style=\"width: 100%;\" controls=\"controls\"><source type=\"audio\/mpeg\" src=\"https:\/\/www.fredonoccitanie.com\/captages\/wp-content\/uploads\/sites\/3\/2019\/09\/190625_Inter_FL_Question_15.mp3?_=17\" \/><a href=\"https:\/\/www.fredonoccitanie.com\/captages\/wp-content\/uploads\/sites\/3\/2019\/09\/190625_Inter_FL_Question_15.mp3\">https:\/\/www.fredonoccitanie.com\/captages\/wp-content\/uploads\/sites\/3\/2019\/09\/190625_Inter_FL_Question_15.mp3<\/a><\/audio>\n<p>\u00a0<\/p>\n<p>Oui. J\u2019ai une formation agricole et j\u2019ai obtenu tous les dipl\u00f4mes agricoles\u00a0: BTA, BTS et un dipl\u00f4me d\u2019ing\u00e9nieur. Ma motivation a toujours \u00e9t\u00e9 de travailler sur l\u2019interface agriculture-environnement. \u00a0Travailler sur la th\u00e9matique de pr\u00e9servation des ressources en eau et des milieux aquatiques fut vraiment int\u00e9ressant. En fait, je me suis toujours vu comme un acteur agricole, avant d\u2019\u00eatre un acteur de l\u2019environnement \u00e0 l\u2019Agence de l\u2019eau. Oui, je me suis toujours attach\u00e9 \u00e0 \u00e7a et je pense que j\u2019ai eu raison.<\/p>\n<p>Rester en lien avec les dynamiques agricoles permet de ne pas perdre le fil et de rester connect\u00e9 aux r\u00e9alit\u00e9s qui sont celles de l\u2019Agence de l\u2019eau, en fin de compte, relatives aux produits phytosanitaires, aux nitrates et \u00e0 l\u2019irrigation.<\/p>\n<p>Oui, ce fut tr\u00e8s valorisant de travailler avec les personnes qui interviennent sur les projets captages et avec les agriculteurs.<\/p>\n<p>\u00a0<\/p>\n<h4><a name=\"_Toc19545335\"><\/a>Qu\u2019est ce qui est rest\u00e9 dans les tiroirs de \u00ab Fr\u00e9d\u00e9ric Launay, le charg\u00e9 de mission \u00bb ? Qu\u2019auriez-vous souhait\u00e9 faire de plus ? Avec, peut-\u00eatre, un peu plus de temps ?\u00a0\u00a0<\/h4>\n<audio class=\"wp-audio-shortcode\" id=\"audio-6016-18\" preload=\"none\" style=\"width: 100%;\" controls=\"controls\"><source type=\"audio\/mpeg\" src=\"https:\/\/www.fredonoccitanie.com\/captages\/wp-content\/uploads\/sites\/3\/2019\/09\/190625_Inter_FL_Question_16.mp3?_=18\" \/><a href=\"https:\/\/www.fredonoccitanie.com\/captages\/wp-content\/uploads\/sites\/3\/2019\/09\/190625_Inter_FL_Question_16.mp3\">https:\/\/www.fredonoccitanie.com\/captages\/wp-content\/uploads\/sites\/3\/2019\/09\/190625_Inter_FL_Question_16.mp3<\/a><\/audio>\n<p>\u00a0<\/p>\n<p>On peut toujours faire plus!<\/p>\n<p>Avoir fini sur cette note sympa autour de la plantation de haies fut relativement satisfaisant.<\/p>\n<p>Un sujet sur lequel j\u2019ai des regrets, c\u2019est de travailler sur les transferts de pollution. Jusqu\u2019\u00e0 pr\u00e9sent, on a travaill\u00e9 sur la limitation de la pression polluante avec beaucoup de r\u00e9sultats assez g\u00e9n\u00e9ralis\u00e9s sur la r\u00e9gion. Mais nous n\u2019avons pas beaucoup travaill\u00e9 sur les transferts superficiels par ruissellement, alors que c\u2019est assez facile \u00e0 faire.<\/p>\n<p><span style=\"color: #008080\">Hormis les haies, quelle autre solution pour limiter les transferts de pollution ?<\/span><\/p>\n<h5><span style=\"color: #333399\">Pour limiter les transferts de pollution [on peut] travailler sur la gestion des foss\u00e9s. <\/span><\/h5>\n<p><span style=\"color: #000000\">Tout d&rsquo;abord, s&rsquo;attacher \u00e0 ne pas les d\u00e9sherber, \u00e0 respecter les bourrelles qui les entourent et respecter l\u2019enherbement des zones tampons, le longs les foss\u00e9s.<\/span><\/p>\n<p><span style=\"color: #000000\">Ensuite, [travailler sur] le profil m\u00eame des foss\u00e9s : g\u00e9rer la mati\u00e8re organique qui se trouve au fond. C\u2019est un v\u00e9ritable enjeu car cette mati\u00e8re organique est un catalyseur de la d\u00e9gradation [qui accroit] la capacit\u00e9 \u00e9puratoire du milieu et diminue la pollution.<\/span><\/p>\n<p>Il y a des \u00e9tudes qui ont \u00e9t\u00e9 conduites sur ce sujet, avec beaucoup de d\u00e9monstrations. C\u2019est un sujet sur lequel on n\u2019a pas suffisamment travaill\u00e9 alors que c\u2019est a priori simple \u00e0 faire. C\u2019est m\u00e9canique.<\/p>\n<p>Et, surtout, il n\u2019y a pas d\u2019impact par emprise sur les syst\u00e8mes agricoles. C\u2019est juste de la gestion et beaucoup de concertation \u00e9galement. Les foss\u00e9s sont au c\u0153ur de sensibilit\u00e9s autour des inondations, de l\u2019\u00e9coulement rapide de l\u2019eau, de la protection de syst\u00e8mes agricoles.<\/p>\n<p><span style=\"color: #008080\">Les foss\u00e9s sont donc beaucoup plus importants que ce que l\u2019on le croit !<\/span><\/p>\n<p>Effectivement! Il y a un grand travail de concertation et de collaboration locale \u00e0 construire, mais ce n\u2019est pas si compliqu\u00e9 en fin de compte. \u00a0Globalement, c\u2019est la gestion de ce que l\u2019on pourrait appeler \u00ab un maillage \u00bb afin d\u2019am\u00e9nager le bassin versant agricole et d\u00e9velopper une multitude de petites solutions locales pour maintenir l\u2019eau le plus t\u00f4t possible en amont du bassin versant.<\/p>\n<p>[La gestion des foss\u00e9s] est li\u00e9e \u00e0 la [lutte contre la] pollution diffuse mais \u00e9galement le changement climatique, qui s\u2019exprime par des al\u00e9as climatiques brutaux.\u00a0 De fait,<\/p>\n<h5><span style=\"color: #333399\">travailler sur cette multitude de petites solutions \u00e0 mettre en place le plus en amont possible du bassin versant c\u2019est aussi prot\u00e9ger et pr\u00e9server les syst\u00e8mes agricoles locaux. En somme, c\u2019est <em>renforcer la r\u00e9silience des syst\u00e8mes agricoles.<\/em><\/span><\/h5>\n<p>Bien s\u00fbr, il faudrait mettre des mots et \u00eatre beaucoup plus concret. Mais je pense que l\u2019id\u00e9e g\u00e9n\u00e9rale se d\u00e9fend.<\/p>\n<p><span style=\"color: #008080\">Bien s\u00fbr, puis cette id\u00e9e permet de rejoindre les enjeux qualitatifs et quantitatifs de l\u2019eau.<\/span><\/p>\n<p>Tout \u00e0 fait, c\u2019est un vrai sujet ! Enfin, l&rsquo;int\u00e9gration de l\u2019agriculture dans son territoire a toujours \u00e9t\u00e9 un vrai sujet.<\/p>\n<p>\u00a0<\/p>\n<h4><a name=\"_Toc19545336\"><\/a>Sans indiscr\u00e9tion, Fr\u00e9d\u00e9ric, quels sont les projets pour la suite ? Aurez-vous l\u2019occasion de recycler vos acquis et apprentissages ?<\/h4>\n<audio class=\"wp-audio-shortcode\" id=\"audio-6016-19\" preload=\"none\" style=\"width: 100%;\" controls=\"controls\"><source type=\"audio\/mpeg\" src=\"https:\/\/www.fredonoccitanie.com\/captages\/wp-content\/uploads\/sites\/3\/2019\/09\/190625_Inter_FL_Question_17.mp3?_=19\" \/><a href=\"https:\/\/www.fredonoccitanie.com\/captages\/wp-content\/uploads\/sites\/3\/2019\/09\/190625_Inter_FL_Question_17.mp3\">https:\/\/www.fredonoccitanie.com\/captages\/wp-content\/uploads\/sites\/3\/2019\/09\/190625_Inter_FL_Question_17.mp3<\/a><\/audio>\n<p>\u00a0<\/p>\n<p>J\u2019int\u00e8gre le GAEC familial, je vais donc \u00eatre agriculteur prochainement. Je m\u2019installe sur la conversion de l\u2019exploitation \u00e0 l\u2019agriculture biologique.<\/p>\n<p>J\u2019y pense depuis longtemps, \u00e7a a toujours \u00e9t\u00e9 dans un coin de ma t\u00eate. Maintenant, c\u2019est le bon moment. Je touche du doigt toutes les questions qui se posent au moment de pr\u00e9parer une conversion \u00e0 l\u2019agriculture biologique. C\u2019est excitant !<\/p>\n<p>J\u2019esp\u00e8re bien \u00eatre en capacit\u00e9 de participer \u00e0 des projets de territoire. C\u2019est ce qui m\u2019int\u00e9resse en tant qu\u2019agriculteur\u00a0: m\u2019attacher \u00e0 la qualit\u00e9 de vie au sein du territoire, cr\u00e9er de l\u2019activit\u00e9 \u00e9conomique en coh\u00e9rence avec les enjeux environnementaux, valoriser les hommes et le lien entre les hommes et le territoire. Ce sont des aspects sur lesquels il me plait d\u2019intervenir maintenant.<\/p>\n<p><span style=\"color: #008080\">C\u2019est presque l\u2019aboutissement d\u2019une carri\u00e8re administrative\u2026<\/span><\/p>\n<p>Je ne sais pas si on peut dire \u00e7a, mais c\u2019est en tout cas une 2<sup>\u00e8me<\/sup> page. Il y a une coh\u00e9rence car c\u2019est compl\u00e9mentaire. En fait, je n\u2019ai jamais pens\u00e9 rester 20 ans \u00e0 l\u2019Agence de l\u2019eau. [Au d\u00e9but quand] je suis arriv\u00e9, j\u2019ai \u00e9t\u00e9 conseiller agricole pendant 3 ou 4 ans. Ce fut tr\u00e8s satisfaisant, j\u2019\u00e9tais content d\u2019entrer \u00e0 l\u2019Agence de l\u2019eau.\u00a0 Et puis, on a fait tellement de choses avec l\u2019\u00e9quipe&#8230; Mais je n\u2019ai jamais pens\u00e9 rester aussi longtemps dans une administration et je ne me suis jamais pens\u00e9 comme un fonctionnaire ou un homme de bureau. Je pense que c\u2019est le moment de tourner la page et d\u2019agir \u00e0 mon niveau.<\/p>\n<p>\u00a0<\/p>\n<h4><a name=\"_Toc19545337\"><\/a>Les caves coop\u00e9ratives sont structurelles pour le territoire. Est-ce que vous serez amen\u00e9 \u00e0 travailler en collectif l\u00e0 o\u00f9 vous partez vous installer ?\u00a0<\/h4>\n<audio class=\"wp-audio-shortcode\" id=\"audio-6016-20\" preload=\"none\" style=\"width: 100%;\" controls=\"controls\"><source type=\"audio\/mpeg\" src=\"https:\/\/www.fredonoccitanie.com\/captages\/wp-content\/uploads\/sites\/3\/2019\/09\/190625_Inter_FL_Question_18.mp3?_=20\" \/><a href=\"https:\/\/www.fredonoccitanie.com\/captages\/wp-content\/uploads\/sites\/3\/2019\/09\/190625_Inter_FL_Question_18.mp3\">https:\/\/www.fredonoccitanie.com\/captages\/wp-content\/uploads\/sites\/3\/2019\/09\/190625_Inter_FL_Question_18.mp3<\/a><\/audio>\n<p>\u00a0<\/p>\n<p>Oui. Il y a un r\u00e9seau de CUMA qui est assez dense et des organisations de producteurs aussi. Mais ce n\u2019est pas, du tout, les m\u00eames \u00e9chelles et fonctionnements qu\u2019en Languedoc Roussillon.<\/p>\n<p>\u00a0<\/p>\n<h4><a name=\"_Toc19545338\"><\/a>Enfin, sur un tout plus personnel, en dehors de l\u2019agriculture et de l\u2019eau qu\u2019est-ce qui vous passionne, Fr\u00e9d\u00e9ric ?<\/h4>\n<audio class=\"wp-audio-shortcode\" id=\"audio-6016-21\" preload=\"none\" style=\"width: 100%;\" controls=\"controls\"><source type=\"audio\/mpeg\" src=\"https:\/\/www.fredonoccitanie.com\/captages\/wp-content\/uploads\/sites\/3\/2019\/09\/190625_Inter_FL_Question_19.mp3?_=21\" \/><a href=\"https:\/\/www.fredonoccitanie.com\/captages\/wp-content\/uploads\/sites\/3\/2019\/09\/190625_Inter_FL_Question_19.mp3\">https:\/\/www.fredonoccitanie.com\/captages\/wp-content\/uploads\/sites\/3\/2019\/09\/190625_Inter_FL_Question_19.mp3<\/a><\/audio>\n<p>\u00a0<\/p>\n<p>Ma famille, mes enfants et le sport. J\u2019aime bien le sport nature, qui me permet \u00e0 la fois de faire du sport -car j\u2019en ai toujours besoin- mais aussi de passer du temps au plus profond de la nature. Et en Languedoc, pour \u00e7a, on est g\u00e2t\u00e9\u00a0!<\/p>\n<p><span style=\"color: #008080\">Ah \u00e7a oui, on a de beaux paysages\u00a0!<\/span><\/p>\n<p>\u00a0<\/p>\n<h4><a name=\"_Toc19545339\"><\/a>Avant de finir, avez-vous quelque chose \u00e0 ajouter ?<\/h4>\n<audio class=\"wp-audio-shortcode\" id=\"audio-6016-22\" preload=\"none\" style=\"width: 100%;\" controls=\"controls\"><source type=\"audio\/mpeg\" src=\"https:\/\/www.fredonoccitanie.com\/captages\/wp-content\/uploads\/sites\/3\/2019\/09\/190625_Inter_FL_Question_20.mp3?_=22\" \/><a href=\"https:\/\/www.fredonoccitanie.com\/captages\/wp-content\/uploads\/sites\/3\/2019\/09\/190625_Inter_FL_Question_20.mp3\">https:\/\/www.fredonoccitanie.com\/captages\/wp-content\/uploads\/sites\/3\/2019\/09\/190625_Inter_FL_Question_20.mp3<\/a><\/audio>\n<p>\u00a0<\/p>\n<p>J\u2019aimerais saluer les animateurs et les personnes qui interviennent sur les captages. J\u2019aurais pu aussi en parler, sur les projets dont je suis particuli\u00e8rement fier. Je suis intervenu en tant qu\u2019animateur du projet r\u00e9gional captages depuis son d\u00e9but. La premi\u00e8re \u00e9tape fut de monter des fiches de poste, r\u00e9fl\u00e9chir \u00e0 ce que l\u2019on pourrait faire faire \u00e0 des animateurs. Et puis, [il a fallu] convaincre les collectivit\u00e9s de recruter des ing\u00e9nieurs, ce n\u2019\u00e9tait pas facile !<\/p>\n<p>On a commenc\u00e9 avec deux animatrices, une \u00e0 Paulhan et une \u00e0 Murviel, Jenifer et Lucile, et Yannis qui \u00e9tait d\u00e9j\u00e0 l\u00e0. C\u2019\u00e9tait vraiment le tout d\u00e9but, on \u00e9tait 4 autour de la table. Aujourd\u2019hui, vous \u00eates combien ?<\/p>\n<p><span style=\"color: #008080\">On est 40.<\/span><\/p>\n<p>Bien voil\u00e0. Ce furent vraiment des moments sympathiques. On a tout fait ensemble. L\u2019Agence de l\u2019eau ne fait rien sans les acteurs locaux et, en m\u00eame temps, l\u2019Agence de l\u2019eau est l\u00e0 pour faciliter la r\u00e9alisation de projets, orienter les outils financiers \u00e0 disposition.<\/p>\n<p>Donc, si j\u2019ai quelque chose \u00e0 ajouter c\u2019est un salut amical \u00e0 tout le monde du r\u00e9seau d\u2019animateurs !<\/p>\n<p><span style=\"color: #008080\">C\u2019est une belle note pour finir.<\/span><\/p>\n<p><span style=\"color: #008080\">Fr\u00e9d\u00e9ric, merci beaucoup pour le temps que vous avez pris pour \u00e9changer avec le r\u00e9seau et partager votre savoir-faire et votre savoir-\u00eatre.<\/span><\/p>\n<p>C\u2019est un peu toujours le m\u00eame message en fin de compte [que j\u2019ai \u00e0 nouveau transmis ici, en en toute] raison et humilit\u00e9.<\/p>\n<p><span style=\"color: #008080\">Au nom du r\u00e9seau Captages d\u2019eauccitanie et de tous ses partenaires, nous vous souhaitons une excellente continuation !<\/span><\/p>\n<p>\u00a0<\/p>\n<p><em>Propos recueillis par Ira Helal de la FREDON Occitanie, en qualit\u00e9 d\u2019animatrice r\u00e9gionale <\/em>Captages d\u2019eauccitanie<\/p>\n<p>Cr\u00e9dit photo : FNE Languedoc-Roussillon<\/p>\n\n\n<p><\/p>\n","protected":false},"excerpt":{"rendered":"<p>Apr\u00e8s 20 ans de carri\u00e8re \u00e0 l\u2019Agence de l\u2019eau Rh\u00f4ne M\u00e9diterran\u00e9e Corse (d\u00e9l\u00e9gation de Montpellier), Fr\u00e9d\u00e9ric Launay change radicalement son projet de vie.\u00a0 Quelques mois apr\u00e8s son d\u00e9part, nous revenons sur les temps forts de sa carri\u00e8re administrative et gravons, ici, les bons conseils qu\u2019il l\u00e8gue aux acteurs engag\u00e9s sur les territoires. Cette interview a [&hellip;]<\/p>\n","protected":false},"author":1,"featured_media":6047,"comment_status":"open","ping_status":"open","sticky":false,"template":"","format":"standard","meta":{"footnotes":""},"categories":[7],"tags":[8],"class_list":["post-6016","post","type-post","status-publish","format-standard","has-post-thumbnail","hentry","category-captages-d-eauccitanie","tag-actualites-captages"],"_links":{"self":[{"href":"https:\/\/www.fredonoccitanie.com\/captages\/wp-json\/wp\/v2\/posts\/6016","targetHints":{"allow":["GET"]}}],"collection":[{"href":"https:\/\/www.fredonoccitanie.com\/captages\/wp-json\/wp\/v2\/posts"}],"about":[{"href":"https:\/\/www.fredonoccitanie.com\/captages\/wp-json\/wp\/v2\/types\/post"}],"author":[{"embeddable":true,"href":"https:\/\/www.fredonoccitanie.com\/captages\/wp-json\/wp\/v2\/users\/1"}],"replies":[{"embeddable":true,"href":"https:\/\/www.fredonoccitanie.com\/captages\/wp-json\/wp\/v2\/comments?post=6016"}],"version-history":[{"count":0,"href":"https:\/\/www.fredonoccitanie.com\/captages\/wp-json\/wp\/v2\/posts\/6016\/revisions"}],"wp:featuredmedia":[{"embeddable":true,"href":"https:\/\/www.fredonoccitanie.com\/captages\/wp-json\/wp\/v2\/media\/6047"}],"wp:attachment":[{"href":"https:\/\/www.fredonoccitanie.com\/captages\/wp-json\/wp\/v2\/media?parent=6016"}],"wp:term":[{"taxonomy":"category","embeddable":true,"href":"https:\/\/www.fredonoccitanie.com\/captages\/wp-json\/wp\/v2\/categories?post=6016"},{"taxonomy":"post_tag","embeddable":true,"href":"https:\/\/www.fredonoccitanie.com\/captages\/wp-json\/wp\/v2\/tags?post=6016"}],"curies":[{"name":"wp","href":"https:\/\/api.w.org\/{rel}","templated":true}]}}