{"id":5987,"date":"2019-12-26T15:25:00","date_gmt":"2019-12-26T14:25:00","guid":{"rendered":"https:\/\/www.fredonoccitanie.com\/captageslr\/?p=5987"},"modified":"2019-12-26T15:25:00","modified_gmt":"2019-12-26T14:25:00","slug":"osae-retour-experience-aac","status":"publish","type":"post","link":"https:\/\/www.fredonoccitanie.com\/captages\/2019\/12\/26\/osae-retour-experience-aac\/","title":{"rendered":"Osa\u00e9, ou comment innover sur le retour d&rsquo;exp\u00e9rience agro-\u00e9cologique"},"content":{"rendered":"<h4><strong>En 2019, 4 exploitations agricoles situ\u00e9es sur des bassins d&rsquo;alimentation de captage prioritaire du Languedoc-Roussillon ont \u00e9t\u00e9 s\u00e9lectionn\u00e9es pour participer au projet <a href=\"https:\/\/osez-agroecologie.org\/\">OSAE, OSez l&rsquo;Agro Ecologie<\/a>. Les agricultrices et agriculteurs interview\u00e9s en vid\u00e9o, engag\u00e9s dans la transition agro\u00e9cologique de leurs syst\u00e8me d&rsquo;exploitation, expliquent de fa\u00e7on simple mais pr\u00e9cise les points cl\u00e9s et leviers du changement.<br \/>\n<\/strong><\/h4>\n<p>En 2019, en partenariat avec l&rsquo;Agence de l&rsquo;eau Rh\u00f4ne M\u00e9diterran\u00e9e Corse, 4 viticultrices et viticulteurs sont mis en lumi\u00e8re par le projet <a href=\"https:\/\/osez-agroecologie.org\/\">Osa\u00e9.<\/a> Pour cause, leurs changements de pratiques contribuent \u00e0 la pr\u00e9servation de la qualit\u00e9 de l&rsquo;eau sur des territoires particuli\u00e8rement vuln\u00e9rables aux pollutions par les produits phytosanitaires de synth\u00e8se et les nitrates. En sus, leurs actions remarquables impactent les caves coop\u00e9ratives auxquelles ils adh\u00e8rent, motivent un changement de cap progressif des collectifs agricoles exer\u00e7ant sur les aires d&rsquo;alimentation de captage.<\/p>\n<p>Initi\u00e9 en 2008 et port\u00e9 par Solagro, Osa\u00e9 vise \u00e0 faire connaitre les savoir-faire d&rsquo;agriculteurs pionniers et innovants en agro\u00e9cologie. Plusieurs volets composent ce projet : synth\u00e8ses techniques, descriptions de pratiques mais aussi des <strong>t\u00e9moignages complets d&rsquo;agriculteurs et agricultrices engag\u00e9s<\/strong>. Chaque t\u00e9moignage se compose d&rsquo;une vid\u00e9o (on appr\u00e9cie la beaut\u00e9 des images) et d&rsquo;une fiche mod\u00e8le d\u00e9crivant le syst\u00e8me, la strat\u00e9gie, le d\u00e9clic, les conseils, les sources de l&rsquo;agriculteur. Autant d&rsquo;informations cruciales pour comprendre le contexte et les leviers de la transition agro\u00e9cologique \u00e0 l&rsquo;\u00e9chelle de l&rsquo;exploitation.<\/p>\n<p>Agroforesterie, enherbement de l\u2019inter-rang de vigne, confusion sexuelle, r\u00e9duction du travail du sol &#8230; Retrouvez ci-dessous les t\u00e9moignages captivants, \u00e0 r\u00e9utiliser sans mod\u00e9ration.<\/p>\n<ul>\n<li><a href=\"https:\/\/www.youtube.com\/watch?v=T9GpFQ4CPUg\">Laurent ESCAPA, Herv\u00e9 LEVANO et Val\u00e9rie REIG du D<\/a><a href=\"https:\/\/www.youtube.com\/watch?v=T9GpFQ4CPUg\">omaine Casablanca (66)<\/a><\/li>\n<li><a href=\"https:\/\/osez-agroecologie.org\/delmas-carte-identite\">Philippe et Bernard DELMAS et Cyril PACHON de l&rsquo;<span class=\"agri-designation\">EARL Delmas Fr\u00e8res (30)<\/span><\/a><\/li>\n<li><a href=\"https:\/\/osez-agroecologie.org\/catherine-et-baptiste-carriere-pradal\">Catherine et Baptiste CARRI\u00c8RE PRADAL du Domaine de la Massole (34)<\/a><\/li>\n<li><a href=\"https:\/\/osez-agroecologie.org\/bousquet-carte-identite\">Christophe BOUSQUET du Ch\u00e2teau Pech Redon (11)<\/a><\/li>\n<\/ul>\n<p>Cr\u00e9dit photo : SOLAGRO<\/p>\n","protected":false},"excerpt":{"rendered":"<p>En 2019, 4 exploitations agricoles situ\u00e9es sur des bassins d&rsquo;alimentation de captage prioritaire du Languedoc-Roussillon ont \u00e9t\u00e9 s\u00e9lectionn\u00e9es pour participer au projet OSAE, OSez l&rsquo;Agro Ecologie. Les agricultrices et agriculteurs interview\u00e9s en vid\u00e9o, engag\u00e9s dans la transition agro\u00e9cologique de leurs syst\u00e8me d&rsquo;exploitation, expliquent de fa\u00e7on simple mais pr\u00e9cise les points cl\u00e9s et leviers du changement. [&hellip;]<\/p>\n","protected":false},"author":1,"featured_media":6159,"comment_status":"open","ping_status":"open","sticky":false,"template":"","format":"standard","meta":{"footnotes":""},"categories":[7],"tags":[8],"class_list":["post-5987","post","type-post","status-publish","format-standard","has-post-thumbnail","hentry","category-captages-d-eauccitanie","tag-actualites-captages"],"_links":{"self":[{"href":"https:\/\/www.fredonoccitanie.com\/captages\/wp-json\/wp\/v2\/posts\/5987","targetHints":{"allow":["GET"]}}],"collection":[{"href":"https:\/\/www.fredonoccitanie.com\/captages\/wp-json\/wp\/v2\/posts"}],"about":[{"href":"https:\/\/www.fredonoccitanie.com\/captages\/wp-json\/wp\/v2\/types\/post"}],"author":[{"embeddable":true,"href":"https:\/\/www.fredonoccitanie.com\/captages\/wp-json\/wp\/v2\/users\/1"}],"replies":[{"embeddable":true,"href":"https:\/\/www.fredonoccitanie.com\/captages\/wp-json\/wp\/v2\/comments?post=5987"}],"version-history":[{"count":0,"href":"https:\/\/www.fredonoccitanie.com\/captages\/wp-json\/wp\/v2\/posts\/5987\/revisions"}],"wp:featuredmedia":[{"embeddable":true,"href":"https:\/\/www.fredonoccitanie.com\/captages\/wp-json\/wp\/v2\/media\/6159"}],"wp:attachment":[{"href":"https:\/\/www.fredonoccitanie.com\/captages\/wp-json\/wp\/v2\/media?parent=5987"}],"wp:term":[{"taxonomy":"category","embeddable":true,"href":"https:\/\/www.fredonoccitanie.com\/captages\/wp-json\/wp\/v2\/categories?post=5987"},{"taxonomy":"post_tag","embeddable":true,"href":"https:\/\/www.fredonoccitanie.com\/captages\/wp-json\/wp\/v2\/tags?post=5987"}],"curies":[{"name":"wp","href":"https:\/\/api.w.org\/{rel}","templated":true}]}}