{"id":5481,"date":"2019-01-04T18:15:06","date_gmt":"2019-01-04T17:15:06","guid":{"rendered":"https:\/\/www.fredonoccitanie.com\/captageslr\/?p=5481"},"modified":"2019-01-04T18:15:06","modified_gmt":"2019-01-04T17:15:06","slug":"vente-pestidice-synthese-interdite-jardinier-amateur","status":"publish","type":"post","link":"https:\/\/www.fredonoccitanie.com\/captages\/2019\/01\/04\/vente-pestidice-synthese-interdite-jardinier-amateur\/","title":{"rendered":"Jardiniers amateurs: fin de l&rsquo;utilisation de pesticides de synth\u00e8se au 1er janvier 2019"},"content":{"rendered":"<h2>Jardiniers amateurs: fin de l&rsquo;utilisation de pesticides de synth\u00e8se au 1er janvier 2019<\/h2>\n<p><strong>A compter du 1er janvier 2019, la mise sur le march\u00e9 et la vente de ces produits aux non professionnels est interdite. Seuls les produits de biocontr\u00f4le et \u00e0 faible risque sont autoris\u00e9s.<\/strong><\/p>\n<p>C&rsquo;est une disposition vot\u00e9e en 2015 qui est entr\u00e9e en vigueur ce mardi 1<sup>er<\/sup> janvier\u00a0 : l&rsquo;interdiction de vendre des pesticides chimiques aux jardiniers amateurs. \u00c9crite une premi\u00e8re fois dans la <a href=\"https:\/\/www.actu-environnement.com\/ae\/reglementation\/loi-du-06-02-2014-2014-110.php\" target=\"_blank\" rel=\"noopener\">loi Labb\u00e9 de 2014<\/a> pour une entr\u00e9e en vigueur en 2022, cette mesure a \u00e9t\u00e9 avanc\u00e9e \u00e0 2019 par le S\u00e9nat via la <a href=\"https:\/\/www.actu-environnement.com\/ae\/reglementation\/loi-du-17-08-2015-2015-992.php\" target=\"_blank\" rel=\"noopener\">loi de transition \u00e9nerg\u00e9tique<\/a>. \u00ab\u00a0<i>Les particuliers qui font usage de pesticides b\u00e9n\u00e9ficient rarement d&rsquo;un niveau d&rsquo;information suffisant concernant la dangerosit\u00e9 des produits qu&rsquo;ils \u00e9pandent, et ils ne b\u00e9n\u00e9ficient pas comme les professionnels d&rsquo;une formation adapt\u00e9e concernant les dosages et l&rsquo;usage des \u00e9quipements de s\u00e9curit\u00e9 n\u00e9cessaires\u00a0\u00bb<\/i>, justifiaient, en juillet 2015, les s\u00e9nateurs \u00e9cologistes \u00e0 l&rsquo;origine de cette mesure.<\/p>\n<p>Les pesticides utilis\u00e9s en zones non agricoles repr\u00e9sentent 7% (dont 6% en jardins particuliers) des substances actives phytosanitaires utilis\u00e9es en France. Ce qui repr\u00e9sente une voie de r\u00e9duction des risques sanitaires et environnementaux non n\u00e9gligeable.<\/p>\n<p><b>Le Roundup dispara\u00eet des rayons<\/b><\/p>\n<p>Depuis le 1<sup>er<\/sup> janvier 2019, les fabricants et les distributeurs ne peuvent plus mettre sur le march\u00e9 et\/ou vendre des pesticides de synth\u00e8se destin\u00e9s \u00e0 un usage non professionnel. Seuls les produits de biocontr\u00f4le, les produits \u00e0 faible risque et les produits dont l&rsquo;usage est autoris\u00e9 dans le cadre de l&rsquo;agriculture biologique, peuvent \u00eatre utilis\u00e9s dans les jardins. A condition que leur autorisation de mise sur le march\u00e9 comporte bien la mention \u00ab\u00a0emploi autoris\u00e9 dans les jardins\u00a0\u00bb, pr\u00e9cise un <a href=\"https:\/\/www.actu-environnement.com\/ae\/reglementation\/avis-du-22-12-2018-agrg1833098v.php\" target=\"_blank\" rel=\"noopener\">avis du minist\u00e8re de l&rsquo;Agriculture<\/a> publi\u00e9 au Journal officiel le 22 d\u00e9cembre dernier.<\/p>\n<p>L&rsquo;interdiction concerne les <a href=\"https:\/\/www.actu-environnement.com\/media\/pdf\/news-32634-liste-pesticides-interdits-jardins-janvier-2019.pdf\" target=\"_blank\" rel=\"noopener\">pesticides de synth\u00e8se pr\u00e9sents sur la liste<\/a> mise \u00e0 jour r\u00e9cemment par le minist\u00e8re de l&rsquo;Agriculture. Ainsi, certains r\u00e9pulsifs \u00e0 taupes, engrais d\u00e9sherbants, le goudron de pin de Norv\u00e8ge ou encore les lentilles antilimaces vont dispara\u00eetre des enseignes. Le plus connu des phytosanitaires, le Round-up et toutes ses d\u00e9clinaisons \u2013 Roundup 3 Plus, Roundup 6h, RoundupSupra, \u2026 &#8211; , fait aussi partie de la liste. En revanche, la bouillie bordelaise, l&rsquo;herbistop Ultra ou encore le Stop Net Limace restent autoris\u00e9s selon <a href=\"https:\/\/www.actu-environnement.com\/media\/pdf\/news-32634-liste-pesticides-autorises-jardin-janvier-2019.pdf\" target=\"_blank\" rel=\"noopener\">une seconde liste <\/a>\u00e9tablie par le minist\u00e8re de l&rsquo;Agriculture.<\/p>\n<p><b>Des pesticides \u00e0 d\u00e9truire<\/b><\/p>\n<p>Les distributeurs vont devoir sortir de tous les rayonnages destin\u00e9s aux amateurs les produits d\u00e9sormais interdits. Ces produits restent autoris\u00e9s pour un usage professionnel. Ils peuvent donc rejoindre un circuit de distribution agr\u00e9\u00e9 pour la vente aux agriculteurs.<\/p>\n<p>Dans l&rsquo;attente de leur \u00e9limination ou de leur orientation vers un autre circuit de distribution, les produits interdits peuvent \u00eatre maintenus dans la zone de stockage du distributeur, en \u00e9tant clairement identifi\u00e9s comme tels et en \u00e9tant s\u00e9par\u00e9s, d&rsquo;une part des produits pouvant \u00eatre mis en vente, d&rsquo;autre part des produits non conformes en attente d&rsquo;\u00e9limination. \u00ab\u00a0<i>Il est souhaitable que l&rsquo;\u00e9limination de ces produits de la zone de stockage intervienne dans les meilleurs d\u00e9lais<\/i>\u00ab\u00a0, pr\u00e9vient le minist\u00e8re de l&rsquo;Agriculture. Les distributeurs devront apporter ces d\u00e9chets dans une d\u00e9chetterie ou un point de collecte temporaire assurant la collecte des d\u00e9chets diffus sp\u00e9cifiques (d\u00e9chets chimiques m\u00e9nagers) mis en place par l&rsquo;\u00e9co-organisme Eco-DDS.<\/p>\n<p>Source: <a href=\"https:\/\/www.actu-environnement.com\/ae\/news\/vente-pestidice-synthese-interdite-jardinier-amateur-32634.php4\">Actu-environnement<\/a><\/p>\n<p>Vous cherchez des solutions naturelles pour prot\u00e9ger votre jardin? Retrouvez-les sur le site <a href=\"https:\/\/www.jardiner-autrement.fr\/la-minute-conseil-du-jardinier-amateur\/\">Jardiner Autrement<\/a> et celui du <a href=\"https:\/\/www.fredonoccitanie.com\/jevi\/autres-outils\/\">R\u00e9seau JEVI<\/a> de la FREDON Occitanie.<\/p>\n","protected":false},"excerpt":{"rendered":"<p>Jardiniers amateurs: fin de l&rsquo;utilisation de pesticides de synth\u00e8se au 1er janvier 2019 A compter du 1er janvier 2019, la mise sur le march\u00e9 et la vente de ces produits aux non professionnels est interdite. Seuls les produits de biocontr\u00f4le et \u00e0 faible risque sont autoris\u00e9s. C&rsquo;est une disposition vot\u00e9e en 2015 qui est entr\u00e9e [&hellip;]<\/p>\n","protected":false},"author":1,"featured_media":5295,"comment_status":"open","ping_status":"open","sticky":false,"template":"","format":"standard","meta":{"footnotes":""},"categories":[7],"tags":[8],"class_list":["post-5481","post","type-post","status-publish","format-standard","has-post-thumbnail","hentry","category-captages-d-eauccitanie","tag-actualites-captages"],"_links":{"self":[{"href":"https:\/\/www.fredonoccitanie.com\/captages\/wp-json\/wp\/v2\/posts\/5481","targetHints":{"allow":["GET"]}}],"collection":[{"href":"https:\/\/www.fredonoccitanie.com\/captages\/wp-json\/wp\/v2\/posts"}],"about":[{"href":"https:\/\/www.fredonoccitanie.com\/captages\/wp-json\/wp\/v2\/types\/post"}],"author":[{"embeddable":true,"href":"https:\/\/www.fredonoccitanie.com\/captages\/wp-json\/wp\/v2\/users\/1"}],"replies":[{"embeddable":true,"href":"https:\/\/www.fredonoccitanie.com\/captages\/wp-json\/wp\/v2\/comments?post=5481"}],"version-history":[{"count":0,"href":"https:\/\/www.fredonoccitanie.com\/captages\/wp-json\/wp\/v2\/posts\/5481\/revisions"}],"wp:featuredmedia":[{"embeddable":true,"href":"https:\/\/www.fredonoccitanie.com\/captages\/wp-json\/wp\/v2\/media\/5295"}],"wp:attachment":[{"href":"https:\/\/www.fredonoccitanie.com\/captages\/wp-json\/wp\/v2\/media?parent=5481"}],"wp:term":[{"taxonomy":"category","embeddable":true,"href":"https:\/\/www.fredonoccitanie.com\/captages\/wp-json\/wp\/v2\/categories?post=5481"},{"taxonomy":"post_tag","embeddable":true,"href":"https:\/\/www.fredonoccitanie.com\/captages\/wp-json\/wp\/v2\/tags?post=5481"}],"curies":[{"name":"wp","href":"https:\/\/api.w.org\/{rel}","templated":true}]}}