{"id":5255,"date":"2018-04-19T11:46:30","date_gmt":"2018-04-19T09:46:30","guid":{"rendered":"https:\/\/www.fredonoccitanie.com\/captageslr\/?p=5255"},"modified":"2018-04-19T11:46:30","modified_gmt":"2018-04-19T09:46:30","slug":"pays-de-lor-herault-de-la-bio-pour-sauver-leau","status":"publish","type":"post","link":"https:\/\/www.fredonoccitanie.com\/captages\/2018\/04\/19\/pays-de-lor-herault-de-la-bio-pour-sauver-leau\/","title":{"rendered":"Pays de l\u2019Or (H\u00e9rault) : De la bio pour sauver l\u2019eau"},"content":{"rendered":"<p>Depuis plusieurs ann\u00e9es, l\u2019Agglom\u00e9ration du Pays de l\u2019Or d\u00e9veloppe une politique de protection de la qualit\u00e9 de sa ressource en eau potable, afin de pr\u00e9venir tout risque de pollution. Les pratiques agricoles ayant une r\u00e9percussion directe sur les eaux souterraines exploit\u00e9es pour \u00eatre distribu\u00e9es \u00e0 la consommation, la collectivit\u00e9 a fait le choix d\u2019une politique environnementale ambitieuse. Elle d\u00e9veloppe ainsi depuis deux ans un accompagnement des exploitants agricoles vers la conversion \u00e0 <strong>l\u2019agriculture biologique<\/strong>, une agriculture sans intrants chimiques participant \u00e0 p\u00e9renniser une eau de qualit\u00e9. Le programme <strong>Agribio <\/strong>constitue ainsi une vraie strat\u00e9gie territoriale dont l\u2019objectif est double&nbsp;: <strong>p\u00e9renniser une activit\u00e9 \u00e9conomique tout en pr\u00e9servant l\u2019environnement<\/strong>.<\/p>\n<p>Et aussi&nbsp;: <a href=\"http:\/\/www.paysdelor.fr\/Pages\/211_Protection-des-captages-d--eau-potable-.html\">Page web sur le sujet<\/a><\/p>\n<p><u>Contact<\/u> : <strong>Benjamin PALLARD,<\/strong> chef de projet agriculture et eau au Pays de l\u2019Or, <a href=\"mailto:benjamin.pallard@paysdelor.fr\">benjamin.pallard@paysdelor.fr<\/a>, 04 67 91 31 98&nbsp;\/ 06 14 99 13 29<\/p>\n","protected":false},"excerpt":{"rendered":"<p>Depuis plusieurs ann\u00e9es, l\u2019Agglom\u00e9ration du Pays de l\u2019Or d\u00e9veloppe une politique de protection de la qualit\u00e9 de sa ressource en eau potable, afin de pr\u00e9venir tout risque de pollution. Les pratiques agricoles ayant une r\u00e9percussion directe sur les eaux souterraines exploit\u00e9es pour \u00eatre distribu\u00e9es \u00e0 la consommation, la collectivit\u00e9 a fait le choix d\u2019une politique [&hellip;]<\/p>\n","protected":false},"author":1,"featured_media":5267,"comment_status":"open","ping_status":"open","sticky":false,"template":"","format":"standard","meta":{"footnotes":""},"categories":[7],"tags":[8],"class_list":["post-5255","post","type-post","status-publish","format-standard","has-post-thumbnail","hentry","category-captages-d-eauccitanie","tag-actualites-captages"],"_links":{"self":[{"href":"https:\/\/www.fredonoccitanie.com\/captages\/wp-json\/wp\/v2\/posts\/5255","targetHints":{"allow":["GET"]}}],"collection":[{"href":"https:\/\/www.fredonoccitanie.com\/captages\/wp-json\/wp\/v2\/posts"}],"about":[{"href":"https:\/\/www.fredonoccitanie.com\/captages\/wp-json\/wp\/v2\/types\/post"}],"author":[{"embeddable":true,"href":"https:\/\/www.fredonoccitanie.com\/captages\/wp-json\/wp\/v2\/users\/1"}],"replies":[{"embeddable":true,"href":"https:\/\/www.fredonoccitanie.com\/captages\/wp-json\/wp\/v2\/comments?post=5255"}],"version-history":[{"count":0,"href":"https:\/\/www.fredonoccitanie.com\/captages\/wp-json\/wp\/v2\/posts\/5255\/revisions"}],"wp:featuredmedia":[{"embeddable":true,"href":"https:\/\/www.fredonoccitanie.com\/captages\/wp-json\/wp\/v2\/media\/5267"}],"wp:attachment":[{"href":"https:\/\/www.fredonoccitanie.com\/captages\/wp-json\/wp\/v2\/media?parent=5255"}],"wp:term":[{"taxonomy":"category","embeddable":true,"href":"https:\/\/www.fredonoccitanie.com\/captages\/wp-json\/wp\/v2\/categories?post=5255"},{"taxonomy":"post_tag","embeddable":true,"href":"https:\/\/www.fredonoccitanie.com\/captages\/wp-json\/wp\/v2\/tags?post=5255"}],"curies":[{"name":"wp","href":"https:\/\/api.w.org\/{rel}","templated":true}]}}