{"id":5239,"date":"2018-03-19T14:45:51","date_gmt":"2018-03-19T13:45:51","guid":{"rendered":"https:\/\/www.fredonoccitanie.com\/captageslr\/?p=5239"},"modified":"2021-12-15T09:24:01","modified_gmt":"2021-12-15T08:24:01","slug":"semaine-pour-les-alternatives-aux-pesticides","status":"publish","type":"post","link":"https:\/\/www.fredonoccitanie.com\/captages\/2018\/03\/19\/semaine-pour-les-alternatives-aux-pesticides\/","title":{"rendered":"Du 20  au 30 mars: Semaine pour les alternatives aux pesticides"},"content":{"rendered":"<p><img loading=\"lazy\" decoding=\"async\" class=\"size-medium wp-image-5245 alignleft\" src=\"https:\/\/www.fredonoccitanie.com\/captages\/wp-content\/uploads\/sites\/3\/2018\/03\/Capture-affiche-210x300.jpg\" alt=\"\" width=\"210\" height=\"300\" srcset=\"https:\/\/www.fredonoccitanie.com\/captages\/wp-content\/uploads\/sites\/3\/2018\/03\/Capture-affiche-210x300.jpg 210w, https:\/\/www.fredonoccitanie.com\/captages\/wp-content\/uploads\/sites\/3\/2018\/03\/Capture-affiche-493x705.jpg 493w, https:\/\/www.fredonoccitanie.com\/captages\/wp-content\/uploads\/sites\/3\/2018\/03\/Capture-affiche.jpg 615w\" sizes=\"auto, (max-width: 210px) 100vw, 210px\" \/><\/p>\n<p>La semaine pour les alternatives aux pesticides, qui a lieu chaque ann\u00e9e entre les 20 et 30 mars en France, vous informe sur les dangers sanitaires et environnementaux des pesticides et fait la promotion de leurs alternatives.<\/p>\n<p><strong>Pour sa 13<sup>\u00e8me<\/sup> \u00e9dition qui aura lieu du 20 au 30 mars prochain, la Semaine pour les alternatives aux pesticides met l\u2019alimentation \u00e0 l\u2019honneur. <\/strong>L\u2019alimentation est un enjeu crucial de la transition agricole et plus largement de la transition environnementale et sanitaire.<\/p>\n<p>&#8212;-&gt; De nombreuses actions gratuite ont \u00e9t\u00e9 organis\u00e9es par les collectivit\u00e9s de la R\u00e9gion. Vous pouvez les retrouver en cliquant sur ce <a href=\"https:\/\/www.semaine-sans-pesticides.fr\/\">lien<\/a>.<\/p>\n<p>&nbsp;<\/p>\n<p>Quelques exemples dans les d\u00e9partements de la r\u00e9gion :<\/p>\n<ul>\n<li>Dans l&rsquo;H\u00e9rault, Les communes de Paulhan et Aspirant vous propose du 20 Mars au 09 Avril, des ballades, des expos, des ateliers, des films d\u00e9bats autour du Zerophyto<\/li>\n<li><\/li>\n<li>Dans le Gard, le&nbsp;syndicat des nappes vistrenque et costi\u00e8res organise une projection d&rsquo;un film intitul\u00e9 \u00ab <b>le potager de mon grand p\u00e8re\u00bb<\/b> suivi d&rsquo;un&nbsp;d\u00e9bat anim\u00e9 par <b>G\u00e9rard Aug\u00e9 \u00ab\u00a0soins des plantes et des paysages\u00a0\u00bb<\/b>, expert en agronomie et vie du sol, <b>le 21 mars \u00e0 Garons, le 23 mars \u00e0 Bea<\/b><b>uvoisin&nbsp; et le 29 mars \u00e0 Aubord \u00e0 19h00-19h15.&nbsp;<\/b><\/li>\n<\/ul>\n<p>&nbsp;<\/p>\n<ul>\n<li>Dans les Pyr\u00e9n\u00e9es Orientales, La communaut\u00e9 de communes Alb\u00e8res Cotes Vermeille organise des activit\u00e9s pour le scolaires le 22 Mars.<\/li>\n<\/ul>\n<p><img loading=\"lazy\" decoding=\"async\" class=\"wp-image-5252 alignright\" src=\"https:\/\/www.fredonoccitanie.com\/captages\/wp-content\/uploads\/sites\/3\/2018\/03\/Capture_zeophyto-300x237.jpg\" alt=\"\" width=\"275\" height=\"217\" srcset=\"https:\/\/www.fredonoccitanie.com\/captages\/wp-content\/uploads\/sites\/3\/2018\/03\/Capture_zeophyto-300x237.jpg 300w, https:\/\/www.fredonoccitanie.com\/captages\/wp-content\/uploads\/sites\/3\/2018\/03\/Capture_zeophyto-1030x813.jpg 1030w, https:\/\/www.fredonoccitanie.com\/captages\/wp-content\/uploads\/sites\/3\/2018\/03\/Capture_zeophyto-768x606.jpg 768w, https:\/\/www.fredonoccitanie.com\/captages\/wp-content\/uploads\/sites\/3\/2018\/03\/Capture_zeophyto-705x557.jpg 705w, https:\/\/www.fredonoccitanie.com\/captages\/wp-content\/uploads\/sites\/3\/2018\/03\/Capture_zeophyto.jpg 1121w\" sizes=\"auto, (max-width: 275px) 100vw, 275px\" \/><\/p>\n","protected":false},"excerpt":{"rendered":"<p>La semaine pour les alternatives aux pesticides, qui a lieu chaque ann\u00e9e entre les 20 et 30 mars en France, vous informe sur les dangers sanitaires et environnementaux des pesticides et fait la promotion de leurs alternatives. Pour sa 13\u00e8me \u00e9dition qui aura lieu du 20 au 30 mars prochain, la Semaine pour les alternatives [&hellip;]<\/p>\n","protected":false},"author":1,"featured_media":5243,"comment_status":"open","ping_status":"open","sticky":false,"template":"","format":"standard","meta":{"footnotes":""},"categories":[3,7],"tags":[9],"class_list":["post-5239","post","type-post","status-publish","format-standard","has-post-thumbnail","hentry","category-agenda-captages","category-captages-d-eauccitanie","tag-agenda-captages"],"_links":{"self":[{"href":"https:\/\/www.fredonoccitanie.com\/captages\/wp-json\/wp\/v2\/posts\/5239","targetHints":{"allow":["GET"]}}],"collection":[{"href":"https:\/\/www.fredonoccitanie.com\/captages\/wp-json\/wp\/v2\/posts"}],"about":[{"href":"https:\/\/www.fredonoccitanie.com\/captages\/wp-json\/wp\/v2\/types\/post"}],"author":[{"embeddable":true,"href":"https:\/\/www.fredonoccitanie.com\/captages\/wp-json\/wp\/v2\/users\/1"}],"replies":[{"embeddable":true,"href":"https:\/\/www.fredonoccitanie.com\/captages\/wp-json\/wp\/v2\/comments?post=5239"}],"version-history":[{"count":1,"href":"https:\/\/www.fredonoccitanie.com\/captages\/wp-json\/wp\/v2\/posts\/5239\/revisions"}],"predecessor-version":[{"id":8907,"href":"https:\/\/www.fredonoccitanie.com\/captages\/wp-json\/wp\/v2\/posts\/5239\/revisions\/8907"}],"wp:featuredmedia":[{"embeddable":true,"href":"https:\/\/www.fredonoccitanie.com\/captages\/wp-json\/wp\/v2\/media\/5243"}],"wp:attachment":[{"href":"https:\/\/www.fredonoccitanie.com\/captages\/wp-json\/wp\/v2\/media?parent=5239"}],"wp:term":[{"taxonomy":"category","embeddable":true,"href":"https:\/\/www.fredonoccitanie.com\/captages\/wp-json\/wp\/v2\/categories?post=5239"},{"taxonomy":"post_tag","embeddable":true,"href":"https:\/\/www.fredonoccitanie.com\/captages\/wp-json\/wp\/v2\/tags?post=5239"}],"curies":[{"name":"wp","href":"https:\/\/api.w.org\/{rel}","templated":true}]}}