{"id":5206,"date":"2018-04-20T16:11:08","date_gmt":"2018-04-20T14:11:08","guid":{"rendered":"https:\/\/www.fredonoccitanie.com\/captageslr\/?p=5206"},"modified":"2021-12-15T09:24:01","modified_gmt":"2021-12-15T08:24:01","slug":"11-12-juin-formation-techniques-danimation-et-de-concertation","status":"publish","type":"post","link":"https:\/\/www.fredonoccitanie.com\/captages\/2018\/04\/20\/11-12-juin-formation-techniques-danimation-et-de-concertation\/","title":{"rendered":"11 et 12 Juin: Formation \u00ab\u00a0Management de projet et techniques de concertation\u00a0\u00bb"},"content":{"rendered":"<p>Dans le cadre du cycle de notre cycle de formation sur le Management de projet, le <strong>11 et 12 Juin prochain<\/strong> se tiendra \u00e0 Montpellier le module \u00ab\u00a0techniques d&rsquo;animation et de concertation\u00a0\u00bb.<\/p>\n<p>Une formation r\u00e9alis\u00e9e en partenariat avec le CNFPT dont les objectifs p\u00e9dagogiques sont les suivants :<\/p>\n<ul>\n<li>Positionner son r\u00f4le d\u2019animateur<\/li>\n<li>Construire une animation, identifier et choisir les bons outils pour chaque \u00e9tape,<\/li>\n<li>Savoir animer un comit\u00e9 de pilotage interactif,<\/li>\n<li>Savoir identifier les bonnes pratiques adapt\u00e9es aux situations d\u2019animation territoriale li\u00e9es \u00e0 la ressource en eau.<\/li>\n<\/ul>\n<p><strong><u>Contenu<\/u><\/strong><strong>&nbsp;: <\/strong><\/p>\n<ul>\n<li>D\u00e9couvrir son style d\u2019animation<\/li>\n<li>Choisir le type de r\u00e9union \u00e0 organiser<\/li>\n<li>Acc\u00e9l\u00e9rer l\u2019\u00e9volution vers un groupe mature<\/li>\n<li>R\u00e9unir les conditions pour un bon climat de travail<\/li>\n<li>Conna\u00eetre et utiliser quelques m\u00e9thodes de travail en groupe pour d\u00e9battre, produire, d\u00e9cider<\/li>\n<li>Organiser le d\u00e9roulement d\u2019une r\u00e9union<\/li>\n<li>Interagir avec le groupe et r\u00e9guler son fonctionnement<\/li>\n<li>Cl\u00f4turer la r\u00e9union et garder la dynamique<\/li>\n<li>Utiliser des outils num\u00e9riques \u00e0 bon escient<\/li>\n<li>Compenser la distance dans le cas des r\u00e9unions non pr\u00e9sentielles<\/li>\n<li>Identifier les bonnes pratiques adapt\u00e9es aux situations institutionnelles, citoyennes, mixtes<\/li>\n<\/ul>\n<p>La formation est ouverte \u00e0 tous. Pour participer \u00e0 cette formation il suffit de s&rsquo;inscrire directement sur le site du CNFPT sur cette page.<\/p>\n","protected":false},"excerpt":{"rendered":"<p>Dans le cadre du cycle de notre cycle de formation sur le Management de projet, le 11 et 12 Juin prochain se tiendra \u00e0 Montpellier le module \u00ab\u00a0techniques d&rsquo;animation et de concertation\u00a0\u00bb. Une formation r\u00e9alis\u00e9e en partenariat avec le CNFPT dont les objectifs p\u00e9dagogiques sont les suivants : Positionner son r\u00f4le d\u2019animateur Construire une animation, [&hellip;]<\/p>\n","protected":false},"author":1,"featured_media":5279,"comment_status":"open","ping_status":"open","sticky":false,"template":"","format":"standard","meta":{"footnotes":""},"categories":[3,7],"tags":[9],"class_list":["post-5206","post","type-post","status-publish","format-standard","has-post-thumbnail","hentry","category-agenda-captages","category-captages-d-eauccitanie","tag-agenda-captages"],"_links":{"self":[{"href":"https:\/\/www.fredonoccitanie.com\/captages\/wp-json\/wp\/v2\/posts\/5206","targetHints":{"allow":["GET"]}}],"collection":[{"href":"https:\/\/www.fredonoccitanie.com\/captages\/wp-json\/wp\/v2\/posts"}],"about":[{"href":"https:\/\/www.fredonoccitanie.com\/captages\/wp-json\/wp\/v2\/types\/post"}],"author":[{"embeddable":true,"href":"https:\/\/www.fredonoccitanie.com\/captages\/wp-json\/wp\/v2\/users\/1"}],"replies":[{"embeddable":true,"href":"https:\/\/www.fredonoccitanie.com\/captages\/wp-json\/wp\/v2\/comments?post=5206"}],"version-history":[{"count":1,"href":"https:\/\/www.fredonoccitanie.com\/captages\/wp-json\/wp\/v2\/posts\/5206\/revisions"}],"predecessor-version":[{"id":8905,"href":"https:\/\/www.fredonoccitanie.com\/captages\/wp-json\/wp\/v2\/posts\/5206\/revisions\/8905"}],"wp:featuredmedia":[{"embeddable":true,"href":"https:\/\/www.fredonoccitanie.com\/captages\/wp-json\/wp\/v2\/media\/5279"}],"wp:attachment":[{"href":"https:\/\/www.fredonoccitanie.com\/captages\/wp-json\/wp\/v2\/media?parent=5206"}],"wp:term":[{"taxonomy":"category","embeddable":true,"href":"https:\/\/www.fredonoccitanie.com\/captages\/wp-json\/wp\/v2\/categories?post=5206"},{"taxonomy":"post_tag","embeddable":true,"href":"https:\/\/www.fredonoccitanie.com\/captages\/wp-json\/wp\/v2\/tags?post=5206"}],"curies":[{"name":"wp","href":"https:\/\/api.w.org\/{rel}","templated":true}]}}