{"id":5062,"date":"2017-11-14T14:28:31","date_gmt":"2017-11-14T13:28:31","guid":{"rendered":"https:\/\/www.fredonoccitanie.com\/captageslr\/?p=5062"},"modified":"2021-12-15T09:24:01","modified_gmt":"2021-12-15T08:24:01","slug":"18-janv-a-montpellier-services-ecosystemiques-rendus-lagroforesterie-territoires-exploitations-agricoles","status":"publish","type":"post","link":"https:\/\/www.fredonoccitanie.com\/captages\/2017\/11\/14\/18-janv-a-montpellier-services-ecosystemiques-rendus-lagroforesterie-territoires-exploitations-agricoles\/","title":{"rendered":"18 janvier \u00e0 Montpellier : un colloque d\u00e9di\u00e9 aux services \u00e9cosyst\u00e9miques rendus par l\u2019agroforesterie dans les territoires et exploitations agricoles"},"content":{"rendered":"<table style=\"height: 23px\" width=\"11\">\n<tbody>\n<tr>\n<td><\/td>\n<\/tr>\n<\/tbody>\n<\/table>\n<table style=\"height: 5px\" width=\"5\">\n<tbody>\n<tr>\n<td><\/td>\n<\/tr>\n<\/tbody>\n<\/table>\n<p>La chaire AgroSYS, en collaboration avec le RMT Agroforesteries, organise <strong>le jeudi 18 janvier 2018 \u00e0 Montpellier<\/strong> SupAgro un colloque national sur le th\u00e8me de la mise en \u0153uvre des services \u00e9cosyst\u00e9miques rendus par l\u2019agroforesterie dans les territoires et exploitations agricoles.<\/p>\n<p>Le retour de l\u2019arbre dans l\u2019agriculture sous toutes ses formes (haies, alignements intraparcellaires\u2026) fait l\u2019objet de programmes de recherche, d\u2019\u00e9crits, de formations et de rencontres techniques. En outre, les pouvoirs publics l\u2019encouragent de plus en plus pour ses vertus \u00e9cosyst\u00e9miques. Cependant, de multiples interrogations persistent quant aux avantages et contraintes de cette pratique, ainsi qu\u2019aux modalit\u00e9s op\u00e9rationnelles de mise en \u0153uvre.<\/p>\n<p>La journ\u00e9e est gratuite et l&rsquo;ensemble des informations et le lien pour s&rsquo;inscrire sont <a href=\"http:\/\/agrosys.fr\/?mailpoet_router&amp;endpoint=view_in_browser&amp;action=view&amp;data=WzIsIjAwZTNkYmE1MDg0ZSIsMCwwLDEsMV0\">ici<\/a><\/p>\n","protected":false},"excerpt":{"rendered":"<p>La chaire AgroSYS, en collaboration avec le RMT Agroforesteries, organise le jeudi 18 janvier 2018 \u00e0 Montpellier SupAgro un colloque national sur le th\u00e8me de la mise en \u0153uvre des services \u00e9cosyst\u00e9miques rendus par l\u2019agroforesterie dans les territoires et exploitations agricoles. Le retour de l\u2019arbre dans l\u2019agriculture sous toutes ses formes (haies, alignements intraparcellaires\u2026) fait [&hellip;]<\/p>\n","protected":false},"author":1,"featured_media":5064,"comment_status":"open","ping_status":"open","sticky":false,"template":"","format":"standard","meta":{"footnotes":""},"categories":[3,7],"tags":[9],"class_list":["post-5062","post","type-post","status-publish","format-standard","has-post-thumbnail","hentry","category-agenda-captages","category-captages-d-eauccitanie","tag-agenda-captages"],"_links":{"self":[{"href":"https:\/\/www.fredonoccitanie.com\/captages\/wp-json\/wp\/v2\/posts\/5062","targetHints":{"allow":["GET"]}}],"collection":[{"href":"https:\/\/www.fredonoccitanie.com\/captages\/wp-json\/wp\/v2\/posts"}],"about":[{"href":"https:\/\/www.fredonoccitanie.com\/captages\/wp-json\/wp\/v2\/types\/post"}],"author":[{"embeddable":true,"href":"https:\/\/www.fredonoccitanie.com\/captages\/wp-json\/wp\/v2\/users\/1"}],"replies":[{"embeddable":true,"href":"https:\/\/www.fredonoccitanie.com\/captages\/wp-json\/wp\/v2\/comments?post=5062"}],"version-history":[{"count":1,"href":"https:\/\/www.fredonoccitanie.com\/captages\/wp-json\/wp\/v2\/posts\/5062\/revisions"}],"predecessor-version":[{"id":8909,"href":"https:\/\/www.fredonoccitanie.com\/captages\/wp-json\/wp\/v2\/posts\/5062\/revisions\/8909"}],"wp:featuredmedia":[{"embeddable":true,"href":"https:\/\/www.fredonoccitanie.com\/captages\/wp-json\/wp\/v2\/media\/5064"}],"wp:attachment":[{"href":"https:\/\/www.fredonoccitanie.com\/captages\/wp-json\/wp\/v2\/media?parent=5062"}],"wp:term":[{"taxonomy":"category","embeddable":true,"href":"https:\/\/www.fredonoccitanie.com\/captages\/wp-json\/wp\/v2\/categories?post=5062"},{"taxonomy":"post_tag","embeddable":true,"href":"https:\/\/www.fredonoccitanie.com\/captages\/wp-json\/wp\/v2\/tags?post=5062"}],"curies":[{"name":"wp","href":"https:\/\/api.w.org\/{rel}","templated":true}]}}