{"id":5022,"date":"2017-11-13T11:38:40","date_gmt":"2017-11-13T10:38:40","guid":{"rendered":"https:\/\/www.fredonoccitanie.com\/captageslr\/?p=5022"},"modified":"2017-11-13T11:38:40","modified_gmt":"2017-11-13T10:38:40","slug":"formation-eau-potable-polluants-2","status":"publish","type":"post","link":"https:\/\/www.fredonoccitanie.com\/captages\/2017\/11\/13\/formation-eau-potable-polluants-2\/","title":{"rendered":"FORMATION : eau potable et polluants"},"content":{"rendered":"<p>Pr\u00e8s de 18 participants sur les deux jours de cette formation, qui s&rsquo;est d\u00e9roul\u00e9e en octobre 2017 \u00e0 Montpellier.<\/p>\n<p>Gr\u00e2ce \u00e0 l&rsquo;appui du CNFPT, le stagiaires ont pu profiter des interventions sur deux journ\u00e9es d&rsquo;experts dans le domaine de l&rsquo;eau : organismes d&rsquo;\u00e9tat pour la r\u00e9glementation, laboratoire priv\u00e9e pour la lecture des analyses des polluants dans l&rsquo;eau potable, et agronome pour la cin\u00e9tique des polluants dans le cycle de l&rsquo;eau.<\/p>\n<p>Des journ\u00e9es qui ont \u00e9t\u00e9 riches en \u00e9changes, et dans lesquelles les chefs de projets captages qui venaient de territoires tr\u00e8s h\u00e9t\u00e9rog\u00e8nes (Pyr\u00e9nees Orientales, Dr\u00f4me, Franche Comt\u00e9) ont pu faire part de leur t\u00e9moignages en lien avec la th\u00e9matique.<\/p>\n<p>Une journ\u00e9e qui a pu se r\u00e9aliser gr\u00e2ce au concours de la DREAL, de la DRAAF, du Laboratoire LDA, et d&rsquo;Arvalis.<\/p>\n<p>&gt; Les documents de cette formation sont accessibles pour l&rsquo;ensemble du r\u00e9seau dans l&rsquo;espaces ressources.<\/p>\n<p>&nbsp;<\/p>\n","protected":false},"excerpt":{"rendered":"<p>Pr\u00e8s de 18 participants sur les deux jours de cette formation, qui s&rsquo;est d\u00e9roul\u00e9e en octobre 2017 \u00e0 Montpellier. Gr\u00e2ce \u00e0 l&rsquo;appui du CNFPT, le stagiaires ont pu profiter des interventions sur deux journ\u00e9es d&rsquo;experts dans le domaine de l&rsquo;eau : organismes d&rsquo;\u00e9tat pour la r\u00e9glementation, laboratoire priv\u00e9e pour la lecture des analyses des polluants [&hellip;]<\/p>\n","protected":false},"author":1,"featured_media":5025,"comment_status":"open","ping_status":"open","sticky":false,"template":"","format":"standard","meta":{"footnotes":""},"categories":[7],"tags":[8,10],"class_list":["post-5022","post","type-post","status-publish","format-standard","has-post-thumbnail","hentry","category-captages-d-eauccitanie","tag-actualites-captages","tag-newsletters-captages"],"_links":{"self":[{"href":"https:\/\/www.fredonoccitanie.com\/captages\/wp-json\/wp\/v2\/posts\/5022","targetHints":{"allow":["GET"]}}],"collection":[{"href":"https:\/\/www.fredonoccitanie.com\/captages\/wp-json\/wp\/v2\/posts"}],"about":[{"href":"https:\/\/www.fredonoccitanie.com\/captages\/wp-json\/wp\/v2\/types\/post"}],"author":[{"embeddable":true,"href":"https:\/\/www.fredonoccitanie.com\/captages\/wp-json\/wp\/v2\/users\/1"}],"replies":[{"embeddable":true,"href":"https:\/\/www.fredonoccitanie.com\/captages\/wp-json\/wp\/v2\/comments?post=5022"}],"version-history":[{"count":0,"href":"https:\/\/www.fredonoccitanie.com\/captages\/wp-json\/wp\/v2\/posts\/5022\/revisions"}],"wp:featuredmedia":[{"embeddable":true,"href":"https:\/\/www.fredonoccitanie.com\/captages\/wp-json\/wp\/v2\/media\/5025"}],"wp:attachment":[{"href":"https:\/\/www.fredonoccitanie.com\/captages\/wp-json\/wp\/v2\/media?parent=5022"}],"wp:term":[{"taxonomy":"category","embeddable":true,"href":"https:\/\/www.fredonoccitanie.com\/captages\/wp-json\/wp\/v2\/categories?post=5022"},{"taxonomy":"post_tag","embeddable":true,"href":"https:\/\/www.fredonoccitanie.com\/captages\/wp-json\/wp\/v2\/tags?post=5022"}],"curies":[{"name":"wp","href":"https:\/\/api.w.org\/{rel}","templated":true}]}}