{"id":4810,"date":"2017-08-09T15:30:38","date_gmt":"2017-08-09T13:30:38","guid":{"rendered":"https:\/\/www.fredonoccitanie.com\/captageslr\/?p=4810"},"modified":"2017-08-09T15:30:38","modified_gmt":"2017-08-09T13:30:38","slug":"les-moocs-font-leur-rentree","status":"publish","type":"post","link":"https:\/\/www.fredonoccitanie.com\/captages\/2017\/08\/09\/les-moocs-font-leur-rentree\/","title":{"rendered":"Les MOOCS font leur rentr\u00e9e !"},"content":{"rendered":"<p>Rentr\u00e9e scolaire rime avec formation et apprentissage. Afin de monter en comp\u00e9tence sur certains sujets, voici une s\u00e9lection des meilleurs MOOC (Cours vid\u00e9os \u00e0 distance et QCM, 1 \u00e0 2h par semaine) de la rentr\u00e9e adapt\u00e9s aux profils de poste d&rsquo;animateur captages\u00a0 :<\/p>\n<p><a href=\"https:\/\/www.fun-mooc.fr\/courses\/course-v1:CNFPT+87005+session03\/about\">Les fondamentaux des march\u00e9s publics,<\/a> propos\u00e9 par le CNFPT, &gt; du 11 septembre au 22 octobre<\/p>\n<p><a href=\"https:\/\/www.fun-mooc.fr\/courses\/course-v1:grenoblealpes+92003+session4\/about\">Des rivi\u00e8res et des hommes : hydrologie, hydraulique et g\u00e9omorphologie <\/a>, propos\u00e9 par Universit\u00e9 Grenoble Alpes,\u00a0 &gt; du 03 octobre au 12 d\u00e9cembre<\/p>\n<p><a href=\"https:\/\/www.fun-mooc.fr\/courses\/course-v1:CNFPT+87006+session02\/about\">La participation du public dans le champ environnemental<\/a>, propos\u00e9 par le CNFPT, &gt; du 02 octobre au 19 novembre<\/p>\n<p><a href=\"https:\/\/www.fun-mooc.fr\/courses\/course-v1:uved+34007+session01\/about\">Ing\u00e9nierie \u00e9cologique,<\/a> Universit\u00e9 virtuelle environnement et d\u00e9veloppement durable,\u00a0 &gt; du 23-Octobre &#8211; 11 Decembre<\/p>\n<p><a href=\"https:\/\/www.coursera.org\/learn\/gestion-eau\">Gestion et politique de l&rsquo;eau<\/a> propos\u00e9 par l&rsquo;universit\u00e9 de Gen\u00e8ve, &gt; d\u00e9bute en Aout<\/p>\n","protected":false},"excerpt":{"rendered":"<p>Rentr\u00e9e scolaire rime avec formation et apprentissage. Afin de monter en comp\u00e9tence sur certains sujets, voici une s\u00e9lection des meilleurs MOOC (Cours vid\u00e9os \u00e0 distance et QCM, 1 \u00e0 2h par semaine) de la rentr\u00e9e adapt\u00e9s aux profils de poste d&rsquo;animateur captages\u00a0 : Les fondamentaux des march\u00e9s publics, propos\u00e9 par le CNFPT, &gt; du 11 [&hellip;]<\/p>\n","protected":false},"author":1,"featured_media":4811,"comment_status":"open","ping_status":"open","sticky":false,"template":"","format":"standard","meta":{"footnotes":""},"categories":[7],"tags":[8,10],"class_list":["post-4810","post","type-post","status-publish","format-standard","has-post-thumbnail","hentry","category-captages-d-eauccitanie","tag-actualites-captages","tag-newsletters-captages"],"_links":{"self":[{"href":"https:\/\/www.fredonoccitanie.com\/captages\/wp-json\/wp\/v2\/posts\/4810","targetHints":{"allow":["GET"]}}],"collection":[{"href":"https:\/\/www.fredonoccitanie.com\/captages\/wp-json\/wp\/v2\/posts"}],"about":[{"href":"https:\/\/www.fredonoccitanie.com\/captages\/wp-json\/wp\/v2\/types\/post"}],"author":[{"embeddable":true,"href":"https:\/\/www.fredonoccitanie.com\/captages\/wp-json\/wp\/v2\/users\/1"}],"replies":[{"embeddable":true,"href":"https:\/\/www.fredonoccitanie.com\/captages\/wp-json\/wp\/v2\/comments?post=4810"}],"version-history":[{"count":0,"href":"https:\/\/www.fredonoccitanie.com\/captages\/wp-json\/wp\/v2\/posts\/4810\/revisions"}],"wp:featuredmedia":[{"embeddable":true,"href":"https:\/\/www.fredonoccitanie.com\/captages\/wp-json\/wp\/v2\/media\/4811"}],"wp:attachment":[{"href":"https:\/\/www.fredonoccitanie.com\/captages\/wp-json\/wp\/v2\/media?parent=4810"}],"wp:term":[{"taxonomy":"category","embeddable":true,"href":"https:\/\/www.fredonoccitanie.com\/captages\/wp-json\/wp\/v2\/categories?post=4810"},{"taxonomy":"post_tag","embeddable":true,"href":"https:\/\/www.fredonoccitanie.com\/captages\/wp-json\/wp\/v2\/tags?post=4810"}],"curies":[{"name":"wp","href":"https:\/\/api.w.org\/{rel}","templated":true}]}}