{"id":4783,"date":"2017-07-21T15:24:58","date_gmt":"2017-07-21T13:24:58","guid":{"rendered":"https:\/\/www.fredonoccitanie.com\/captageslr\/?p=4783"},"modified":"2017-07-21T15:24:58","modified_gmt":"2017-07-21T13:24:58","slug":"lappel-a-projet-30-000","status":"publish","type":"post","link":"https:\/\/www.fredonoccitanie.com\/captages\/2017\/07\/21\/lappel-a-projet-30-000\/","title":{"rendered":"L&rsquo;appel \u00e0 projet des 30 000 !"},"content":{"rendered":"<p>\u00ab\u00a0Cet appel \u00e0 projets s\u2019inscrit dans le cadre de l\u2019<strong>action 4 du plan Ecophyto II <\/strong> qui a pour objectif national d<strong>\u2019accompagner 30.000 exploitations agricoles<\/strong> r\u00e9unies en collectifs dits \u00ab\u00a0groupes 30.000\u00a0\u00bb dans leur transition vers des syst\u00e8mes agro-\u00e9cologiques <strong>\u00e0 faible d\u00e9pendance en produits phytosanitaires.<\/strong><\/p>\n<p>L\u2019un des d\u00e9fis majeurs du plan Ecophyto II est de diffuser aupr\u00e8s du plus grand nombre d\u2019agriculteurs les techniques et syst\u00e8mes agronomiques \u00e9conomes et performants \u00e9prouv\u00e9s.<\/p>\n<p>L\u2019appel \u00e0 projets lanc\u00e9 sur le territoire de l\u2019Occitanie le 18 juillet 2017 a pour objectif est de favoriser l\u2019<strong>\u00e9mergence<\/strong> et l<strong>\u2019accompagnement de projets collectifs<\/strong> locaux, fond\u00e9s sur la diffusion et le<strong> transfert de pratiques<\/strong> alternatives ou innovantes \u00e9prouv\u00e9es au sein de r\u00e9seaux engag\u00e9s dans des d\u00e9marches reconnues de r\u00e9duction des produits phytosanitaires.<\/p>\n<p>Seront ainsi soutenus les<strong> projets visant \u00e0 constituer des groupes d\u2019agriculteurs <\/strong> souhaitant s\u2019engager dans une d\u00e9marche collective de transfert de pratiques performantes sur leurs exploitations, ainsi que l\u2019<strong>animation de groupes d\u00e9j\u00e0 constitu\u00e9s<\/strong>.<br \/>\nCet appel \u00e0 projets s\u2019articule avec d\u2019autres dispositifs d\u2019accompagnement de collectifs d\u2019agriculteurs s\u2019inscrivant dans une dynamique agro-\u00e9cologique, tels que les groupes DEPHY-FERME ou GIEE.\u00a0\u00bb <em>DRAAF Occitanie<\/em><\/p>\n<p><a href=\"http:\/\/draaf.occitanie.agriculture.gouv.fr\/L-Appel-a-Projets-Animation-30-000\">CANDIDATER<\/a><\/p>\n","protected":false},"excerpt":{"rendered":"<p>\u00ab\u00a0Cet appel \u00e0 projets s\u2019inscrit dans le cadre de l\u2019action 4 du plan Ecophyto II qui a pour objectif national d\u2019accompagner 30.000 exploitations agricoles r\u00e9unies en collectifs dits \u00ab\u00a0groupes 30.000\u00a0\u00bb dans leur transition vers des syst\u00e8mes agro-\u00e9cologiques \u00e0 faible d\u00e9pendance en produits phytosanitaires. L\u2019un des d\u00e9fis majeurs du plan Ecophyto II est de diffuser aupr\u00e8s [&hellip;]<\/p>\n","protected":false},"author":1,"featured_media":4785,"comment_status":"open","ping_status":"open","sticky":false,"template":"","format":"standard","meta":{"footnotes":""},"categories":[7],"tags":[8],"class_list":["post-4783","post","type-post","status-publish","format-standard","has-post-thumbnail","hentry","category-captages-d-eauccitanie","tag-actualites-captages"],"_links":{"self":[{"href":"https:\/\/www.fredonoccitanie.com\/captages\/wp-json\/wp\/v2\/posts\/4783","targetHints":{"allow":["GET"]}}],"collection":[{"href":"https:\/\/www.fredonoccitanie.com\/captages\/wp-json\/wp\/v2\/posts"}],"about":[{"href":"https:\/\/www.fredonoccitanie.com\/captages\/wp-json\/wp\/v2\/types\/post"}],"author":[{"embeddable":true,"href":"https:\/\/www.fredonoccitanie.com\/captages\/wp-json\/wp\/v2\/users\/1"}],"replies":[{"embeddable":true,"href":"https:\/\/www.fredonoccitanie.com\/captages\/wp-json\/wp\/v2\/comments?post=4783"}],"version-history":[{"count":0,"href":"https:\/\/www.fredonoccitanie.com\/captages\/wp-json\/wp\/v2\/posts\/4783\/revisions"}],"wp:featuredmedia":[{"embeddable":true,"href":"https:\/\/www.fredonoccitanie.com\/captages\/wp-json\/wp\/v2\/media\/4785"}],"wp:attachment":[{"href":"https:\/\/www.fredonoccitanie.com\/captages\/wp-json\/wp\/v2\/media?parent=4783"}],"wp:term":[{"taxonomy":"category","embeddable":true,"href":"https:\/\/www.fredonoccitanie.com\/captages\/wp-json\/wp\/v2\/categories?post=4783"},{"taxonomy":"post_tag","embeddable":true,"href":"https:\/\/www.fredonoccitanie.com\/captages\/wp-json\/wp\/v2\/tags?post=4783"}],"curies":[{"name":"wp","href":"https:\/\/api.w.org\/{rel}","templated":true}]}}