{"id":4528,"date":"2017-04-11T15:58:42","date_gmt":"2017-04-11T13:58:42","guid":{"rendered":"https:\/\/www.fredonoccitanie.com\/captageslr\/?p=4528"},"modified":"2021-12-15T09:24:02","modified_gmt":"2021-12-15T08:24:02","slug":"11-mai-a-montpellier-linra-organise-evenement-aires-de-captage","status":"publish","type":"post","link":"https:\/\/www.fredonoccitanie.com\/captages\/2017\/04\/11\/11-mai-a-montpellier-linra-organise-evenement-aires-de-captage\/","title":{"rendered":"11 Mai \u00e0 Montpellier, l&rsquo;INRA organise un \u00e9v\u00e8nement sur les aires de captage"},"content":{"rendered":"<p>L\u2019Inra organise un Carrefour de l\u2019Innovation Agronomique d\u00e9di\u00e9 aux aires de captages le <strong>11 mai 2017<\/strong>, \u00e0 Montpellier SupAgro et en partenariat avec l&rsquo;Agence Fran\u00e7aise de la Biodiversit\u00e9.<\/p>\n<p>L\u2019objectif est de mettre \u00e0 disposition des \u00e9lus et des professionnels agissant dans le contexte des aires d\u2019alimentation de captage, les r\u00e9sultats r\u00e9cents de la recherche sur l\u2019agronomie des territoires : sol, usage des sols, paysage, syst\u00e8mes agricoles. Les donn\u00e9es, outils et m\u00e9thodes disponibles pour accompagner les transitions, notamment du point de vue agronomique et socio-\u00e9conomique, seront pr\u00e9sent\u00e9s et illustr\u00e9s \u00e0 cette occasion.<br \/>\nCe colloque est destin\u00e9 \u00e0 l\u2019ensemble des acteurs impliqu\u00e9s dans la d\u00e9marche de protection d\u2019une aire d\u2019alimentation de captage : \u00e9lu, bureau d\u2019\u00e9tude, animateur d\u2019AAC, r\u00e9f\u00e9rent d\u2019ACC dans les collectivit\u00e9s territoriales.<\/p>\n<p><a href=\"http:\/\/www6.inra.fr\/ciag\/CIAg-Environnement\/Captages-d-eau-potable\">Acc\u00e9der au programme complet et s&rsquo;inscrire.<\/a><\/p>\n","protected":false},"excerpt":{"rendered":"<p>L\u2019Inra organise un Carrefour de l\u2019Innovation Agronomique d\u00e9di\u00e9 aux aires de captages le 11 mai 2017, \u00e0 Montpellier SupAgro et en partenariat avec l&rsquo;Agence Fran\u00e7aise de la Biodiversit\u00e9. L\u2019objectif est de mettre \u00e0 disposition des \u00e9lus et des professionnels agissant dans le contexte des aires d\u2019alimentation de captage, les r\u00e9sultats r\u00e9cents de la recherche sur [&hellip;]<\/p>\n","protected":false},"author":1,"featured_media":0,"comment_status":"open","ping_status":"open","sticky":false,"template":"","format":"standard","meta":{"footnotes":""},"categories":[3,7],"tags":[9],"class_list":["post-4528","post","type-post","status-publish","format-standard","hentry","category-agenda-captages","category-captages-d-eauccitanie","tag-agenda-captages"],"_links":{"self":[{"href":"https:\/\/www.fredonoccitanie.com\/captages\/wp-json\/wp\/v2\/posts\/4528","targetHints":{"allow":["GET"]}}],"collection":[{"href":"https:\/\/www.fredonoccitanie.com\/captages\/wp-json\/wp\/v2\/posts"}],"about":[{"href":"https:\/\/www.fredonoccitanie.com\/captages\/wp-json\/wp\/v2\/types\/post"}],"author":[{"embeddable":true,"href":"https:\/\/www.fredonoccitanie.com\/captages\/wp-json\/wp\/v2\/users\/1"}],"replies":[{"embeddable":true,"href":"https:\/\/www.fredonoccitanie.com\/captages\/wp-json\/wp\/v2\/comments?post=4528"}],"version-history":[{"count":1,"href":"https:\/\/www.fredonoccitanie.com\/captages\/wp-json\/wp\/v2\/posts\/4528\/revisions"}],"predecessor-version":[{"id":8913,"href":"https:\/\/www.fredonoccitanie.com\/captages\/wp-json\/wp\/v2\/posts\/4528\/revisions\/8913"}],"wp:attachment":[{"href":"https:\/\/www.fredonoccitanie.com\/captages\/wp-json\/wp\/v2\/media?parent=4528"}],"wp:term":[{"taxonomy":"category","embeddable":true,"href":"https:\/\/www.fredonoccitanie.com\/captages\/wp-json\/wp\/v2\/categories?post=4528"},{"taxonomy":"post_tag","embeddable":true,"href":"https:\/\/www.fredonoccitanie.com\/captages\/wp-json\/wp\/v2\/tags?post=4528"}],"curies":[{"name":"wp","href":"https:\/\/api.w.org\/{rel}","templated":true}]}}